{"id":4978,"date":"2026-03-14T08:14:02","date_gmt":"2026-03-14T07:14:02","guid":{"rendered":"https:\/\/snalc.org\/snalc2023\/?p=4978"},"modified":"2026-03-14T08:14:06","modified_gmt":"2026-03-14T07:14:06","slug":"referentiel-metier-des-directeurs-decole-compte-rendu-du-12-mars-2026","status":"publish","type":"post","link":"https:\/\/snalc.org\/snalc2023\/?p=4978","title":{"rendered":"R\u00e9f\u00e9rentiel m\u00e9tier des directeurs d\u2019\u00e9cole\u00a0 : compte rendu du 12 mars 2026"},"content":{"rendered":"\n<h2 class=\"wp-block-heading\">Groupe de travail minist\u00e9riel avec les organisations repr\u00e9sentatives<\/h2>\n\n\n\n<p>Compte rendu du SNALC du 12 mars 2026<\/p>\n\n\n\n<h5 class=\"wp-block-heading\">LE TH\u00c8ME<\/h5>\n\n\n\n<p>Deuxi\u00e8me groupe de travail sur le r\u00e9f\u00e9rentiel m\u00e9tier des directeurs d\u2019\u00e9cole.<\/p>\n\n\n\n<h5 class=\"wp-block-heading\">L\u2019ESSENTIEL<\/h5>\n\n\n\n<ul class=\"wp-block-list\">\n<li>Le minist\u00e8re a pr\u00e9sent\u00e9 un deuxi\u00e8me projet d\u2019actualisation du r\u00e9f\u00e9rentiel m\u00e9tier des directeurs d\u2019\u00e9cole.<\/li>\n\n\n\n<li>Les \u00e9valuations nationales et les \u00e9valuations d\u2019\u00e9cole constituent un des principaux axes de pilotage.<\/li>\n\n\n\n<li>Les limites de l\u2019autorit\u00e9 fonctionnelle restent encore \u00e0 pr\u00e9ciser pour \u00e9viter toute tension et toute d\u00e9rive.<\/li>\n<\/ul>\n\n\n\n<h5 class=\"wp-block-heading\">LE SNALC A INSIST\u00c9 SUR<\/h5>\n\n\n\n<ul class=\"wp-block-list\">\n<li>Son rejet du texte en l\u2019\u00e9tat\u00a0qui ajoute missions suppl\u00e9mentaires et responsabilit\u00e9s d\u2019un sup\u00e9rieur hi\u00e9rarchique.<\/li>\n\n\n\n<li>Son opposition aux \u00e9valuations nationales, aux \u00e9valuations d\u2019\u00e9cole et \u00e0 la place que ce projet de r\u00e9f\u00e9rentiel entend leur accorder.<\/li>\n\n\n\n<li>Le caract\u00e8re imp\u00e9ratif de mentionner d\u00e8s le pr\u00e9ambule l\u2019article L912-1-1 du Code de l\u2019\u00e9ducation, relatif \u00e0 la libert\u00e9 p\u00e9dagogique, car celle-ci est d\u00e9j\u00e0 actuellement mise \u00e0 mal par les r\u00e9sultats aux \u00e9valuations nationales.<\/li>\n\n\n\n<li>La n\u00e9cessaire mention r\u00e9currente du respect des ORS et de l\u2019avis du conseil des ma\u00eetres.<\/li>\n\n\n\n<li>Son opposition \u00e0 l\u2019accompagnement de l\u2019IEN dans la recherche de solutions de remplacement.<\/li>\n\n\n\n<li>Sa demande d\u2019un bilan minist\u00e9riel des actions et missions des r\u00e9f\u00e9rents direction d\u2019\u00e9cole sur le territoire, celles-ci pouvant \u00eatre diff\u00e9rentes d\u2019un d\u00e9partement \u00e0 l\u2019autre.<\/li>\n\n\n\n<li>L\u2019ajout de la mention du d\u00e9cret 2025-1260 du 22 d\u00e9cembre 2025 relatif aux <em>Faits \u00e9tablissement<\/em>.<\/li>\n\n\n\n<li>Les d\u00e9cisions d\u2019am\u00e9nagements d\u2019assiduit\u00e9 en petite section qui ne rel\u00e8vent toujours pas de la seule comp\u00e9tence du directeur d\u2018\u00e9cole.<\/li>\n<\/ul>\n\n\n\n<h5 class=\"wp-block-heading\">L\u2019AVIS DU SNALC<\/h5>\n\n\n\n<p>Si le SNALC a soulign\u00e9 que plusieurs modifications r\u00e9clam\u00e9es lors du pr\u00e9c\u00e9dent groupe de travail de mai 2025 avait \u00e9t\u00e9 prises en compte par le minist\u00e8re, cela reste insuffisant.<\/p>\n\n\n\n<p>L\u2019all\u00e9gement de t\u00e2ches tant attendu ne transparait pas au travers de ce projet de texte, bien au contraire. En revanche, ce r\u00e9f\u00e9rentiel transpire la pression du pilotage p\u00e9dagogique par l\u2019\u00e9valuation : \u00e9valuations nationales pour tous les niveaux de classe et divulgation des r\u00e9sultats lors des conseils d\u2019\u00e9cole&nbsp;; \u00e9valuations d\u2019\u00e9cole&nbsp;; \u00e9valuation de la fonction de direction\u2026 Les directeurs et directrices d\u2019\u00e9cole ont le sentiment d\u2019un pilotage p\u00e9dagogique par la donn\u00e9e num\u00e9rique, qui exige d\u2019eux toujours plus d\u2019ajustements, de diagnostics, de retours, de \u00ab&nbsp;strat\u00e9gies p\u00e9dagogiques&nbsp;\u00bb \u2026<\/p>\n\n\n\n<p>Le SNALC a d\u00e9nonc\u00e9 la r\u00e9f\u00e9rence aux PAS et non aux PIAL qui pose plus que question dans ce texte, n\u2019en d\u00e9plaise au minist\u00e8re. En effet, les PAS n\u2019ont toujours pas d\u2019existence l\u00e9gale et aucun bilan n\u2019a \u00e9t\u00e9 fait des premi\u00e8res exp\u00e9rimentations.<\/p>\n\n\n\n<p>Enfin, on ne peut pas exiger que le directeur soit le \u00ab&nbsp;garant&nbsp;\u00bb de tout&nbsp;: du fonctionnement de l\u2019\u00e9cole, du respect de la r\u00e9glementation, du climat scolaire, des bonnes relations avec les partenaires, etc., etc. Ses missions telles qu\u2019elles transparaissent dans ce texte sont lourdes, et sans aucune aide humaine form\u00e9e et p\u00e9renne. Pour le SNALC, imposer aux directeurs et directrices d\u2019\u00e9cole des responsabilit\u00e9s relevant d\u2019un chef d\u2019\u00e9tablissement du second degr\u00e9, est inacceptable.<\/p>\n\n\n\n<p><a href=\"https:\/\/snalc.forms.app\/contact-1d\">Contact premier degr\u00e9<\/a><\/p>\n","protected":false},"excerpt":{"rendered":"<p>Groupe de travail minist\u00e9riel avec les organisations repr\u00e9sentatives Compte rendu du SNALC du 12 mars 2026 LE TH\u00c8ME Deuxi\u00e8me groupe de travail sur le r\u00e9f\u00e9rentiel m\u00e9tier des directeurs d\u2019\u00e9cole. L\u2019ESSENTIEL [&hellip;]<\/p>\n","protected":false},"author":1,"featured_media":0,"comment_status":"closed","ping_status":"closed","sticky":false,"template":"","format":"standard","meta":{"_lmt_disableupdate":"","_lmt_disable":"","site-sidebar-layout":"default","site-content-layout":"","ast-site-content-layout":"default","site-content-style":"default","site-sidebar-style":"default","ast-global-header-display":"","ast-banner-title-visibility":"","ast-main-header-display":"","ast-hfb-above-header-display":"","ast-hfb-below-header-display":"","ast-hfb-mobile-header-display":"","site-post-title":"","ast-breadcrumbs-content":"","ast-featured-img":"","footer-sml-layout":"","ast-disable-related-posts":"","theme-transparent-header-meta":"","adv-header-id-meta":"","stick-header-meta":"","header-above-stick-meta":"","header-main-stick-meta":"","header-below-stick-meta":"","astra-migrate-meta-layouts":"set","ast-page-background-enabled":"default","ast-page-background-meta":{"desktop":{"background-color":"var(--ast-global-color-4)","background-image":"","background-repeat":"repeat","background-position":"center center","background-size":"auto","background-attachment":"scroll","background-type":"","background-media":"","overlay-type":"","overlay-color":"","overlay-opacity":"","overlay-gradient":""},"tablet":{"background-color":"","background-image":"","background-repeat":"repeat","background-position":"center center","background-size":"auto","background-attachment":"scroll","background-type":"","background-media":"","overlay-type":"","overlay-color":"","overlay-opacity":"","overlay-gradient":""},"mobile":{"background-color":"","background-image":"","background-repeat":"repeat","background-position":"center center","background-size":"auto","background-attachment":"scroll","background-type":"","background-media":"","overlay-type":"","overlay-color":"","overlay-opacity":"","overlay-gradient":""}},"ast-content-background-meta":{"desktop":{"background-color":"var(--ast-global-color-5)","background-image":"","background-repeat":"repeat","background-position":"center center","background-size":"auto","background-attachment":"scroll","background-type":"","background-media":"","overlay-type":"","overlay-color":"","overlay-opacity":"","overlay-gradient":""},"tablet":{"background-color":"var(--ast-global-color-5)","background-image":"","background-repeat":"repeat","background-position":"center center","background-size":"auto","background-attachment":"scroll","background-type":"","background-media":"","overlay-type":"","overlay-color":"","overlay-opacity":"","overlay-gradient":""},"mobile":{"background-color":"var(--ast-global-color-5)","background-image":"","background-repeat":"repeat","background-position":"center center","background-size":"auto","background-attachment":"scroll","background-type":"","background-media":"","overlay-type":"","overlay-color":"","overlay-opacity":"","overlay-gradient":""}},"footnotes":""},"categories":[42,23],"tags":[],"class_list":["post-4978","post","type-post","status-publish","format-standard","hentry","category-actualites-2025-2026","category-professeurs-1er-degre"],"modified_by":"slecourtier","_links":{"self":[{"href":"https:\/\/snalc.org\/snalc2023\/index.php?rest_route=\/wp\/v2\/posts\/4978","targetHints":{"allow":["GET"]}}],"collection":[{"href":"https:\/\/snalc.org\/snalc2023\/index.php?rest_route=\/wp\/v2\/posts"}],"about":[{"href":"https:\/\/snalc.org\/snalc2023\/index.php?rest_route=\/wp\/v2\/types\/post"}],"author":[{"embeddable":true,"href":"https:\/\/snalc.org\/snalc2023\/index.php?rest_route=\/wp\/v2\/users\/1"}],"replies":[{"embeddable":true,"href":"https:\/\/snalc.org\/snalc2023\/index.php?rest_route=%2Fwp%2Fv2%2Fcomments&post=4978"}],"version-history":[{"count":1,"href":"https:\/\/snalc.org\/snalc2023\/index.php?rest_route=\/wp\/v2\/posts\/4978\/revisions"}],"predecessor-version":[{"id":4979,"href":"https:\/\/snalc.org\/snalc2023\/index.php?rest_route=\/wp\/v2\/posts\/4978\/revisions\/4979"}],"wp:attachment":[{"href":"https:\/\/snalc.org\/snalc2023\/index.php?rest_route=%2Fwp%2Fv2%2Fmedia&parent=4978"}],"wp:term":[{"taxonomy":"category","embeddable":true,"href":"https:\/\/snalc.org\/snalc2023\/index.php?rest_route=%2Fwp%2Fv2%2Fcategories&post=4978"},{"taxonomy":"post_tag","embeddable":true,"href":"https:\/\/snalc.org\/snalc2023\/index.php?rest_route=%2Fwp%2Fv2%2Ftags&post=4978"}],"curies":[{"name":"wp","href":"https:\/\/api.w.org\/{rel}","templated":true}]}}