{"id":4984,"date":"2026-03-14T08:18:13","date_gmt":"2026-03-14T07:18:13","guid":{"rendered":"https:\/\/snalc.org\/snalc2023\/?p=4984"},"modified":"2026-03-14T08:18:15","modified_gmt":"2026-03-14T07:18:15","slug":"quinzaine-universitaire-n1511","status":"publish","type":"post","link":"https:\/\/snalc.org\/snalc2023\/?p=4984","title":{"rendered":"QUINZAINE UNIVERSITAIRE n\u00b01511"},"content":{"rendered":"\n<figure class=\"wp-block-image\"><img decoding=\"async\" src=\"https:\/\/snalc.fr\/wp-content\/uploads\/QU1511.jpg\" alt=\"\" class=\"wp-image-64547\"\/><\/figure>\n\n\n\n<p><strong>\u00c9DITO : <\/strong><a href=\"https:\/\/snalc.fr\/etre-mal-paye-nest-pas-une-fatalite\/\"><strong>\u00caTRE MAL PAY\u00c9 N\u2019EST PAS UNE FATALIT\u00c9<\/strong><\/a><\/p>\n\n\n\n<figure class=\"wp-block-image\"><img decoding=\"async\" src=\"https:\/\/snalc.fr\/wp-content\/uploads\/elementor\/thumbs\/SNALC-congres-Strasbourg-mai-2023-Photo-Philippe-Sautier-3-e1686317689865-qfu77nw4qlxwj5dktm23kiay8chujy1r6wng15ek0o.jpg\" alt=\"SNALC congres Strasbourg mai 2023 - Photo Philippe Sautier (3)\" title=\"SNALC congres Strasbourg mai 2023 \u2013 Photo Philippe Sautier (3)\"\/><\/figure>\n\n\n\n<p>Jean-R\u00e9mi Girard<br>Pr\u00e9sident du SNALC<\/p>\n\n\n\n<p><strong>Le SNALC a depuis longtemps \u00e9t\u00e9 lanceur d\u2019alerte sur la question de l\u2019attractivit\u00e9 de nos m\u00e9tiers. Au d\u00e9but regard\u00e9e par les uns et les autres avec une certaine condescendance m\u00e2tin\u00e9e de \u00ab&nbsp;plus beau m\u00e9tier du monde&nbsp;\u00bb et de \u00ab&nbsp;toujours en vacances&nbsp;\u00bb, notre organisation est d\u00e9sormais prise au s\u00e9rieux. Le travail de fond que nous menons a eu des r\u00e9percussions r\u00e9elles dans l\u2019opinion publique et les m\u00e9dias, notamment.<\/strong><\/p>\n\n\n\n<p>Pour autant, tout ou presque reste \u00e0 faire. Car cette question d\u2019attractivit\u00e9 des m\u00e9tiers est bien vite rel\u00e9gu\u00e9e au second plan d\u00e8s qu\u2019il s\u2019agit de nous assigner une mission suppl\u00e9mentaire, de lancer un grand d\u00e9bat de soci\u00e9t\u00e9 sur l\u2019\u00c9cole ou de changer pour la 47<sup>e<\/sup> fois nos programmes, l\u00e0 o\u00f9 des ajustements auraient tr\u00e8s certainement suffi.&nbsp; [<a href=\"https:\/\/snalc.fr\/etre-mal-paye-nest-pas-une-fatalite\/\"><strong>Lire la suite<\/strong><\/a>]<\/p>\n\n\n\n<p><strong>DOSSIER DU MOIS :&nbsp;<\/strong><a href=\"https:\/\/snalc.fr\/sante-et-prevoyance-tout-savoir-sur-la-reforme\/\"><strong>SANT\u00c9 ET PR\u00c9VOYANCE : TOUT SAVOIR SUR LA R\u00c9FORME<\/strong><\/a><\/p>\n\n\n\n<p>04 | <a href=\"https:\/\/snalc.fr\/sante-et-prevoyance-tout-savoir-sur-la-reforme\/#regime\">R\u00e9gime collectif de PSC : un changement de paradigme<\/a><br>05 | <a href=\"https:\/\/snalc.fr\/sante-et-prevoyance-tout-savoir-sur-la-reforme\/#contexte\">Contexte et historique du contrat collectif<\/a><br>06 | <a href=\"https:\/\/snalc.fr\/sante-et-prevoyance-tout-savoir-sur-la-reforme\/#deploiement\">D\u00e9ploiement du r\u00e9gime PSC en sant\u00e9<\/a><br>06 | <a href=\"https:\/\/snalc.fr\/sante-et-prevoyance-tout-savoir-sur-la-reforme\/#fonds\">Fonds d\u2019accompagnement social : quelles prestations ?<\/a><br>07 | <a href=\"https:\/\/snalc.fr\/sante-et-prevoyance-tout-savoir-sur-la-reforme\/#prevoyance\">Et le contrat facultatif en pr\u00e9voyance ?<\/a><br>08 | <a href=\"https:\/\/snalc.fr\/sante-et-prevoyance-tout-savoir-sur-la-reforme\/#invalidite\">Zoom sur la r\u00e9forme de l\u2019invalidit\u00e9<\/a><\/p>\n\n\n\n<p><strong>CONDITIONS DE TRAVAIL<\/strong><\/p>\n\n\n\n<p>09 | <a href=\"https:\/\/snalc.fr\/des-chiffres-et-des-lettres\/\">Des chiffres et des lettres<\/a><br>09 | <a href=\"https:\/\/snalc.fr\/proces-en-appel-samuel-paty-la-honte\/\">Proc\u00e8s en appel suite \u00e0 l\u2019assassinat de Samuel Paty : la honte<\/a><\/p>\n\n\n\n<p><strong>LES PERSONNELS<\/strong><\/p>\n\n\n\n<p>10 | <a href=\"https:\/\/snalc.fr\/ne-loubliez-pas\/\">Ne l\u2019oubliez pas !<\/a><br>10 | <a href=\"https:\/\/snalc.fr\/rupture-conventionnelle-pour-les-fonctionnaires-aussi\/\">Rupture conventionnelle, pour les fonctionnaires aussi<\/a><br>11 | <a href=\"https:\/\/snalc.fr\/filiere-bibliotheques-concours-de-recrutement-2026\/\">Fili\u00e8re biblioth\u00e8ques : concours de recrutement 2026<\/a><br>11 | <a href=\"https:\/\/snalc.fr\/examen-pro-technicien-classe-sup-dossier\/\">Examen professionnel de technicien de classe sup\u00e9rieure : pourquoi anticiper son dossier ?<\/a><br>12 | <a href=\"https:\/\/snalc.fr\/decret-2026-89-coherence\/\">D\u00e9cret 2026-89 : juste un peu plus de coh\u00e9rence dans le versement des primes<\/a><\/p>\n\n\n\n<p><strong>SYST\u00c8ME \u00c9DUCATIF<\/strong><\/p>\n\n\n\n<p>12 | <a href=\"https:\/\/snalc.fr\/le-concours-nouveau-est-arrive\/\">Le concours nouveau est arriv\u00e9<\/a><br>13 | <a href=\"https:\/\/snalc.fr\/colleges-en-progres-la-liberte-pedagogique-menacee\/\">Coll\u00e8ges en progr\u00e8s : la libert\u00e9 p\u00e9dagogique menac\u00e9e ?<\/a><br>13 | <a href=\"https:\/\/snalc.fr\/clemi-des-ressources-remarquables-pour-former-lesprit-critique\/\">CLEMI : des ressources remarquables pour former l\u2019esprit critique<\/a><\/p>\n\n\n\n<p><a href=\"https:\/\/snalc.fr\/wp-content\/uploads\/QU1511.pdf\">T\u00e9l\u00e9charger la revue en PDF<\/a><\/p>\n\n\n\n<figure class=\"wp-block-image\"><img decoding=\"async\" src=\"https:\/\/snalc.fr\/wp-content\/uploads\/QU1511-1D-722x1024.jpg\" alt=\"\" class=\"wp-image-64549\"\/><\/figure>\n\n\n\n<p><em><strong>Afin d\u2019\u00eatre au plus pr\u00e8s de vos attentes et de vous informer au mieux, la revue du SNALC a \u00e9volu\u00e9 d\u00e8s cette rentr\u00e9e, avec d\u00e9sormais deux num\u00e9ros mensuels au lieu d\u2019un : l\u2019un centr\u00e9 sur le second degr\u00e9 et le sup\u00e9rieur, et le second sur les probl\u00e9matiques sp\u00e9cifiques de l\u2019\u00e9cole primaire.<\/strong><\/em><\/p>\n\n\n\n<p><a href=\"https:\/\/snalc.fr\/quinzaine-universitaire-n1511-1d\/\">D\u00e9couvrir la revue premier degr\u00e9<\/a><\/p>\n\n\n\n<figure class=\"wp-block-embed\"><div class=\"wp-block-embed__wrapper\">\nhttps:\/\/snalc.fr\/mouvement-intra-2026\/embed\/#?secret=EBc5YJVblL#?secret=iSfh3KrFeo\n<\/div><\/figure>\n\n\n\n<figure class=\"wp-block-image\"><img decoding=\"async\" src=\"https:\/\/snalc.fr\/wp-content\/uploads\/QU1510-INTRA-721x1024.jpg\" alt=\"\" class=\"wp-image-63663\"\/><\/figure>\n\n\n\n<p><a href=\"https:\/\/snalc.fr\/wp-content\/uploads\/QU1510-INTRA.pdf\" target=\"_blank\" rel=\"noreferrer noopener\"><\/a><\/p>\n\n\n\n<p><a href=\"https:\/\/snalc.fr\/wp-content\/uploads\/QU1510-INTRA.pdf\" target=\"_blank\" rel=\"noreferrer noopener\">T\u00e9l\u00e9charger<\/a><\/p>\n\n\n\n<p><a href=\"https:\/\/snalc.fr\/contact\/\" target=\"_blank\" rel=\"noreferrer noopener\">Nous \u00e9crire<\/a><\/p>\n","protected":false},"excerpt":{"rendered":"<p>\u00c9DITO : \u00caTRE MAL PAY\u00c9 N\u2019EST PAS UNE FATALIT\u00c9 Jean-R\u00e9mi GirardPr\u00e9sident du SNALC Le SNALC a depuis longtemps \u00e9t\u00e9 lanceur d\u2019alerte sur la question de l\u2019attractivit\u00e9 de nos m\u00e9tiers. Au [&hellip;]<\/p>\n","protected":false},"author":1,"featured_media":0,"comment_status":"closed","ping_status":"closed","sticky":false,"template":"","format":"standard","meta":{"_lmt_disableupdate":"","_lmt_disable":"","site-sidebar-layout":"default","site-content-layout":"","ast-site-content-layout":"default","site-content-style":"default","site-sidebar-style":"default","ast-global-header-display":"","ast-banner-title-visibility":"","ast-main-header-display":"","ast-hfb-above-header-display":"","ast-hfb-below-header-display":"","ast-hfb-mobile-header-display":"","site-post-title":"","ast-breadcrumbs-content":"","ast-featured-img":"","footer-sml-layout":"","ast-disable-related-posts":"","theme-transparent-header-meta":"","adv-header-id-meta":"","stick-header-meta":"","header-above-stick-meta":"","header-main-stick-meta":"","header-below-stick-meta":"","astra-migrate-meta-layouts":"set","ast-page-background-enabled":"default","ast-page-background-meta":{"desktop":{"background-color":"var(--ast-global-color-4)","background-image":"","background-repeat":"repeat","background-position":"center center","background-size":"auto","background-attachment":"scroll","background-type":"","background-media":"","overlay-type":"","overlay-color":"","overlay-opacity":"","overlay-gradient":""},"tablet":{"background-color":"","background-image":"","background-repeat":"repeat","background-position":"center center","background-size":"auto","background-attachment":"scroll","background-type":"","background-media":"","overlay-type":"","overlay-color":"","overlay-opacity":"","overlay-gradient":""},"mobile":{"background-color":"","background-image":"","background-repeat":"repeat","background-position":"center center","background-size":"auto","background-attachment":"scroll","background-type":"","background-media":"","overlay-type":"","overlay-color":"","overlay-opacity":"","overlay-gradient":""}},"ast-content-background-meta":{"desktop":{"background-color":"var(--ast-global-color-5)","background-image":"","background-repeat":"repeat","background-position":"center center","background-size":"auto","background-attachment":"scroll","background-type":"","background-media":"","overlay-type":"","overlay-color":"","overlay-opacity":"","overlay-gradient":""},"tablet":{"background-color":"var(--ast-global-color-5)","background-image":"","background-repeat":"repeat","background-position":"center center","background-size":"auto","background-attachment":"scroll","background-type":"","background-media":"","overlay-type":"","overlay-color":"","overlay-opacity":"","overlay-gradient":""},"mobile":{"background-color":"var(--ast-global-color-5)","background-image":"","background-repeat":"repeat","background-position":"center center","background-size":"auto","background-attachment":"scroll","background-type":"","background-media":"","overlay-type":"","overlay-color":"","overlay-opacity":"","overlay-gradient":""}},"footnotes":""},"categories":[42,37],"tags":[],"class_list":["post-4984","post","type-post","status-publish","format-standard","hentry","category-actualites-2025-2026","category-qu"],"modified_by":"slecourtier","_links":{"self":[{"href":"https:\/\/snalc.org\/snalc2023\/index.php?rest_route=\/wp\/v2\/posts\/4984","targetHints":{"allow":["GET"]}}],"collection":[{"href":"https:\/\/snalc.org\/snalc2023\/index.php?rest_route=\/wp\/v2\/posts"}],"about":[{"href":"https:\/\/snalc.org\/snalc2023\/index.php?rest_route=\/wp\/v2\/types\/post"}],"author":[{"embeddable":true,"href":"https:\/\/snalc.org\/snalc2023\/index.php?rest_route=\/wp\/v2\/users\/1"}],"replies":[{"embeddable":true,"href":"https:\/\/snalc.org\/snalc2023\/index.php?rest_route=%2Fwp%2Fv2%2Fcomments&post=4984"}],"version-history":[{"count":1,"href":"https:\/\/snalc.org\/snalc2023\/index.php?rest_route=\/wp\/v2\/posts\/4984\/revisions"}],"predecessor-version":[{"id":4985,"href":"https:\/\/snalc.org\/snalc2023\/index.php?rest_route=\/wp\/v2\/posts\/4984\/revisions\/4985"}],"wp:attachment":[{"href":"https:\/\/snalc.org\/snalc2023\/index.php?rest_route=%2Fwp%2Fv2%2Fmedia&parent=4984"}],"wp:term":[{"taxonomy":"category","embeddable":true,"href":"https:\/\/snalc.org\/snalc2023\/index.php?rest_route=%2Fwp%2Fv2%2Fcategories&post=4984"},{"taxonomy":"post_tag","embeddable":true,"href":"https:\/\/snalc.org\/snalc2023\/index.php?rest_route=%2Fwp%2Fv2%2Ftags&post=4984"}],"curies":[{"name":"wp","href":"https:\/\/api.w.org\/{rel}","templated":true}]}}