{"id":5073,"date":"2026-04-12T08:35:49","date_gmt":"2026-04-12T06:35:49","guid":{"rendered":"https:\/\/snalc.org\/snalc2023\/?p=5073"},"modified":"2026-04-12T08:35:52","modified_gmt":"2026-04-12T06:35:52","slug":"quinzaine-universitaire-n1512-ecole","status":"publish","type":"post","link":"https:\/\/snalc.org\/snalc2023\/?p=5073","title":{"rendered":"QUINZAINE UNIVERSITAIRE n\u00b01512 \u2013 \u00e9cole"},"content":{"rendered":"\n<figure class=\"wp-block-image\"><img decoding=\"async\" src=\"https:\/\/snalc.fr\/wp-content\/uploads\/QU1512-1D.jpg\" alt=\"\" class=\"wp-image-65002\"\/><\/figure>\n\n\n\n<p><strong>\u00c9DITO :<a href=\"https:\/\/snalc.fr\/ecole-inclusive-stop-a-la-souffrance\/\"> \u00c9COLE INCLUSIVE&nbsp;: STOP \u00c0 LA SOUFFRANCE&nbsp;!<\/a><\/strong><\/p>\n\n\n\n<figure class=\"wp-block-image\"><img decoding=\"async\" src=\"https:\/\/snalc.fr\/wp-content\/uploads\/elementor\/thumbs\/SNALC-congres-Strasbourg-mai-2023-Photo-Philippe-Sautier-3-e1686317689865-qfu77nw4qlxwj5dktm23kiay8chujy1r6wng15ek0o.jpg\" alt=\"SNALC congres Strasbourg mai 2023 - Photo Philippe Sautier (3)\" title=\"SNALC congres Strasbourg mai 2023 \u2013 Photo Philippe Sautier (3)\"\/><\/figure>\n\n\n\n<p>J-R\u00e9mi Girard<br>Pr\u00e9sident du SNALC<\/p>\n\n\n\n<p><strong>L\u2019\u00c9cole inclusive s\u2019est transform\u00e9e en v\u00e9ritable fuite en avant.<\/strong><\/p>\n\n\n\n<p>Aujourd\u2019hui, les conditions de mise en \u0153uvre remettent en cause les contours, mais aussi le principe-m\u00eame de l\u2019\u00c9cole inclusive. On ne sait plus o\u00f9 elle s\u2019arr\u00eate, ni m\u00eame si elle s\u2019arr\u00eate, s\u2019il existera \u00e0 terme des enfants \u00ab non inclus \u00bb. Les PAP peuvent d\u00e9sormais \u00eatre d\u00e9cid\u00e9s sans avis m\u00e9dical, \u00e0 la demande, et l\u2019on met en place des adaptations qui ne reposent sur rien d\u2019autre que l\u2019observation d\u2019un comportement ou l\u2019acharnement de la famille \u00e0 les obtenir. Ce n\u2019est pas seulement le SNALC qui le dit : c\u2019est le ministre lui-m\u00eame qui l\u2019a reconnu lors de notre derni\u00e8re rencontre. L\u2019\u00c9cole inclusive est en train de dissoudre le handicap dans la terminologie floue des \u00ab \u00e9l\u00e8ves \u00e0 besoins \u00e9ducatifs particuliers \u00bb, \u00e9parpillant un peu plus des moyens mat\u00e9riels et humains d\u00e9j\u00e0 insuffisants. [<a href=\"https:\/\/snalc.fr\/ecole-inclusive-stop-a-la-souffrance\/\"><strong>Lire la suite<\/strong><\/a>]<\/p>\n\n\n\n<p><strong>SOMMAIRE<\/strong><\/p>\n\n\n\n<p>04 | <a href=\"https:\/\/snalc.fr\/haute-tension\/\">Haute tension<\/a><br>05 | <a href=\"https:\/\/snalc.fr\/salaires-des-pe-le-grand-tassement\/\">Salaires des PE : le grand tassement<\/a><br>06 | <a href=\"https:\/\/snalc.fr\/avancements-de-grade-seules-garanties-dune-evolution-salariale\/\">Avancements de grade : seules garanties d\u2019une \u00e9volution salariale ?<\/a><br>06 | <a href=\"https:\/\/snalc.fr\/avancement-de-carriere-quelles-accelerations-possibles\/\">Avancement de carri\u00e8re : quelles acc\u00e9l\u00e9rations possibles ?<\/a><br>07 | <a href=\"https:\/\/snalc.fr\/cfp-majoration-possible-pour-les-personnels-en-situation-de-handicap\/\">CFP : majoration possible pour les personnels en situation de handicap<\/a><br>07 | <a href=\"https:\/\/snalc.fr\/le-citis-en-pratique\/\">Le CITIS en pratique<\/a><br>08 | <a href=\"https:\/\/snalc.fr\/ensap\/\">D\u00e9couvrir l\u2019ENSAP, votre espace personnel et s\u00e9curis\u00e9<\/a><br>09 | <a href=\"https:\/\/snalc.fr\/sft-declarations-et-delais-faites-valoir-vos-droits\/\">SFT : d\u00e9clarations et d\u00e9lais, faites valoir vos droits !<\/a><br>09 | <a href=\"https:\/\/snalc.fr\/ne-loubliez-pas\/\">Ne l\u2019oubliez pas !<\/a><br>10 | <a href=\"https:\/\/snalc.fr\/une-ecole-a-reconstruire-insecurite\/\">Une \u00e9cole \u00e0 reconstruire : Ins\u00e9curit\u00e9<\/a><\/p>\n\n\n\n<p><a href=\"https:\/\/snalc.fr\/wp-content\/uploads\/QU1512-1D.pdf\">T\u00e9l\u00e9charger la revue en PDF<\/a><\/p>\n\n\n\n<figure class=\"wp-block-image\"><img decoding=\"async\" src=\"https:\/\/snalc.fr\/wp-content\/uploads\/QU1512-723x1024.jpg\" alt=\"\" class=\"wp-image-65000\"\/><\/figure>\n\n\n\n<p><em><strong>Afin d\u2019\u00eatre au plus pr\u00e8s de vos attentes <\/strong><strong>et de vous informer au mieux, la revue du SNALC a <\/strong><strong>\u00e9volu\u00e9 d\u00e8s cette rentr\u00e9e, avec d\u00e9sormais <\/strong><strong>deux num\u00e9ros mensuels au lieu d\u2019un : <\/strong><strong>l\u2019un centr\u00e9 sur le second degr\u00e9 et le sup\u00e9rieur, <\/strong><strong>et le second sur les probl\u00e9matiques <\/strong><strong>sp\u00e9cifiques de l\u2019\u00e9cole primaire.<\/strong><\/em><\/p>\n\n\n\n<p><a href=\"https:\/\/snalc.fr\/quinzaine-universitaire-n1512\/\">D\u00e9couvrir la revue Second degr\u00e9 &amp; Sup\u00e9rieur<\/a><\/p>\n\n\n\n<figure class=\"wp-block-embed\"><div class=\"wp-block-embed__wrapper\">\nhttps:\/\/snalc.fr\/rythmes-scolaires-enquete\/embed\/#?secret=UF8zNn8zPH#?secret=oVt1VRYBGi\n<\/div><\/figure>\n\n\n\n<p><a href=\"https:\/\/snalc.fr\/contact\/\" target=\"_blank\" rel=\"noreferrer noopener\">Nous \u00e9crire<\/a><\/p>\n","protected":false},"excerpt":{"rendered":"<p>\u00c9DITO : \u00c9COLE INCLUSIVE&nbsp;: STOP \u00c0 LA SOUFFRANCE&nbsp;! J-R\u00e9mi GirardPr\u00e9sident du SNALC L\u2019\u00c9cole inclusive s\u2019est transform\u00e9e en v\u00e9ritable fuite en avant. Aujourd\u2019hui, les conditions de mise en \u0153uvre remettent en [&hellip;]<\/p>\n","protected":false},"author":1,"featured_media":0,"comment_status":"closed","ping_status":"closed","sticky":false,"template":"","format":"standard","meta":{"_lmt_disableupdate":"","_lmt_disable":"","site-sidebar-layout":"default","site-content-layout":"","ast-site-content-layout":"default","site-content-style":"default","site-sidebar-style":"default","ast-global-header-display":"","ast-banner-title-visibility":"","ast-main-header-display":"","ast-hfb-above-header-display":"","ast-hfb-below-header-display":"","ast-hfb-mobile-header-display":"","site-post-title":"","ast-breadcrumbs-content":"","ast-featured-img":"","footer-sml-layout":"","ast-disable-related-posts":"","theme-transparent-header-meta":"","adv-header-id-meta":"","stick-header-meta":"","header-above-stick-meta":"","header-main-stick-meta":"","header-below-stick-meta":"","astra-migrate-meta-layouts":"set","ast-page-background-enabled":"default","ast-page-background-meta":{"desktop":{"background-color":"var(--ast-global-color-4)","background-image":"","background-repeat":"repeat","background-position":"center center","background-size":"auto","background-attachment":"scroll","background-type":"","background-media":"","overlay-type":"","overlay-color":"","overlay-opacity":"","overlay-gradient":""},"tablet":{"background-color":"","background-image":"","background-repeat":"repeat","background-position":"center center","background-size":"auto","background-attachment":"scroll","background-type":"","background-media":"","overlay-type":"","overlay-color":"","overlay-opacity":"","overlay-gradient":""},"mobile":{"background-color":"","background-image":"","background-repeat":"repeat","background-position":"center center","background-size":"auto","background-attachment":"scroll","background-type":"","background-media":"","overlay-type":"","overlay-color":"","overlay-opacity":"","overlay-gradient":""}},"ast-content-background-meta":{"desktop":{"background-color":"var(--ast-global-color-5)","background-image":"","background-repeat":"repeat","background-position":"center center","background-size":"auto","background-attachment":"scroll","background-type":"","background-media":"","overlay-type":"","overlay-color":"","overlay-opacity":"","overlay-gradient":""},"tablet":{"background-color":"var(--ast-global-color-5)","background-image":"","background-repeat":"repeat","background-position":"center center","background-size":"auto","background-attachment":"scroll","background-type":"","background-media":"","overlay-type":"","overlay-color":"","overlay-opacity":"","overlay-gradient":""},"mobile":{"background-color":"var(--ast-global-color-5)","background-image":"","background-repeat":"repeat","background-position":"center center","background-size":"auto","background-attachment":"scroll","background-type":"","background-media":"","overlay-type":"","overlay-color":"","overlay-opacity":"","overlay-gradient":""}},"footnotes":""},"categories":[42,23,37],"tags":[],"class_list":["post-5073","post","type-post","status-publish","format-standard","hentry","category-actualites-2025-2026","category-professeurs-1er-degre","category-qu"],"modified_by":"slecourtier","_links":{"self":[{"href":"https:\/\/snalc.org\/snalc2023\/index.php?rest_route=\/wp\/v2\/posts\/5073","targetHints":{"allow":["GET"]}}],"collection":[{"href":"https:\/\/snalc.org\/snalc2023\/index.php?rest_route=\/wp\/v2\/posts"}],"about":[{"href":"https:\/\/snalc.org\/snalc2023\/index.php?rest_route=\/wp\/v2\/types\/post"}],"author":[{"embeddable":true,"href":"https:\/\/snalc.org\/snalc2023\/index.php?rest_route=\/wp\/v2\/users\/1"}],"replies":[{"embeddable":true,"href":"https:\/\/snalc.org\/snalc2023\/index.php?rest_route=%2Fwp%2Fv2%2Fcomments&post=5073"}],"version-history":[{"count":1,"href":"https:\/\/snalc.org\/snalc2023\/index.php?rest_route=\/wp\/v2\/posts\/5073\/revisions"}],"predecessor-version":[{"id":5074,"href":"https:\/\/snalc.org\/snalc2023\/index.php?rest_route=\/wp\/v2\/posts\/5073\/revisions\/5074"}],"wp:attachment":[{"href":"https:\/\/snalc.org\/snalc2023\/index.php?rest_route=%2Fwp%2Fv2%2Fmedia&parent=5073"}],"wp:term":[{"taxonomy":"category","embeddable":true,"href":"https:\/\/snalc.org\/snalc2023\/index.php?rest_route=%2Fwp%2Fv2%2Fcategories&post=5073"},{"taxonomy":"post_tag","embeddable":true,"href":"https:\/\/snalc.org\/snalc2023\/index.php?rest_route=%2Fwp%2Fv2%2Ftags&post=5073"}],"curies":[{"name":"wp","href":"https:\/\/api.w.org\/{rel}","templated":true}]}}