{"id":5075,"date":"2026-04-12T08:37:38","date_gmt":"2026-04-12T06:37:38","guid":{"rendered":"https:\/\/snalc.org\/snalc2023\/?p=5075"},"modified":"2026-04-12T08:37:41","modified_gmt":"2026-04-12T06:37:41","slug":"quinzaine-universitaire-n1512","status":"publish","type":"post","link":"https:\/\/snalc.org\/snalc2023\/?p=5075","title":{"rendered":"QUINZAINE UNIVERSITAIRE n\u00b01512"},"content":{"rendered":"\n<figure class=\"wp-block-image\"><img decoding=\"async\" src=\"https:\/\/snalc.fr\/wp-content\/uploads\/QU1512.jpg\" alt=\"\" class=\"wp-image-65000\"\/><\/figure>\n\n\n\n<p><strong>\u00c9DITO : <a href=\"https:\/\/snalc.fr\/ecole-inclusive-la-fuite-en-avant\/\">\u00c9COLE INCLUSIVE&nbsp;: LA FUITE EN AVANT<\/a><\/strong><\/p>\n\n\n\n<figure class=\"wp-block-image\"><img decoding=\"async\" src=\"https:\/\/snalc.fr\/wp-content\/uploads\/elementor\/thumbs\/SNALC-congres-Strasbourg-mai-2023-Photo-Philippe-Sautier-3-e1686317689865-qfu77nw4qlxwj5dktm23kiay8chujy1r6wng15ek0o.jpg\" alt=\"SNALC congres Strasbourg mai 2023 - Photo Philippe Sautier (3)\" title=\"SNALC congres Strasbourg mai 2023 \u2013 Photo Philippe Sautier (3)\"\/><\/figure>\n\n\n\n<p>Jean-R\u00e9mi Girard<br>Pr\u00e9sident du SNALC<\/p>\n\n\n\n<p><strong>L\u2019\u00c9cole inclusive s\u2019est transform\u00e9e en v\u00e9ritable fuite en avant.<\/strong><\/p>\n\n\n\n<p>Aujourd\u2019hui, les conditions de mise en \u0153uvre remettent en cause les contours, mais aussi le principe m\u00eame de l\u2019\u00c9cole inclusive. On ne sait plus o\u00f9 elle s\u2019arr\u00eate, ni m\u00eame si elle s\u2019arr\u00eate, s\u2019il existera \u00e0 terme des enfants \u00ab&nbsp;non inclus&nbsp;\u00bb. Les PAP peuvent d\u00e9sormais \u00eatre d\u00e9cid\u00e9s sans avis m\u00e9dical, \u00e0 la demande, et l\u2019on met en place des adaptations qui ne reposent sur rien d\u2019autre que l\u2019observation d\u2019un comportement ou l\u2019acharnement de la famille \u00e0 les obtenir. Ce n\u2019est pas seulement le SNALC qui le dit&nbsp;: c\u2019est le ministre lui-m\u00eame qui l\u2019a reconnu lors de notre derni\u00e8re rencontre. [<a href=\"https:\/\/snalc.fr\/ecole-inclusive-la-fuite-en-avant\/\"><strong>Lire la suite<\/strong><\/a>]<\/p>\n\n\n\n<p><strong>DOSSIER DU MOIS :<\/strong><br><br><a href=\"https:\/\/snalc.fr\/contractuels-ton-univers-impitoyable\/\"><strong>CONTRACTUELS : \u00c9DUCATION NATIONALE, TON UNIVERS IMPITOYABLE\u2026<\/strong><\/a><br><br>04 | <a href=\"https:\/\/snalc.fr\/contractuels-ton-univers-impitoyable\/#dallas\">Il n\u2019y a pas qu\u2019\u00e0 Dallas que l\u2019univers est impitoyable\u2026<\/a><br>05 | <a href=\"https:\/\/snalc.fr\/contractuels-ton-univers-impitoyable\/#recrutement\">Nouvelles r\u00e8gles de recrutement : l\u2019\u00e9galit\u00e9, un grand principe\u2026 sur le papier<\/a><br>05 | <a href=\"https:\/\/snalc.fr\/contractuels-ton-univers-impitoyable\/#cdi\">L\u2019acc\u00e8s au CDI : au bon vouloir de l\u2019administration<\/a><br>06 | <a href=\"https:\/\/snalc.fr\/contractuels-ton-univers-impitoyable\/#remuneration\">R\u00e9mun\u00e9ration et revalorisation : des clopinettes encore et toujours\u2026<\/a><br>07 | <a href=\"https:\/\/snalc.fr\/contractuels-ton-univers-impitoyable\/#formation\">La formation professionnelle : apprenez \u00e0 vous en passer !<\/a><br>07 | <a href=\"https:\/\/snalc.fr\/contractuels-ton-univers-impitoyable\/#eval\">L\u2019\u00e9valuation professionnelle : le bazooka de l\u2019employeur<\/a><br>08 | <a href=\"https:\/\/snalc.fr\/contractuels-ton-univers-impitoyable\/#maladie\">Les cong\u00e9s maladie : quand le rem\u00e8de est pire que le mal<\/a><br>08 | <a href=\"https:\/\/snalc.fr\/contractuels-ton-univers-impitoyable\/#psc\">PSC : obligation d\u2019y passer, m\u00eame pour s\u2019en passer\u2026<\/a><\/p>\n\n\n\n<p><strong>CONDITIONS DE TRAVAIL<\/strong><\/p>\n\n\n\n<p>09 | <a href=\"https:\/\/snalc.fr\/parlons-laicite-avec-les-parents-deleves-un-outil-de-dialogue-bienvenu\/\">\u00ab Parlons la\u00efcit\u00e9 avec les parents d\u2019\u00e9l\u00e8ves \u00bb : un outil de dialogue bienvenu !<\/a><br>09 | <a href=\"https:\/\/snalc.fr\/mesures-de-responsabilisation-un-outil-a-mieux-exploiter\/\">Mesures de responsabilisation : un outil \u00e0 mieux exploiter<\/a><\/p>\n\n\n\n<p><strong>SYST\u00c8ME \u00c9DUCATIF<\/strong><\/p>\n\n\n\n<p>10 | <a href=\"https:\/\/snalc.fr\/examens-les-professeurs-sont-a-bout-de-souffle\/\">Examens : les professeurs sont \u00e0 bout de souffle !<\/a><br>10 | <a href=\"https:\/\/snalc.fr\/coloration-des-diplomes-un-levier-dattractivite-et-dinsertion-professionnelle-pour-nos-eleves\/\">Coloration des dipl\u00f4mes : un levier d\u2019attractivit\u00e9 et d\u2019insertion professionnelle pour nos \u00e9l\u00e8ves ?<\/a><br>11 | <a href=\"https:\/\/snalc.fr\/3h-deps-au-lycee-une-necessite-particulierement-pour-les-filles\/\">3 h d\u2019EPS au lyc\u00e9e : une n\u00e9cessit\u00e9, particuli\u00e8rement pour les filles<\/a><\/p>\n\n\n\n<p><strong>LES PERSONNELS<\/strong><\/p>\n\n\n\n<p>11 | <a href=\"https:\/\/snalc.fr\/ne-loubliez-pas\/\">Ne l\u2019oubliez pas !<\/a><br>12 | <a href=\"https:\/\/snalc.fr\/candidater-dans-le-superieur\/\">Candidater dans le sup\u00e9rieur<\/a><\/p>\n\n\n\n<p><a href=\"https:\/\/snalc.fr\/wp-content\/uploads\/QU1512.pdf\">T\u00e9l\u00e9charger la revue en PDF<\/a><\/p>\n\n\n\n<figure class=\"wp-block-image\"><img decoding=\"async\" src=\"https:\/\/snalc.fr\/wp-content\/uploads\/QU1512-1D-721x1024.jpg\" alt=\"\" class=\"wp-image-65002\"\/><\/figure>\n\n\n\n<p><em><strong>Afin d\u2019\u00eatre au plus pr\u00e8s de vos attentes et de vous informer au mieux, la revue du SNALC a \u00e9volu\u00e9 d\u00e8s cette rentr\u00e9e, avec d\u00e9sormais deux num\u00e9ros mensuels au lieu d\u2019un : l\u2019un centr\u00e9 sur le second degr\u00e9 et le sup\u00e9rieur, et le second sur les probl\u00e9matiques sp\u00e9cifiques de l\u2019\u00e9cole primaire.<\/strong><\/em><\/p>\n\n\n\n<p><a href=\"https:\/\/snalc.fr\/quinzaine-universitaire-n1512-1d\/\">D\u00e9couvrir la revue premier degr\u00e9<\/a><\/p>\n\n\n\n<figure class=\"wp-block-embed\"><div class=\"wp-block-embed__wrapper\">\nhttps:\/\/snalc.fr\/stagiaires-faites-entendre-votre-voix\/embed\/#?secret=oypOABVoLp#?secret=uS3ScI3Zuo\n<\/div><\/figure>\n\n\n\n<p><a href=\"https:\/\/snalc.fr\/contact\/\" target=\"_blank\" rel=\"noreferrer noopener\">Nous \u00e9crire<\/a><\/p>\n","protected":false},"excerpt":{"rendered":"<p>\u00c9DITO : \u00c9COLE INCLUSIVE&nbsp;: LA FUITE EN AVANT Jean-R\u00e9mi GirardPr\u00e9sident du SNALC L\u2019\u00c9cole inclusive s\u2019est transform\u00e9e en v\u00e9ritable fuite en avant. Aujourd\u2019hui, les conditions de mise en \u0153uvre remettent en [&hellip;]<\/p>\n","protected":false},"author":1,"featured_media":0,"comment_status":"closed","ping_status":"closed","sticky":false,"template":"","format":"standard","meta":{"_lmt_disableupdate":"","_lmt_disable":"","site-sidebar-layout":"default","site-content-layout":"","ast-site-content-layout":"default","site-content-style":"default","site-sidebar-style":"default","ast-global-header-display":"","ast-banner-title-visibility":"","ast-main-header-display":"","ast-hfb-above-header-display":"","ast-hfb-below-header-display":"","ast-hfb-mobile-header-display":"","site-post-title":"","ast-breadcrumbs-content":"","ast-featured-img":"","footer-sml-layout":"","ast-disable-related-posts":"","theme-transparent-header-meta":"","adv-header-id-meta":"","stick-header-meta":"","header-above-stick-meta":"","header-main-stick-meta":"","header-below-stick-meta":"","astra-migrate-meta-layouts":"set","ast-page-background-enabled":"default","ast-page-background-meta":{"desktop":{"background-color":"var(--ast-global-color-4)","background-image":"","background-repeat":"repeat","background-position":"center center","background-size":"auto","background-attachment":"scroll","background-type":"","background-media":"","overlay-type":"","overlay-color":"","overlay-opacity":"","overlay-gradient":""},"tablet":{"background-color":"","background-image":"","background-repeat":"repeat","background-position":"center center","background-size":"auto","background-attachment":"scroll","background-type":"","background-media":"","overlay-type":"","overlay-color":"","overlay-opacity":"","overlay-gradient":""},"mobile":{"background-color":"","background-image":"","background-repeat":"repeat","background-position":"center center","background-size":"auto","background-attachment":"scroll","background-type":"","background-media":"","overlay-type":"","overlay-color":"","overlay-opacity":"","overlay-gradient":""}},"ast-content-background-meta":{"desktop":{"background-color":"var(--ast-global-color-5)","background-image":"","background-repeat":"repeat","background-position":"center center","background-size":"auto","background-attachment":"scroll","background-type":"","background-media":"","overlay-type":"","overlay-color":"","overlay-opacity":"","overlay-gradient":""},"tablet":{"background-color":"var(--ast-global-color-5)","background-image":"","background-repeat":"repeat","background-position":"center center","background-size":"auto","background-attachment":"scroll","background-type":"","background-media":"","overlay-type":"","overlay-color":"","overlay-opacity":"","overlay-gradient":""},"mobile":{"background-color":"var(--ast-global-color-5)","background-image":"","background-repeat":"repeat","background-position":"center center","background-size":"auto","background-attachment":"scroll","background-type":"","background-media":"","overlay-type":"","overlay-color":"","overlay-opacity":"","overlay-gradient":""}},"footnotes":""},"categories":[42,37],"tags":[],"class_list":["post-5075","post","type-post","status-publish","format-standard","hentry","category-actualites-2025-2026","category-qu"],"modified_by":"slecourtier","_links":{"self":[{"href":"https:\/\/snalc.org\/snalc2023\/index.php?rest_route=\/wp\/v2\/posts\/5075","targetHints":{"allow":["GET"]}}],"collection":[{"href":"https:\/\/snalc.org\/snalc2023\/index.php?rest_route=\/wp\/v2\/posts"}],"about":[{"href":"https:\/\/snalc.org\/snalc2023\/index.php?rest_route=\/wp\/v2\/types\/post"}],"author":[{"embeddable":true,"href":"https:\/\/snalc.org\/snalc2023\/index.php?rest_route=\/wp\/v2\/users\/1"}],"replies":[{"embeddable":true,"href":"https:\/\/snalc.org\/snalc2023\/index.php?rest_route=%2Fwp%2Fv2%2Fcomments&post=5075"}],"version-history":[{"count":1,"href":"https:\/\/snalc.org\/snalc2023\/index.php?rest_route=\/wp\/v2\/posts\/5075\/revisions"}],"predecessor-version":[{"id":5076,"href":"https:\/\/snalc.org\/snalc2023\/index.php?rest_route=\/wp\/v2\/posts\/5075\/revisions\/5076"}],"wp:attachment":[{"href":"https:\/\/snalc.org\/snalc2023\/index.php?rest_route=%2Fwp%2Fv2%2Fmedia&parent=5075"}],"wp:term":[{"taxonomy":"category","embeddable":true,"href":"https:\/\/snalc.org\/snalc2023\/index.php?rest_route=%2Fwp%2Fv2%2Fcategories&post=5075"},{"taxonomy":"post_tag","embeddable":true,"href":"https:\/\/snalc.org\/snalc2023\/index.php?rest_route=%2Fwp%2Fv2%2Ftags&post=5075"}],"curies":[{"name":"wp","href":"https:\/\/api.w.org\/{rel}","templated":true}]}}