{"id":5089,"date":"2026-04-21T13:03:51","date_gmt":"2026-04-21T11:03:51","guid":{"rendered":"https:\/\/snalc.org\/snalc2023\/?p=5089"},"modified":"2026-04-21T13:03:54","modified_gmt":"2026-04-21T11:03:54","slug":"congres-academique-sur-le-numerique-lia-snalc-aix-marseille-le-9-juin-2026-de-9h-16h30-a-aix-ouvert-a-tous","status":"publish","type":"post","link":"https:\/\/snalc.org\/snalc2023\/?p=5089","title":{"rendered":"Congr\u00e8s acad\u00e9mique sur le num\u00e9rique, l&rsquo;IA &#8211; Snalc Aix-Marseille, le 9 juin 2026 de 9h-16h30 \u00e0 Aix (ouvert \u00e0 tous)"},"content":{"rendered":"\n<p class=\"has-text-align-center\">H\u00f4tel Novotel<\/p>\n\n\n\n<p class=\"has-text-align-center\">Aix-en-Provence Pont de l&rsquo;Arc Fenouill\u00e8res<\/p>\n\n\n\n<p class=\"has-text-align-center\">AIX-EN-PROVENCE<\/p>\n\n\n\n<iframe src=\"https:\/\/www.google.com\/maps\/embed?pb=!1m18!1m12!1m3!1d2893.5627774912964!2d5.454415476390354!3d43.5114557615866!2m3!1f0!2f0!3f0!3m2!1i1024!2i768!4f13.1!3m3!1m2!1s0x12c98df087f26885%3A0x87815a8342aef134!2sHotel%20Novotel%20Aix%20en%20Provence%20Pont%20de%20l&#39;Arc%20Fenouill%C3%A8res!5e0!3m2!1sfr!2sfr!4v1706973571328!5m2!1sfr!2sfr\" width=\"600\" height=\"450\" style=\"border:0;\" allowfullscreen=\"\" loading=\"lazy\" referrerpolicy=\"no-referrer-when-downgrade\"><\/iframe>\n\n\n\n<p><\/p>\n\n\n\n<p>L&rsquo;intelligence artificielle s\u2019impose d\u00e9sormais dans notre quotidien professionnel. Elle est d\u00e9j\u00e0 utilis\u00e9e par les \u00e9l\u00e8ves, parfois massivement, tandis que les personnels sont de plus en plus incit\u00e9s \u00e0 l\u2019int\u00e9grer dans leurs pratiques, entre formations institutionnelles, injonctions hi\u00e9rarchiques et discours commerciaux.<\/p>\n\n\n\n<p>Pr\u00e9sent\u00e9e comme une solution aux difficult\u00e9s du syst\u00e8me \u00e9ducatif, l\u2019IA est souvent d\u00e9crite comme un levier incontournable. Pourtant, derri\u00e8re cette promesse, les questions sont nombreuses \u2014 et rarement pos\u00e9es de mani\u00e8re approfondie.<\/p>\n\n\n\n<p>Car \u00e0 la diff\u00e9rence des outils num\u00e9riques qui l\u2019ont pr\u00e9c\u00e9d\u00e9e, l\u2019intelligence artificielle ne se contente pas d\u2019accompagner nos pratiques : elle est susceptible de les transformer en profondeur. Elle interroge nos m\u00e9tiers, nos missions, notre autonomie, mais aussi les apprentissages, les comportements et les capacit\u00e9s des \u00e9l\u00e8ves.<\/p>\n\n\n\n<p><br><em><strong>Le SNALC Aix-Marseille vous invite \u00e0 une journ\u00e9e de r\u00e9flexion et de d\u00e9bat, ouverte \u00e0 tous.<\/strong><\/em><\/p>\n\n\n\n<p class=\"has-text-align-right\">Dany COURTE<\/p>\n\n\n\n<p class=\"has-text-align-right\">Pr\u00e9sidente Acad\u00e9mique du SNALC Aix Marseille,<\/p>\n\n\n\n<p><strong>PROGRAMME<\/strong>:<\/p>\n\n\n\n<p class=\"has-luminous-vivid-orange-color has-text-color has-link-color wp-elements-1ad8ba46431d77779426039d9b66646d\"><strong>Comment l\u2019IA est-elle utilis\u00e9e dans l\u2019\u00c9ducation nationale, par les \u00e9l\u00e8ves et par les enseignants ?<\/strong><\/p>\n\n\n\n<p>Quelles cons\u00e9quences peut-elle provoquer ?<\/p>\n\n\n\n<p>Quelle est la position du minist\u00e8re de l\u2019\u00c9ducation nationale sur le sujet ?<\/p>\n\n\n\n<p>Tente-t-il de l\u2019imposer ?<\/p>\n\n\n\n<p>Que faire lorsque l\u2019on subit des pressions ? Le d\u00e9ploiement de l\u2019IA dans l\u2019\u00c9ducation Nationale va de pair avec la num\u00e9risation d\u00e9j\u00e0 tr\u00e8s engag\u00e9e dans notre syst\u00e8me scolaire. Cette table ronde sera l\u2019occasion de faire le point \u00e0 ce sujet. De plus, l\u2019exposition des enfants aux \u00e9crans \u00e0 la maison n\u2019a jamais \u00e9t\u00e9 aussi massive et pr\u00e9coce ; elle engendre des cons\u00e9quences n\u00e9fastes sur leur scolarit\u00e9. La lecture, dont les bienfaits sont pourtant av\u00e9r\u00e9s et inestimables, est h\u00e9las une activit\u00e9 en voie d\u2019extinction chez les jeunes.<\/p>\n\n\n\n<p>Anim\u00e9 par <strong>Eug\u00e9nie de Zutter,<\/strong> <em>pr\u00e9sidente du SNALC de Champagne-Ardenne<\/em><\/p>\n\n\n\n<p>Pour plus d&rsquo;informations: <a href=\"https:\/\/snalc.fr\/lia-une-amie-qui-vous-veut-du-bien\">https:\/\/snalc.fr\/lia-une-amie-qui-vous-veut-du-bien<\/a><\/p>\n\n\n\n<p class=\"has-luminous-vivid-orange-color has-text-color has-link-color wp-elements-fe62a31a1c8a00ef1ed1b19095de9205\"><strong>L&rsquo;Homme diminu\u00e9 par l&rsquo;IA<\/strong><\/p>\n\n\n\n<p>Anim\u00e9 par <strong>Marius Bertolucci, <\/strong><em>ma\u00eetre de conf\u00e9rences en sciences de gestion<\/em>, sp\u00e9cialis\u00e9 en gestion publique au sein de l\u2019Institut de management public et gouvernance territoriale (IMPGT) et du laboratoire CERGAM \u00e0 Aix-Marseille Universit\u00e9. Il est \u00e9galement secr\u00e9taire g\u00e9n\u00e9ral de la Soci\u00e9t\u00e9 de philosophie des sciences de gestion (SPSG). Il est l\u2019auteur de l\u2019essai <em>L\u2019Homme diminu\u00e9 par l\u2019IA<\/em> (\u00e9d. Hermann), r\u00e9cipiendaire du Prix Jacques Ellul 2024.<\/p>\n\n\n\n<figure class=\"wp-block-image size-full is-resized\"><img fetchpriority=\"high\" decoding=\"async\" width=\"776\" height=\"513\" src=\"https:\/\/snalc.org\/snalc2023\/wp-content\/uploads\/2026\/04\/bertolucci.png\" alt=\"\" class=\"wp-image-5099\" style=\"width:292px;height:auto\" srcset=\"https:\/\/snalc.org\/snalc2023\/wp-content\/uploads\/2026\/04\/bertolucci.png 776w, https:\/\/snalc.org\/snalc2023\/wp-content\/uploads\/2026\/04\/bertolucci-300x198.png 300w, https:\/\/snalc.org\/snalc2023\/wp-content\/uploads\/2026\/04\/bertolucci-768x508.png 768w\" sizes=\"(max-width: 776px) 100vw, 776px\" \/><\/figure>\n\n\n\n<p>Son ouvrage est une analyse critique des effets de l\u2019IA sur le travail humain, la d\u00e9cision et les capacit\u00e9s intellectuelles.<\/p>\n\n\n\n<p>Un temps de d\u00e9dicace est pr\u00e9vu, avec possibilit\u00e9 d\u2019acheter l\u2019ouvrage sur place.<\/p>\n\n\n\n<p><a href=\"https:\/\/www.editions-hermann.fr\/livre\/l-homme-diminue-par-l-ia-marius-bertolucci\">https:\/\/www.editions-hermann.fr\/livre\/l-homme-diminue-par-l-ia-marius-bertolucci<\/a><\/p>\n\n\n\n<p>Les membres du bureau du Snalc Aix-Marseille seront par ailleurs pr\u00e9sents afin de r\u00e9pondre \u00e0 toutes vos questions.<\/p>\n\n\n\n<p class=\"has-vivid-red-color has-text-color has-background has-link-color wp-elements-9a996a8969bf8f112ed28a996dc67bfe\" style=\"background-color:#f78da83d\">\u00ab\u00a0<strong>Le Cocktail d\u00e9jeunatoire sur place sera offert aux adh\u00e9rents, et une participation de 40 euros sera demand\u00e9e aux non adh\u00e9rents (repas offert si adh\u00e9sion le matin), sinon pr\u00e9voir un pique-nique \u00bb<\/strong><\/p>\n\n\n\n<p class=\"has-luminous-vivid-orange-color has-text-color has-link-color wp-elements-73afa71b7a6b437991884c9304addb99\"><strong>Inscription <\/strong>obligatoire\u00a0:<\/p>\n\n\n\n<div class=\"wp-block-contact-form-7-contact-form-selector\">\n<div class=\"wpcf7 no-js\" id=\"wpcf7-f5088-o1\" lang=\"fr-FR\" dir=\"ltr\" data-wpcf7-id=\"5088\">\n<div class=\"screen-reader-response\"><p role=\"status\" aria-live=\"polite\" aria-atomic=\"true\"><\/p> <ul><\/ul><\/div>\n<form action=\"\/snalc2023\/index.php?rest_route=%2Fwp%2Fv2%2Fposts%2F5089#wpcf7-f5088-o1\" method=\"post\" class=\"wpcf7-form init\" aria-label=\"Formulaire de contact\" novalidate=\"novalidate\" data-status=\"init\">\n<fieldset class=\"hidden-fields-container\"><input type=\"hidden\" name=\"_wpcf7\" value=\"5088\" \/><input type=\"hidden\" name=\"_wpcf7_version\" value=\"6.1.5\" \/><input type=\"hidden\" name=\"_wpcf7_locale\" value=\"fr_FR\" \/><input type=\"hidden\" name=\"_wpcf7_unit_tag\" value=\"wpcf7-f5088-o1\" \/><input type=\"hidden\" name=\"_wpcf7_container_post\" value=\"0\" \/><input type=\"hidden\" name=\"_wpcf7_posted_data_hash\" value=\"\" \/>\n<\/fieldset>\n<p>Identit\u00e9:\n<\/p>\n<p><span class=\"wpcf7-form-control-wrap\" data-name=\"civilite\"><span class=\"wpcf7-form-control wpcf7-checkbox wpcf7-validates-as-required wpcf7-exclusive-checkbox\"><span class=\"wpcf7-list-item first\"><label><input type=\"checkbox\" name=\"civilite\" value=\"Madame\" \/><span class=\"wpcf7-list-item-label\">Madame<\/span><\/label><\/span><span class=\"wpcf7-list-item last\"><label><input type=\"checkbox\" name=\"civilite\" value=\"Monsieur\" \/><span class=\"wpcf7-list-item-label\">Monsieur<\/span><\/label><\/span><\/span><\/span>\n<\/p>\n<p><label> Votre nom<br \/>\n<span class=\"wpcf7-form-control-wrap\" data-name=\"your-name\"><input size=\"40\" maxlength=\"400\" class=\"wpcf7-form-control wpcf7-text wpcf7-validates-as-required\" autocomplete=\"name\" aria-required=\"true\" aria-invalid=\"false\" value=\"\" type=\"text\" name=\"your-name\" \/><\/span> <\/label>\n<\/p>\n<p><label> Votre prenom<br \/>\n<span class=\"wpcf7-form-control-wrap\" data-name=\"your-prenom\"><input size=\"40\" maxlength=\"400\" class=\"wpcf7-form-control wpcf7-text wpcf7-validates-as-required\" autocomplete=\"prenom\" aria-required=\"true\" aria-invalid=\"false\" value=\"\" type=\"text\" name=\"your-prenom\" \/><\/span> <\/label>\n<\/p>\n<p><label> Votre e-mail<br \/>\n<span class=\"wpcf7-form-control-wrap\" data-name=\"your-email\"><input size=\"40\" maxlength=\"400\" class=\"wpcf7-form-control wpcf7-email wpcf7-validates-as-required wpcf7-text wpcf7-validates-as-email\" autocomplete=\"email\" aria-required=\"true\" aria-invalid=\"false\" value=\"\" type=\"email\" name=\"your-email\" \/><\/span> <\/label>\n<\/p>\n<p><label> Votre telephone<br \/>\n<span class=\"wpcf7-form-control-wrap\" data-name=\"telephone\"><input size=\"40\" maxlength=\"400\" class=\"wpcf7-form-control wpcf7-tel wpcf7-validates-as-required wpcf7-text wpcf7-validates-as-tel\" aria-required=\"true\" aria-invalid=\"false\" value=\"\" type=\"tel\" name=\"telephone\" \/><\/span> <\/label>\n<\/p>\n<p>Adh\u00e9rent SNALC:<br \/>\n<span class=\"wpcf7-form-control-wrap\" data-name=\"adhrentSNALC\"><span class=\"wpcf7-form-control wpcf7-checkbox wpcf7-validates-as-required wpcf7-exclusive-checkbox\"><span class=\"wpcf7-list-item first\"><label><input type=\"checkbox\" name=\"adhrentSNALC\" value=\"oui\" \/><span class=\"wpcf7-list-item-label\">oui<\/span><\/label><\/span><span class=\"wpcf7-list-item last\"><label><input type=\"checkbox\" name=\"adhrentSNALC\" value=\"non\" \/><span class=\"wpcf7-list-item-label\">non<\/span><\/label><\/span><\/span><\/span>\n<\/p>\n<p>Situation professionnelle:\n<\/p>\n<p>Votre statut:<br \/>\n<span class=\"wpcf7-form-control-wrap\" data-name=\"statut\"><select class=\"wpcf7-form-control wpcf7-select wpcf7-validates-as-required\" aria-required=\"true\" aria-invalid=\"false\" name=\"statut\"><option value=\"PE\">PE<\/option><option value=\"Certifi\u00e9\">Certifi\u00e9<\/option><option value=\"Agr\u00e9g\u00e9\">Agr\u00e9g\u00e9<\/option><option value=\"PLP\">PLP<\/option><option value=\"PEPS\">PEPS<\/option><option value=\"PsyEn\">PsyEn<\/option><option value=\"CPE\">CPE<\/option><option value=\"AESH\">AESH<\/option><option value=\"AED\">AED<\/option><option value=\"PERDIR\">PERDIR<\/option><option value=\"ATSS\">ATSS<\/option><option value=\"Autre\">Autre<\/option><\/select><\/span>\n<\/p>\n<p>Poste actuel:<br \/>\n<span class=\"wpcf7-form-control-wrap\" data-name=\"poste\"><select class=\"wpcf7-form-control wpcf7-select wpcf7-validates-as-required\" aria-required=\"true\" aria-invalid=\"false\" name=\"poste\"><option value=\"Fixe\">Fixe<\/option><option value=\"TZR\">TZR<\/option><option value=\"TRS\">TRS<\/option><option value=\"ATP\">ATP<\/option><option value=\"Disponibilit\u00e9\">Disponibilit\u00e9<\/option><\/select><\/span>\n<\/p>\n<p><label> Votre affectation:<br \/>\n<span class=\"wpcf7-form-control-wrap\" data-name=\"your-aff\"><input size=\"40\" maxlength=\"400\" class=\"wpcf7-form-control wpcf7-text wpcf7-validates-as-required\" autocomplete=\"aff\" aria-required=\"true\" aria-invalid=\"false\" value=\"\" type=\"text\" name=\"your-aff\" \/><\/span> <\/label>\n<\/p>\n<p>Prendra le repas sur place ? \u00ab La restauration sur place sera offerte aux adh\u00e9rents, et une participation de 40 euros sera demand\u00e9e aux non adh\u00e9rents (repas offert si adh\u00e9sion le matin) \u00bb<br \/>\n<span class=\"wpcf7-form-control-wrap\" data-name=\"repas\"><span class=\"wpcf7-form-control wpcf7-checkbox wpcf7-validates-as-required wpcf7-exclusive-checkbox\"><span class=\"wpcf7-list-item first\"><label><input type=\"checkbox\" name=\"repas\" value=\"oui\" \/><span class=\"wpcf7-list-item-label\">oui<\/span><\/label><\/span><span class=\"wpcf7-list-item last\"><label><input type=\"checkbox\" name=\"repas\" value=\"non\" \/><span class=\"wpcf7-list-item-label\">non<\/span><\/label><\/span><\/span><\/span>\n<\/p>\n<p>Besoin d'une convocation\u202f?<br \/>\n<span class=\"wpcf7-form-control-wrap\" data-name=\"convoq\"><span class=\"wpcf7-form-control wpcf7-checkbox wpcf7-validates-as-required wpcf7-exclusive-checkbox\"><span class=\"wpcf7-list-item first\"><label><input type=\"checkbox\" name=\"convoq\" value=\"oui\" \/><span class=\"wpcf7-list-item-label\">oui<\/span><\/label><\/span><span class=\"wpcf7-list-item last\"><label><input type=\"checkbox\" name=\"convoq\" value=\"non\" \/><span class=\"wpcf7-list-item-label\">non<\/span><\/label><\/span><\/span><\/span>\n<\/p>\n<p>Besoin d'une attestation de pr\u00e9sence ?<br \/>\n<span class=\"wpcf7-form-control-wrap\" data-name=\"presence\"><span class=\"wpcf7-form-control wpcf7-checkbox wpcf7-validates-as-required wpcf7-exclusive-checkbox\"><span class=\"wpcf7-list-item first\"><label><input type=\"checkbox\" name=\"presence\" value=\"oui\" \/><span class=\"wpcf7-list-item-label\">oui<\/span><\/label><\/span><span class=\"wpcf7-list-item last\"><label><input type=\"checkbox\" name=\"presence\" value=\"non\" \/><span class=\"wpcf7-list-item-label\">non<\/span><\/label><\/span><\/span><\/span>\n<\/p>\n<p><input class=\"wpcf7-form-control wpcf7-submit has-spinner\" type=\"submit\" value=\"Envoyer\" \/>\n<\/p><p style=\"display: none !important;\" class=\"akismet-fields-container\" data-prefix=\"_wpcf7_ak_\"><label>&#916;<textarea name=\"_wpcf7_ak_hp_textarea\" cols=\"45\" rows=\"8\" maxlength=\"100\"><\/textarea><\/label><input type=\"hidden\" id=\"ak_js_1\" name=\"_wpcf7_ak_js\" value=\"196\"\/><script>\ndocument.getElementById( \"ak_js_1\" ).setAttribute( \"value\", ( new Date() ).getTime() );\n<\/script>\n<\/p><input type='hidden' class='wpcf7-pum' value='{\"closepopup\":false,\"closedelay\":0,\"openpopup\":false,\"openpopup_id\":0}' \/><div class=\"wpcf7-response-output\" aria-hidden=\"true\"><\/div>\n<\/form>\n<\/div>\n<\/div>\n","protected":false},"excerpt":{"rendered":"<p>H\u00f4tel Novotel Aix-en-Provence Pont de l&rsquo;Arc Fenouill\u00e8res AIX-EN-PROVENCE L&rsquo;intelligence artificielle s\u2019impose d\u00e9sormais dans notre quotidien professionnel. Elle est d\u00e9j\u00e0 utilis\u00e9e par les \u00e9l\u00e8ves, parfois massivement, tandis que les personnels sont [&hellip;]<\/p>\n","protected":false},"author":1,"featured_media":0,"comment_status":"closed","ping_status":"closed","sticky":false,"template":"","format":"standard","meta":{"_lmt_disableupdate":"","_lmt_disable":"","site-sidebar-layout":"default","site-content-layout":"","ast-site-content-layout":"default","site-content-style":"default","site-sidebar-style":"default","ast-global-header-display":"","ast-banner-title-visibility":"","ast-main-header-display":"","ast-hfb-above-header-display":"","ast-hfb-below-header-display":"","ast-hfb-mobile-header-display":"","site-post-title":"","ast-breadcrumbs-content":"","ast-featured-img":"","footer-sml-layout":"","ast-disable-related-posts":"","theme-transparent-header-meta":"","adv-header-id-meta":"","stick-header-meta":"","header-above-stick-meta":"","header-main-stick-meta":"","header-below-stick-meta":"","astra-migrate-meta-layouts":"set","ast-page-background-enabled":"default","ast-page-background-meta":{"desktop":{"background-color":"var(--ast-global-color-4)","background-image":"","background-repeat":"repeat","background-position":"center center","background-size":"auto","background-attachment":"scroll","background-type":"","background-media":"","overlay-type":"","overlay-color":"","overlay-opacity":"","overlay-gradient":""},"tablet":{"background-color":"","background-image":"","background-repeat":"repeat","background-position":"center center","background-size":"auto","background-attachment":"scroll","background-type":"","background-media":"","overlay-type":"","overlay-color":"","overlay-opacity":"","overlay-gradient":""},"mobile":{"background-color":"","background-image":"","background-repeat":"repeat","background-position":"center center","background-size":"auto","background-attachment":"scroll","background-type":"","background-media":"","overlay-type":"","overlay-color":"","overlay-opacity":"","overlay-gradient":""}},"ast-content-background-meta":{"desktop":{"background-color":"var(--ast-global-color-5)","background-image":"","background-repeat":"repeat","background-position":"center center","background-size":"auto","background-attachment":"scroll","background-type":"","background-media":"","overlay-type":"","overlay-color":"","overlay-opacity":"","overlay-gradient":""},"tablet":{"background-color":"var(--ast-global-color-5)","background-image":"","background-repeat":"repeat","background-position":"center center","background-size":"auto","background-attachment":"scroll","background-type":"","background-media":"","overlay-type":"","overlay-color":"","overlay-opacity":"","overlay-gradient":""},"mobile":{"background-color":"var(--ast-global-color-5)","background-image":"","background-repeat":"repeat","background-position":"center center","background-size":"auto","background-attachment":"scroll","background-type":"","background-media":"","overlay-type":"","overlay-color":"","overlay-opacity":"","overlay-gradient":""}},"footnotes":""},"categories":[42,14,13,16,15,35,23,11,12,17],"tags":[],"class_list":["post-5089","post","type-post","status-publish","format-standard","hentry","category-actualites-2025-2026","category-aed-cpe-vie-scolaire","category-aesh","category-biatss","category-contractuels","category-professeurs-prive","category-professeurs-1er-degre","category-professeurs-2nd-degre","category-professeurs-cpge-superieur","category-s3-aix-marseille"],"modified_by":"slecourtier","_links":{"self":[{"href":"https:\/\/snalc.org\/snalc2023\/index.php?rest_route=\/wp\/v2\/posts\/5089","targetHints":{"allow":["GET"]}}],"collection":[{"href":"https:\/\/snalc.org\/snalc2023\/index.php?rest_route=\/wp\/v2\/posts"}],"about":[{"href":"https:\/\/snalc.org\/snalc2023\/index.php?rest_route=\/wp\/v2\/types\/post"}],"author":[{"embeddable":true,"href":"https:\/\/snalc.org\/snalc2023\/index.php?rest_route=\/wp\/v2\/users\/1"}],"replies":[{"embeddable":true,"href":"https:\/\/snalc.org\/snalc2023\/index.php?rest_route=%2Fwp%2Fv2%2Fcomments&post=5089"}],"version-history":[{"count":8,"href":"https:\/\/snalc.org\/snalc2023\/index.php?rest_route=\/wp\/v2\/posts\/5089\/revisions"}],"predecessor-version":[{"id":5102,"href":"https:\/\/snalc.org\/snalc2023\/index.php?rest_route=\/wp\/v2\/posts\/5089\/revisions\/5102"}],"wp:attachment":[{"href":"https:\/\/snalc.org\/snalc2023\/index.php?rest_route=%2Fwp%2Fv2%2Fmedia&parent=5089"}],"wp:term":[{"taxonomy":"category","embeddable":true,"href":"https:\/\/snalc.org\/snalc2023\/index.php?rest_route=%2Fwp%2Fv2%2Fcategories&post=5089"},{"taxonomy":"post_tag","embeddable":true,"href":"https:\/\/snalc.org\/snalc2023\/index.php?rest_route=%2Fwp%2Fv2%2Ftags&post=5089"}],"curies":[{"name":"wp","href":"https:\/\/api.w.org\/{rel}","templated":true}]}}