{"id":513,"date":"2022-11-05T18:20:44","date_gmt":"2022-11-05T17:20:44","guid":{"rendered":"https:\/\/snalc.org\/snalc2023\/?p=513"},"modified":"2022-11-11T19:45:06","modified_gmt":"2022-11-11T18:45:06","slug":"mutation-inter-academique-aides-et-conseils","status":"publish","type":"post","link":"https:\/\/snalc.org\/snalc2023\/?p=513","title":{"rendered":"Mutation inter-acad\u00e9mique (aides et conseils)"},"content":{"rendered":"\n<p>Lien  MEN: <a href=\"https:\/\/www.education.gouv.fr\/mutation-des-personnels-du-second-degre-siam-phase-interacademique-3218\" target=\"_blank\" rel=\"noreferrer noopener\">https:\/\/www.education.gouv.fr\/mutation-des-personnels-du-second-degre-siam-phase-interacademique-3218<\/a><\/p>\n\n\n\n<h5 class=\"wp-block-heading\" id=\"edugouv-summary-item-1\">Les principales dates \u00e0 retenir concernant la rentr\u00e9e scolaire 2023<\/h5>\n\n\n\n<ul class=\"wp-block-list\">\n<li><strong>16 novembre \u00e0 midi au 7 d\u00e9cembre 2022 \u00e0 midi<\/strong> : saisissez vos v\u0153ux (31 au maximum) pour des acad\u00e9mies ou pour les mouvements sp\u00e9cifiques (15 au maximum)<\/li>\n\n\n\n<li><strong>\u00c0 partir du 8 d\u00e9cembre 2022 :<\/strong> T\u00e9l\u00e9charger votre confirmation de demande dans l\u2019application SIAM. La confirmation doit ensuite \u00eatre transmise sign\u00e9e \u00e0 votre chef d\u2019\u00e9tablissement avec les pi\u00e8ces justificatives en respectant les dates fix\u00e9es par le recteur.<\/li>\n\n\n\n<li><strong>D\u00e9cembre 2022<\/strong> : constituez votre dossier justifiant votre situation de handicap, respectez les d\u00e9lais fix\u00e9s par le recteur.<\/li>\n\n\n\n<li><strong>Janvier 2023<\/strong> : consultez votre bar\u00e8me et, en cas de d\u00e9saccord, contactez au plus vite votre rectorat<\/li>\n\n\n\n<li><strong>10 f\u00e9vrier 2023 minuit<\/strong> : date limite pour envoyer une demande tardive.<\/li>\n\n\n\n<li><strong>7 mars 2023<\/strong> : prenez connaissance du r\u00e9sultat de votre demande de mutation sur I-Prof.\n<ul class=\"wp-block-list\">\n<li><\/li>\n<\/ul>\n<\/li>\n<\/ul>\n\n\n\n<p>Comparateur de mobilit\u00e9 (MEN): <a href=\"https:\/\/info-mutations.phm.education.gouv.fr\/\" target=\"_blank\" rel=\"noreferrer noopener\">https:\/\/info-mutations.phm.education.gouv.fr\/<\/a><\/p>\n\n\n\n<h2 class=\"has-text-align-center wp-block-heading\"><strong>FAITES VOUS AIDER ET CONSEILLER par toute une \u00e9quipe qui a l&rsquo;habitude, qui est au plus proche du terrain, qui conna\u00eet parfaitement le territoire.<\/strong><\/h2>\n\n\n\n<p>Un mail&nbsp;: <a href=\"mailto:mutation.am@snalc.org\" target=\"_blank\" rel=\"noreferrer noopener\">mutation.am@snalc.org<\/a><\/p>\n\n\n\n<p>Un t\u00e9l\u00e9phone&nbsp;: 06 83 51 36 08<\/p>\n\n\n\n<p>Notre QU sp\u00e9ciale&nbsp;:<\/p>\n\n\n\n<section class=\"elementor-section elementor-top-section elementor-element elementor-element-3910660 elementor-section-boxed elementor-section-height-default elementor-section-height-default\" data-id=\"3910660\" data-element_type=\"section\">\n\t\t\t\t\t\t<div class=\"elementor-container elementor-column-gap-default\">\n\t\t\t\t\t<div class=\"elementor-column elementor-col-50 elementor-top-column elementor-element elementor-element-6b4e0a8\" data-id=\"6b4e0a8\" data-element_type=\"column\">\n\t\t\t<div class=\"elementor-widget-wrap elementor-element-populated\">\n\t\t\t\t\t\t\t\t<div class=\"elementor-element elementor-element-8a723fb elementor-widget elementor-widget-image\" data-id=\"8a723fb\" data-element_type=\"widget\" data-widget_type=\"image.default\">\n\t\t\t\t<div class=\"elementor-widget-container\">\n\t\t\t\t\t\t\t\t\t\t\t\t\t\t\t\t<a href=\"https:\/\/snalc.fr\/wp-content\/uploads\/QU1470BIS.pdf\">\n\t\t\t\t\t\t\t<img loading=\"lazy\" decoding=\"async\" src=\"https:\/\/snalc.fr\/wp-content\/uploads\/QU1470BIS-721x1024.jpg\" class=\"attachment-large size-large\" alt=\"\" loading=\"lazy\" srcset=\"https:\/\/snalc.fr\/wp-content\/uploads\/QU1470BIS-721x1024.jpg 721w, https:\/\/snalc.fr\/wp-content\/uploads\/QU1470BIS-211x300.jpg 211w, https:\/\/snalc.fr\/wp-content\/uploads\/QU1470BIS-768x1091.jpg 768w, https:\/\/snalc.fr\/wp-content\/uploads\/QU1470BIS.jpg 1045w\" sizes=\"auto, (max-width: 721px) 100vw, 721px\" width=\"721\" height=\"1024\">\t\t\t\t\t\t\t\t<\/a>\n\t\t\t\t\t\t\t\t\t\t\t\t\t\t\t<\/div>\n\t\t\t\t<\/div>\n\t\t\t\t\t<\/div>\n\t\t<\/div>\n\t\t\t\t<div class=\"elementor-column elementor-col-50 elementor-top-column elementor-element elementor-element-6464d70\" data-id=\"6464d70\" data-element_type=\"column\">\n\t\t\t<div class=\"elementor-widget-wrap elementor-element-populated\">\n\t\t\t\t\t\t\t\t<div class=\"elementor-element elementor-element-1beb87e elementor-widget elementor-widget-heading\" data-id=\"1beb87e\" data-element_type=\"widget\" data-widget_type=\"heading.default\">\n\t\t\t\t<div class=\"elementor-widget-container\">\n\t\t\t<h4 class=\"elementor-heading-title elementor-size-default\">MOUVEMENTS INTER 2023<\/h4>\t\t<\/div>\n\t\t\t\t<\/div>\n\t\t\t\t<div class=\"elementor-element elementor-element-f3305d1 elementor-widget elementor-widget-text-editor\" data-id=\"f3305d1\" data-element_type=\"widget\" data-widget_type=\"text-editor.default\">\n\t\t\t\t<div class=\"elementor-widget-container\">\n\t\t\t\t\t\t\t<p><strong>La revue n\u00b01470 est accompagn\u00e9e d\u2019un suppl\u00e9ment n\u00b01470BIS consacr\u00e9 aux MOUVEMENTS INTER 2023, en consultation et t\u00e9l\u00e9chargement <a href=\"https:\/\/snalc.fr\/wp-content\/uploads\/QU1470BIS.pdf\">ICI&nbsp;<\/a><\/strong><\/p>\t\t\t\t\t\t<\/div>\n\t\t\t\t<\/div>\n\t\t\t\t\t<\/div>\n\t\t<\/div>\n\t\t\t\t\t\t\t<\/div>\n\t\t<\/section>\n\t\t\t\t\t\t\t\n\t\t\t\t\n\t\t\t\t\n\t\t\t\t<div class=\"elementor-element elementor-element-2e2c48d7 elementor-grid-mobile-1 elementor-share-buttons--view-icon elementor-share-buttons--shape-circle elementor-share-buttons--align-right elementor-share-buttons--skin-gradient elementor-grid-0 elementor-share-buttons--color-official elementor-widget elementor-widget-share-buttons\" data-id=\"2e2c48d7\" data-element_type=\"widget\" data-settings=\"{&quot;motion_fx_motion_fx_mouse&quot;:&quot;yes&quot;}\" data-widget_type=\"share-buttons.default\">\n\t\t\t\t<div class=\"elementor-widget-container\">\n\t\t\t\t\t<div class=\"elementor-grid\">\n\t\t\t\t\t\t\t\t<div class=\"elementor-grid-item\">\n\t\t\t\t\t\t<div class=\"elementor-share-btn elementor-share-btn_facebook\" tabindex=\"0\" aria-label=\"Partager sur facebook\">\n\t\t\t\t\t\t\t\t\t\t\t\t\t\t\t<span class=\"elementor-share-btn__icon\">\n\t\t\t\t\t\t\t\t<i class=\"fab fa-facebook\" aria-hidden=\"true\"><\/i><\/span><\/div><\/div><\/div><\/div><\/div>\n","protected":false},"excerpt":{"rendered":"<p>Lien MEN: https:\/\/www.education.gouv.fr\/mutation-des-personnels-du-second-degre-siam-phase-interacademique-3218 Les principales dates \u00e0 retenir concernant la rentr\u00e9e scolaire 2023 Comparateur de mobilit\u00e9 (MEN): https:\/\/info-mutations.phm.education.gouv.fr\/ FAITES VOUS AIDER ET CONSEILLER par toute une \u00e9quipe qui a l&rsquo;habitude, [&hellip;]<\/p>\n","protected":false},"author":1,"featured_media":376,"comment_status":"closed","ping_status":"closed","sticky":true,"template":"","format":"standard","meta":{"_lmt_disableupdate":"no","_lmt_disable":"","site-sidebar-layout":"default","site-content-layout":"","ast-site-content-layout":"default","site-content-style":"default","site-sidebar-style":"default","ast-global-header-display":"","ast-banner-title-visibility":"","ast-main-header-display":"","ast-hfb-above-header-display":"","ast-hfb-below-header-display":"","ast-hfb-mobile-header-display":"","site-post-title":"","ast-breadcrumbs-content":"","ast-featured-img":"","footer-sml-layout":"","ast-disable-related-posts":"","theme-transparent-header-meta":"","adv-header-id-meta":"","stick-header-meta":"","header-above-stick-meta":"","header-main-stick-meta":"","header-below-stick-meta":"","astra-migrate-meta-layouts":"default","ast-page-background-enabled":"default","ast-page-background-meta":{"desktop":{"background-color":"var(--ast-global-color-4)","background-image":"","background-repeat":"repeat","background-position":"center center","background-size":"auto","background-attachment":"scroll","background-type":"","background-media":"","overlay-type":"","overlay-color":"","overlay-opacity":"","overlay-gradient":""},"tablet":{"background-color":"","background-image":"","background-repeat":"repeat","background-position":"center center","background-size":"auto","background-attachment":"scroll","background-type":"","background-media":"","overlay-type":"","overlay-color":"","overlay-opacity":"","overlay-gradient":""},"mobile":{"background-color":"","background-image":"","background-repeat":"repeat","background-position":"center center","background-size":"auto","background-attachment":"scroll","background-type":"","background-media":"","overlay-type":"","overlay-color":"","overlay-opacity":"","overlay-gradient":""}},"ast-content-background-meta":{"desktop":{"background-color":"var(--ast-global-color-5)","background-image":"","background-repeat":"repeat","background-position":"center center","background-size":"auto","background-attachment":"scroll","background-type":"","background-media":"","overlay-type":"","overlay-color":"","overlay-opacity":"","overlay-gradient":""},"tablet":{"background-color":"var(--ast-global-color-5)","background-image":"","background-repeat":"repeat","background-position":"center center","background-size":"auto","background-attachment":"scroll","background-type":"","background-media":"","overlay-type":"","overlay-color":"","overlay-opacity":"","overlay-gradient":""},"mobile":{"background-color":"var(--ast-global-color-5)","background-image":"","background-repeat":"repeat","background-position":"center center","background-size":"auto","background-attachment":"scroll","background-type":"","background-media":"","overlay-type":"","overlay-color":"","overlay-opacity":"","overlay-gradient":""}},"footnotes":""},"categories":[31,8],"tags":[],"class_list":["post-513","post","type-post","status-publish","format-standard","has-post-thumbnail","hentry","category-actualites-2022-2023","category-inter-academique"],"modified_by":"slecourtier","_links":{"self":[{"href":"https:\/\/snalc.org\/snalc2023\/index.php?rest_route=\/wp\/v2\/posts\/513","targetHints":{"allow":["GET"]}}],"collection":[{"href":"https:\/\/snalc.org\/snalc2023\/index.php?rest_route=\/wp\/v2\/posts"}],"about":[{"href":"https:\/\/snalc.org\/snalc2023\/index.php?rest_route=\/wp\/v2\/types\/post"}],"author":[{"embeddable":true,"href":"https:\/\/snalc.org\/snalc2023\/index.php?rest_route=\/wp\/v2\/users\/1"}],"replies":[{"embeddable":true,"href":"https:\/\/snalc.org\/snalc2023\/index.php?rest_route=%2Fwp%2Fv2%2Fcomments&post=513"}],"version-history":[{"count":4,"href":"https:\/\/snalc.org\/snalc2023\/index.php?rest_route=\/wp\/v2\/posts\/513\/revisions"}],"predecessor-version":[{"id":577,"href":"https:\/\/snalc.org\/snalc2023\/index.php?rest_route=\/wp\/v2\/posts\/513\/revisions\/577"}],"wp:featuredmedia":[{"embeddable":true,"href":"https:\/\/snalc.org\/snalc2023\/index.php?rest_route=\/wp\/v2\/media\/376"}],"wp:attachment":[{"href":"https:\/\/snalc.org\/snalc2023\/index.php?rest_route=%2Fwp%2Fv2%2Fmedia&parent=513"}],"wp:term":[{"taxonomy":"category","embeddable":true,"href":"https:\/\/snalc.org\/snalc2023\/index.php?rest_route=%2Fwp%2Fv2%2Fcategories&post=513"},{"taxonomy":"post_tag","embeddable":true,"href":"https:\/\/snalc.org\/snalc2023\/index.php?rest_route=%2Fwp%2Fv2%2Ftags&post=513"}],"curies":[{"name":"wp","href":"https:\/\/api.w.org\/{rel}","templated":true}]}}