{"id":521,"date":"2022-11-06T09:13:07","date_gmt":"2022-11-06T08:13:07","guid":{"rendered":"https:\/\/snalc.org\/snalc2023\/?p=521"},"modified":"2022-11-06T09:13:11","modified_gmt":"2022-11-06T08:13:11","slug":"lisez-la-depp-monsieur-le-ministre","status":"publish","type":"post","link":"https:\/\/snalc.org\/snalc2023\/?p=521","title":{"rendered":"Lisez la DEPP (Monsieur le ministre)"},"content":{"rendered":"\n<img loading=\"lazy\" decoding=\"async\" src=\"https:\/\/snalc.fr\/wp-content\/uploads\/dossiers_istock_BernardaSv-488244147.jpg\" class=\"attachment-full size-full\" alt=\"\" loading=\"lazy\" srcset=\"https:\/\/snalc.fr\/wp-content\/uploads\/dossiers_istock_BernardaSv-488244147.jpg 705w, https:\/\/snalc.fr\/wp-content\/uploads\/dossiers_istock_BernardaSv-488244147-300x201.jpg 300w\" sizes=\"auto, (max-width: 705px) 100vw, 705px\" width=\"705\" height=\"472\">\t\t\t\t\t\t\t\t\t\t\t<figcaption class=\"widget-image-caption wp-caption-text\">\u00a9 istock_BernardaSv-488244147<\/figcaption>\n\t\t\t\t\t\t\t\t\t\t<\/figure>\n\t\t\t\t\t\t\t\t\t<\/div>\n\t\t\t\t<\/div>\n\t\t\t\t<div class=\"elementor-element elementor-element-2987e2d0 elementor-widget elementor-widget-theme-post-content\" data-id=\"2987e2d0\" data-element_type=\"widget\" data-widget_type=\"theme-post-content.default\">\n\t\t\t\t<div class=\"elementor-widget-container\">\n\t\t\t\t\t<div data-elementor-type=\"wp-post\" data-elementor-id=\"22038\" class=\"elementor elementor-22038\">\n\t\t\t\t\t\t\t\t\t<section class=\"elementor-section elementor-top-section elementor-element elementor-element-41e2ac2 elementor-section-boxed elementor-section-height-default elementor-section-height-default\" data-id=\"41e2ac2\" data-element_type=\"section\">\n\t\t\t\t\t\t<div class=\"elementor-container elementor-column-gap-default\">\n\t\t\t\t\t<div class=\"elementor-column elementor-col-100 elementor-top-column elementor-element elementor-element-e35bab9\" data-id=\"e35bab9\" data-element_type=\"column\">\n\t\t\t<div class=\"elementor-widget-wrap elementor-element-populated\">\n\t\t\t\t\t\t\t\t<div class=\"elementor-element elementor-element-df32326 elementor-widget elementor-widget-text-editor\" data-id=\"df32326\" data-element_type=\"widget\" data-widget_type=\"text-editor.default\">\n\t\t\t\t<div class=\"elementor-widget-container\">\n\t\t\t\t\t\t\t<p><strong><em>Alors que le ministre de l\u2019\u00c9ducation nationale commettait une d\u00e9claration dans laquelle il disait envisager de faire surveiller la pause m\u00e9ridienne par les professeurs \u2013 sans doute du \u00ab travailler plus pour gagner plus \u00bb \u2013 sortait une note de la DEPP qu\u2019il aurait d\u00fb lire sept fois avant d\u2019ouvrir la bouche.<\/em><\/strong><\/p><p>Connaissez-vous la DEPP (Division&nbsp;de l\u2019\u00c9valuation, de la Prospective&nbsp;et de la Performance) ? C\u2019est un&nbsp;organe du minist\u00e8re qui publie des&nbsp;notes souvent tr\u00e8s int\u00e9ressantes.&nbsp;Celle qui est num\u00e9rot\u00e9 22.30 et date&nbsp;d\u2019octobre 2022, a pour titre : <em>La moiti\u00e9 des enseignants d\u00e9clare travailler au moins 43 heures par semaine (<\/em><em>1)<\/em>. On y&nbsp;apprend \u2013 enfin, quand on ne conna\u00eet rien&nbsp;\u00e0 nos m\u00e9tiers \u2013 qu\u2019en moyenne nous travaillons&nbsp;43h par semaine, que les professeurs&nbsp;des \u00e9coles travaillent plus au sein de&nbsp;leur \u00e9cole et que ceux du second degr\u00e9&nbsp;passent plus de temps en pr\u00e9parations et&nbsp;corrections.&nbsp;<\/p><p>Il y a, bien s\u00fbr d\u2019autres donn\u00e9es pertinentes.&nbsp;Mais c\u2019est le calendrier que le&nbsp;SNALC retiendra. Alors que nous voyons&nbsp;un ministre passer dans les m\u00e9dias et&nbsp;lancer des ballons d\u2019essai pour tenter de&nbsp;nous faire travailler plus, l\u2019organe statistique&nbsp;de son propre minist\u00e8re vient montrer&nbsp;le ridicule de son propos.&nbsp;<\/p><p>Enfin soyons pleinement honn\u00eates, le ministre&nbsp;a tent\u00e9 un laborieux r\u00e9trop\u00e9dalage&nbsp;dans une s\u00e9quence confidentielle diffus\u00e9e&nbsp;sur la cha\u00eene parlementaire, mais qui m\u00e9riterait&nbsp;de devenir culte. Face \u00e0 un d\u00e9put\u00e9&nbsp;qui l\u2019interrogeait sur la surveillance de la&nbsp;cour et lui faisait la liste des t\u00e2ches qu\u2019un&nbsp;professeur des \u00e9coles accomplit dans une&nbsp;journ\u00e9e, notamment sur la pause m\u00e9ridienne&nbsp;\u2013 qui n\u2019est pas toujours une pause \u2013&nbsp;le ministre a tent\u00e9 de bredouiller une sorte&nbsp;de r\u00e9tractation. \u00ab Il y a eu une sorte de malentendu\u2026&nbsp;ce n\u2019est pas du tout ce que je&nbsp;voulais dire. \u00bb&nbsp;<\/p><p>Non, Monsieur le ministre. Nous avons&nbsp;tous bien entendu. Et nous entendons&nbsp;bien votre volont\u00e9 d\u2019instaurer un \u2018travailler&nbsp;plus pour esp\u00e9rer ne pas perdre trop de&nbsp;pouvoir d\u2019achat\u2019. Mais, et le SNALC le dit&nbsp;depuis plusieurs ann\u00e9es, la mule est d\u00e9j\u00e0&nbsp;trop charg\u00e9e. Prenez garde. Refuser un&nbsp;r\u00e9el rattrapage salarial-qui doit concerner&nbsp;l\u2019ensemble des coll\u00e8gues et ne saurait \u00eatre&nbsp;conditionnel- et alourdir encore la charge,&nbsp;pourrait bien provoquer quelques ruades.&nbsp;<\/p><p>&nbsp;<\/p><hr><p>(1) <a href=\"https:\/\/www.education.gouv.fr\/la-moitie-des-enseignants-declare-travailler-au-moins-43-heures-par-semaine-343235\" target=\"_blank\" rel=\"noopener\">https:\/\/www.education.gouv.fr\/la-moitie-des-enseignants-declare-travailler-au-moins-43-heures-par-semaine-343235&nbsp;<\/a><\/p>\t\t\t\t\t\t<\/div>\n\t\t\t\t<\/div>\n\t\t\t\t\t<\/div>\n\t\t<\/div>\n\t\t\t\t\t\t\t<\/div>\n\t\t<\/section>\n\t\t\t\t<section class=\"elementor-section elementor-top-section elementor-element elementor-element-9780376 elementor-section-boxed elementor-section-height-default elementor-section-height-default\" data-id=\"9780376\" data-element_type=\"section\">\n\t\t\t\t\t\t<div class=\"elementor-container elementor-column-gap-default\">\n\t\t\t\t\t<div class=\"elementor-column elementor-col-100 elementor-top-column elementor-element elementor-element-5f6fad8\" data-id=\"5f6fad8\" data-element_type=\"column\">\n\t\t\t<div class=\"elementor-widget-wrap elementor-element-populated\">\n\t\t\t\t\t\t\t\t<div class=\"elementor-element elementor-element-cfe45de elementor-widget elementor-widget-text-editor\" data-id=\"cfe45de\" data-element_type=\"widget\" data-widget_type=\"text-editor.default\">\n\t\t\t\t<div class=\"elementor-widget-container\">\n\t\t\t\t\t\t\t<p><em>Article paru dans la revue du SNALC <a href=\"https:\/\/snalc.fr\/quinzaine-universitaire-n1470\/\">Quinzaine universitaire n\u00b01470<\/a> du 4 novembre 2022<\/em>\n","protected":false},"excerpt":{"rendered":"<p>\u00a9 istock_BernardaSv-488244147 Alors que le ministre de l\u2019\u00c9ducation nationale commettait une d\u00e9claration dans laquelle il disait envisager de faire surveiller la pause m\u00e9ridienne par les professeurs \u2013 sans doute du [&hellip;]<\/p>\n","protected":false},"author":1,"featured_media":0,"comment_status":"closed","ping_status":"closed","sticky":false,"template":"","format":"standard","meta":{"_lmt_disableupdate":"","_lmt_disable":"","site-sidebar-layout":"default","site-content-layout":"","ast-site-content-layout":"default","site-content-style":"default","site-sidebar-style":"default","ast-global-header-display":"","ast-banner-title-visibility":"","ast-main-header-display":"","ast-hfb-above-header-display":"","ast-hfb-below-header-display":"","ast-hfb-mobile-header-display":"","site-post-title":"","ast-breadcrumbs-content":"","ast-featured-img":"","footer-sml-layout":"","ast-disable-related-posts":"","theme-transparent-header-meta":"","adv-header-id-meta":"","stick-header-meta":"","header-above-stick-meta":"","header-main-stick-meta":"","header-below-stick-meta":"","astra-migrate-meta-layouts":"default","ast-page-background-enabled":"default","ast-page-background-meta":{"desktop":{"background-color":"var(--ast-global-color-4)","background-image":"","background-repeat":"repeat","background-position":"center center","background-size":"auto","background-attachment":"scroll","background-type":"","background-media":"","overlay-type":"","overlay-color":"","overlay-opacity":"","overlay-gradient":""},"tablet":{"background-color":"","background-image":"","background-repeat":"repeat","background-position":"center center","background-size":"auto","background-attachment":"scroll","background-type":"","background-media":"","overlay-type":"","overlay-color":"","overlay-opacity":"","overlay-gradient":""},"mobile":{"background-color":"","background-image":"","background-repeat":"repeat","background-position":"center center","background-size":"auto","background-attachment":"scroll","background-type":"","background-media":"","overlay-type":"","overlay-color":"","overlay-opacity":"","overlay-gradient":""}},"ast-content-background-meta":{"desktop":{"background-color":"var(--ast-global-color-5)","background-image":"","background-repeat":"repeat","background-position":"center center","background-size":"auto","background-attachment":"scroll","background-type":"","background-media":"","overlay-type":"","overlay-color":"","overlay-opacity":"","overlay-gradient":""},"tablet":{"background-color":"var(--ast-global-color-5)","background-image":"","background-repeat":"repeat","background-position":"center center","background-size":"auto","background-attachment":"scroll","background-type":"","background-media":"","overlay-type":"","overlay-color":"","overlay-opacity":"","overlay-gradient":""},"mobile":{"background-color":"var(--ast-global-color-5)","background-image":"","background-repeat":"repeat","background-position":"center center","background-size":"auto","background-attachment":"scroll","background-type":"","background-media":"","overlay-type":"","overlay-color":"","overlay-opacity":"","overlay-gradient":""}},"footnotes":""},"categories":[31],"tags":[],"class_list":["post-521","post","type-post","status-publish","format-standard","hentry","category-actualites-2022-2023"],"modified_by":"slecourtier","_links":{"self":[{"href":"https:\/\/snalc.org\/snalc2023\/index.php?rest_route=\/wp\/v2\/posts\/521","targetHints":{"allow":["GET"]}}],"collection":[{"href":"https:\/\/snalc.org\/snalc2023\/index.php?rest_route=\/wp\/v2\/posts"}],"about":[{"href":"https:\/\/snalc.org\/snalc2023\/index.php?rest_route=\/wp\/v2\/types\/post"}],"author":[{"embeddable":true,"href":"https:\/\/snalc.org\/snalc2023\/index.php?rest_route=\/wp\/v2\/users\/1"}],"replies":[{"embeddable":true,"href":"https:\/\/snalc.org\/snalc2023\/index.php?rest_route=%2Fwp%2Fv2%2Fcomments&post=521"}],"version-history":[{"count":1,"href":"https:\/\/snalc.org\/snalc2023\/index.php?rest_route=\/wp\/v2\/posts\/521\/revisions"}],"predecessor-version":[{"id":522,"href":"https:\/\/snalc.org\/snalc2023\/index.php?rest_route=\/wp\/v2\/posts\/521\/revisions\/522"}],"wp:attachment":[{"href":"https:\/\/snalc.org\/snalc2023\/index.php?rest_route=%2Fwp%2Fv2%2Fmedia&parent=521"}],"wp:term":[{"taxonomy":"category","embeddable":true,"href":"https:\/\/snalc.org\/snalc2023\/index.php?rest_route=%2Fwp%2Fv2%2Fcategories&post=521"},{"taxonomy":"post_tag","embeddable":true,"href":"https:\/\/snalc.org\/snalc2023\/index.php?rest_route=%2Fwp%2Fv2%2Ftags&post=521"}],"curies":[{"name":"wp","href":"https:\/\/api.w.org\/{rel}","templated":true}]}}