{"id":536,"date":"2022-11-06T09:25:42","date_gmt":"2022-11-06T08:25:42","guid":{"rendered":"https:\/\/snalc.org\/snalc2023\/?p=536"},"modified":"2022-11-06T09:25:46","modified_gmt":"2022-11-06T08:25:46","slug":"des-primes-rep-et-rep-au-rabais-pour-les-aed-et-les-aesh","status":"publish","type":"post","link":"https:\/\/snalc.org\/snalc2023\/?p=536","title":{"rendered":"Des primes REP et REP+ au rabais pour les AED et les AESH"},"content":{"rendered":"\n<img loading=\"lazy\" decoding=\"async\" src=\"https:\/\/snalc.fr\/wp-content\/uploads\/argent_istock_Yurii_Klymko-1414970065.jpg\" class=\"attachment-full size-full\" alt=\"\" loading=\"lazy\" srcset=\"https:\/\/snalc.fr\/wp-content\/uploads\/argent_istock_Yurii_Klymko-1414970065.jpg 698w, https:\/\/snalc.fr\/wp-content\/uploads\/argent_istock_Yurii_Klymko-1414970065-300x198.jpg 300w\" sizes=\"auto, (max-width: 698px) 100vw, 698px\" width=\"698\" height=\"461\">\t\t\t\t\t\t\t\t\t\t\t<figcaption class=\"widget-image-caption wp-caption-text\">\u00a9 istock_Yurii_Klymko-1414970065<\/figcaption>\n\t\t\t\t\t\t\t\t\t\t<\/figure>\n\t\t\t\t\t\t\t\t\t<\/div>\n\t\t\t\t<\/div>\n\t\t\t\t<div class=\"elementor-element elementor-element-2987e2d0 elementor-widget elementor-widget-theme-post-content\" data-id=\"2987e2d0\" data-element_type=\"widget\" data-widget_type=\"theme-post-content.default\">\n\t\t\t\t<div class=\"elementor-widget-container\">\n\t\t\t\t\t<div data-elementor-type=\"wp-post\" data-elementor-id=\"22096\" class=\"elementor elementor-22096\">\n\t\t\t\t\t\t\t\t\t<section class=\"elementor-section elementor-top-section elementor-element elementor-element-41e2ac2 elementor-section-boxed elementor-section-height-default elementor-section-height-default\" data-id=\"41e2ac2\" data-element_type=\"section\">\n\t\t\t\t\t\t<div class=\"elementor-container elementor-column-gap-default\">\n\t\t\t\t\t<div class=\"elementor-column elementor-col-100 elementor-top-column elementor-element elementor-element-e35bab9\" data-id=\"e35bab9\" data-element_type=\"column\">\n\t\t\t<div class=\"elementor-widget-wrap elementor-element-populated\">\n\t\t\t\t\t\t\t\t<div class=\"elementor-element elementor-element-df32326 elementor-widget elementor-widget-text-editor\" data-id=\"df32326\" data-element_type=\"widget\" data-widget_type=\"text-editor.default\">\n\t\t\t\t<div class=\"elementor-widget-container\">\n\t\t\t\t\t\t\t<p><strong><em>Apr\u00e8s un <a href=\"https:\/\/www.legifrance.gouv.fr\/ceta\/id\/CETATEXT000045570241?isSuggest=true\">arr\u00eat du conseil<\/a><\/em><\/strong><strong><em>&nbsp;<\/em><\/strong><strong><em>d\u2019\u00c9tat \u00e9largissant l\u2019octroi des primes REP&nbsp;et REP+ aux AED, notre minist\u00e8re a pr\u00e9f\u00e9r\u00e9 devancer une d\u00e9cision similaire&nbsp;pour les AESH. Il a donc d\u00e9cid\u00e9 que les primes REP et REP+&nbsp;seraient \u00e9galement vers\u00e9es aux AESH, \u00e0 compter du 1<\/em><\/strong><strong><em>er <\/em><\/strong><strong><em>janvier 2023,&nbsp;comme pour les AED.&nbsp;<\/em><\/strong><\/p>\n<p>Toutefois, lorsque le SNALC prend&nbsp;connaissance du projet d\u2019arr\u00eat\u00e9, il&nbsp;est extr\u00eamement surpris des montants&nbsp;propos\u00e9s pour ces primes.&nbsp;Qu\u2019il s\u2019agisse de la prime REP, de la part&nbsp;fixe ou de la part variable de la prime&nbsp;REP+, le montant est syst\u00e9matiquement&nbsp;inf\u00e9rieur de 36,2% pour les AED et AESH&nbsp;au montant allou\u00e9 aux autres cat\u00e9gories.&nbsp;<\/p>\n<p>Non seulement les montants de ces&nbsp;primes sont plus faibles, mais ils sont calcul\u00e9s&nbsp;au prorata de la quotit\u00e9 travaill\u00e9e et&nbsp;de l\u2019exercice effectif de la fonction en \u00e9ducation&nbsp;prioritaire. Les AED et plus encore&nbsp;les AESH seront donc doublement voire&nbsp;triplement p\u00e9nalis\u00e9s.&nbsp;<\/p>\n<p>En effet, les AESH sont majoritairement \u00e0&nbsp;temps incomplet et l\u2019affectation en PIAL&nbsp;ne leur garantit pas d\u2019exercer la totalit\u00e9 de&nbsp;leur service dans une \u00e9cole ou un \u00e9tablissement&nbsp;relevant des REP ou REP+.&nbsp;<\/p>\n<p>Ainsi, un AESH ayant une quotit\u00e9 travaill\u00e9e&nbsp;de 62% (24 heures d\u2019accompagnement&nbsp;hebdomadaires), affect\u00e9 pour la moiti\u00e9 de&nbsp;son service en REP renforc\u00e9 percevra un&nbsp;taux annuel de la part fixe de l\u2019indemnit\u00e9&nbsp;de suj\u00e9tions de 1011,53\u20ac (3 263 X 0,62 x&nbsp;0,50), soit 84,29 \u20ac brut par mois.&nbsp;En conservant le m\u00eame taux que pour les&nbsp;autres cat\u00e9gories, l\u2019AESH percevrait un&nbsp;taux annuel de la part fixe de l\u2019indemnit\u00e9&nbsp;de suj\u00e9tions de 1 585,34 \u20ac (5 114 X 0,62&nbsp;x 0,50), soit 132,11 \u20ac brut par mois (soit&nbsp;+56,7%).&nbsp;<\/p>\n<p>Le SNALC a d\u00e9pos\u00e9 des amendements&nbsp;pour un alignement des montants des&nbsp;primes REP et REP+ des AED et AESH&nbsp;sur les autres cat\u00e9gories de personnels et&nbsp;pour que les AESH r\u00e9f\u00e9rents b\u00e9n\u00e9ficient&nbsp;du dispositif d\u00e8s lors qu\u2019ils interviennent&nbsp;dans un PIAL comprenant au moins une&nbsp;\u00e9cole ou un \u00e9tablissement relevant du programme&nbsp;REP ou REP+.&nbsp;<\/p>\n<p>Les AESH et les AED n\u2019ont pas \u00e0 faire,&nbsp;une fois de plus, les frais d\u2019une enveloppe&nbsp;budg\u00e9taire insuffisante (75 millions d\u2019euros)&nbsp;!&nbsp;<\/p>\n<p>Une saisine du conseil d\u2019\u00c9tat sera-t-elle \u00e0&nbsp;nouveau n\u00e9cessaire pour que cessent ces&nbsp;diff\u00e9rentiels dans les montants allou\u00e9s aux&nbsp;agents exer\u00e7ant en REP et REP+ ?&nbsp;<\/p>\t\t\t\t\t\t<\/div>\n\t\t\t\t<\/div>\n\t\t\t\t\t<\/div>\n\t\t<\/div>\n\t\t\t\t\t\t\t<\/div>\n\t\t<\/section>\n\t\t\t\t<section class=\"elementor-section elementor-top-section elementor-element elementor-element-9780376 elementor-section-boxed elementor-section-height-default elementor-section-height-default\" data-id=\"9780376\" data-element_type=\"section\">\n\t\t\t\t\t\t<div class=\"elementor-container elementor-column-gap-default\">\n\t\t\t\t\t<div class=\"elementor-column elementor-col-100 elementor-top-column elementor-element elementor-element-5f6fad8\" data-id=\"5f6fad8\" data-element_type=\"column\">\n\t\t\t<div class=\"elementor-widget-wrap elementor-element-populated\">\n\t\t\t\t\t\t\t\t<div class=\"elementor-element elementor-element-cfe45de elementor-widget elementor-widget-text-editor\" data-id=\"cfe45de\" data-element_type=\"widget\" data-widget_type=\"text-editor.default\">\n\t\t\t\t<div class=\"elementor-widget-container\">\n\t\t\t\t\t\t\t<p><em>Article paru dans la revue du SNALC <a href=\"https:\/\/snalc.fr\/quinzaine-universitaire-n1470\/\">Quinzaine universitaire n\u00b01470<\/a> du 4 novembre 2022<\/em>\n","protected":false},"excerpt":{"rendered":"<p>\u00a9 istock_Yurii_Klymko-1414970065 Apr\u00e8s un arr\u00eat du conseil&nbsp;d\u2019\u00c9tat \u00e9largissant l\u2019octroi des primes REP&nbsp;et REP+ aux AED, notre minist\u00e8re a pr\u00e9f\u00e9r\u00e9 devancer une d\u00e9cision similaire&nbsp;pour les AESH. Il a donc d\u00e9cid\u00e9 que [&hellip;]<\/p>\n","protected":false},"author":1,"featured_media":0,"comment_status":"closed","ping_status":"closed","sticky":false,"template":"","format":"standard","meta":{"_lmt_disableupdate":"","_lmt_disable":"","site-sidebar-layout":"default","site-content-layout":"","ast-site-content-layout":"default","site-content-style":"default","site-sidebar-style":"default","ast-global-header-display":"","ast-banner-title-visibility":"","ast-main-header-display":"","ast-hfb-above-header-display":"","ast-hfb-below-header-display":"","ast-hfb-mobile-header-display":"","site-post-title":"","ast-breadcrumbs-content":"","ast-featured-img":"","footer-sml-layout":"","ast-disable-related-posts":"","theme-transparent-header-meta":"","adv-header-id-meta":"","stick-header-meta":"","header-above-stick-meta":"","header-main-stick-meta":"","header-below-stick-meta":"","astra-migrate-meta-layouts":"default","ast-page-background-enabled":"default","ast-page-background-meta":{"desktop":{"background-color":"var(--ast-global-color-4)","background-image":"","background-repeat":"repeat","background-position":"center center","background-size":"auto","background-attachment":"scroll","background-type":"","background-media":"","overlay-type":"","overlay-color":"","overlay-opacity":"","overlay-gradient":""},"tablet":{"background-color":"","background-image":"","background-repeat":"repeat","background-position":"center center","background-size":"auto","background-attachment":"scroll","background-type":"","background-media":"","overlay-type":"","overlay-color":"","overlay-opacity":"","overlay-gradient":""},"mobile":{"background-color":"","background-image":"","background-repeat":"repeat","background-position":"center center","background-size":"auto","background-attachment":"scroll","background-type":"","background-media":"","overlay-type":"","overlay-color":"","overlay-opacity":"","overlay-gradient":""}},"ast-content-background-meta":{"desktop":{"background-color":"var(--ast-global-color-5)","background-image":"","background-repeat":"repeat","background-position":"center center","background-size":"auto","background-attachment":"scroll","background-type":"","background-media":"","overlay-type":"","overlay-color":"","overlay-opacity":"","overlay-gradient":""},"tablet":{"background-color":"var(--ast-global-color-5)","background-image":"","background-repeat":"repeat","background-position":"center center","background-size":"auto","background-attachment":"scroll","background-type":"","background-media":"","overlay-type":"","overlay-color":"","overlay-opacity":"","overlay-gradient":""},"mobile":{"background-color":"var(--ast-global-color-5)","background-image":"","background-repeat":"repeat","background-position":"center center","background-size":"auto","background-attachment":"scroll","background-type":"","background-media":"","overlay-type":"","overlay-color":"","overlay-opacity":"","overlay-gradient":""}},"footnotes":""},"categories":[14,13],"tags":[],"class_list":["post-536","post","type-post","status-publish","format-standard","hentry","category-aed-cpe-vie-scolaire","category-aesh"],"modified_by":"slecourtier","_links":{"self":[{"href":"https:\/\/snalc.org\/snalc2023\/index.php?rest_route=\/wp\/v2\/posts\/536","targetHints":{"allow":["GET"]}}],"collection":[{"href":"https:\/\/snalc.org\/snalc2023\/index.php?rest_route=\/wp\/v2\/posts"}],"about":[{"href":"https:\/\/snalc.org\/snalc2023\/index.php?rest_route=\/wp\/v2\/types\/post"}],"author":[{"embeddable":true,"href":"https:\/\/snalc.org\/snalc2023\/index.php?rest_route=\/wp\/v2\/users\/1"}],"replies":[{"embeddable":true,"href":"https:\/\/snalc.org\/snalc2023\/index.php?rest_route=%2Fwp%2Fv2%2Fcomments&post=536"}],"version-history":[{"count":1,"href":"https:\/\/snalc.org\/snalc2023\/index.php?rest_route=\/wp\/v2\/posts\/536\/revisions"}],"predecessor-version":[{"id":537,"href":"https:\/\/snalc.org\/snalc2023\/index.php?rest_route=\/wp\/v2\/posts\/536\/revisions\/537"}],"wp:attachment":[{"href":"https:\/\/snalc.org\/snalc2023\/index.php?rest_route=%2Fwp%2Fv2%2Fmedia&parent=536"}],"wp:term":[{"taxonomy":"category","embeddable":true,"href":"https:\/\/snalc.org\/snalc2023\/index.php?rest_route=%2Fwp%2Fv2%2Fcategories&post=536"},{"taxonomy":"post_tag","embeddable":true,"href":"https:\/\/snalc.org\/snalc2023\/index.php?rest_route=%2Fwp%2Fv2%2Ftags&post=536"}],"curies":[{"name":"wp","href":"https:\/\/api.w.org\/{rel}","templated":true}]}}