{"id":569,"date":"2022-11-10T19:44:34","date_gmt":"2022-11-10T18:44:34","guid":{"rendered":"https:\/\/snalc.org\/snalc2023\/?p=569"},"modified":"2022-11-10T19:44:40","modified_gmt":"2022-11-10T18:44:40","slug":"affectation-des-personnels-enseignants-deducation-et-des-psychologues-de-leducation-nationale-a-saint-pierre-et-miquelon-rentree-scolaire-2023","status":"publish","type":"post","link":"https:\/\/snalc.org\/snalc2023\/?p=569","title":{"rendered":"Affectation des personnels enseignants, d&rsquo;\u00e9ducation et des psychologues de l&rsquo;\u00e9ducation nationale \u00e0 Saint-Pierre-et-Miquelon &#8211; rentr\u00e9e scolaire 2023"},"content":{"rendered":"\n<p><div class=\"dialog-off-canvas-main-canvas\" data-off-canvas-main-canvas=\"\"><div class=\"page-wrapper\"><div id=\"main-content\"><div><div id=\"block-edugouv-theme-content\"><div role=\"article\" class=\"thematic_page thematic_page--full\"><div><div class=\"one__column__main tab-services__container  \"><div class=\"container\"><div class=\"block--current-bulletin-pages js-current-bulletin\"><div class=\"current-bulletin-pages__tabs\"><div class=\"current-bulletin-pages__tab\" role=\"tabpanel\" id=\"tabbo_page\" aria-labelledby=\"bo_page_tab\"><div class=\"current-buletin-pages__tabs__item\"><div class=\"edugouv-common-rubric-list\"><div class=\"edugouv-common-rubric-item\"><div role=\"article\" class=\"bo_detail bo_detail--teaser\">Mobilit\u00e9 des personnels du second degr\u00e9<div class=\"bo_detail--teaser__content\"><div class=\"content__link\">Affectation des personnels enseignants, d&rsquo;\u00e9ducation et  des psychologues de l&rsquo;\u00e9ducation nationale \u00e0 Saint-Pierre-et-Miquelon &#8211;  rentr\u00e9e scolaire 2023            <p>Note de service  du 14-10-2022 (NOR : MENH2227292N)<\/p> <a href=\"https:\/\/www.education.gouv.fr\/bo\/22\/Hebdo42\/MENH2227292N.htm\">Consulter le texte<\/a>     <\/div><\/div><\/div><\/div><\/div><\/div><\/div><\/div><\/div><\/div><\/div><\/div><\/div><\/div><\/div><\/div><\/div><\/div><\/p>\n","protected":false},"excerpt":{"rendered":"<p>Mobilit\u00e9 des personnels du second degr\u00e9 Affectation des personnels enseignants, d&rsquo;\u00e9ducation et des psychologues de l&rsquo;\u00e9ducation nationale \u00e0 Saint-Pierre-et-Miquelon &#8211; rentr\u00e9e scolaire 2023 Note de service du 14-10-2022 (NOR : [&hellip;]<\/p>\n","protected":false},"author":1,"featured_media":0,"comment_status":"closed","ping_status":"closed","sticky":false,"template":"","format":"standard","meta":{"_lmt_disableupdate":"","_lmt_disable":"","site-sidebar-layout":"default","site-content-layout":"","ast-site-content-layout":"default","site-content-style":"default","site-sidebar-style":"default","ast-global-header-display":"","ast-banner-title-visibility":"","ast-main-header-display":"","ast-hfb-above-header-display":"","ast-hfb-below-header-display":"","ast-hfb-mobile-header-display":"","site-post-title":"","ast-breadcrumbs-content":"","ast-featured-img":"","footer-sml-layout":"","ast-disable-related-posts":"","theme-transparent-header-meta":"","adv-header-id-meta":"","stick-header-meta":"","header-above-stick-meta":"","header-main-stick-meta":"","header-below-stick-meta":"","astra-migrate-meta-layouts":"default","ast-page-background-enabled":"default","ast-page-background-meta":{"desktop":{"background-color":"var(--ast-global-color-4)","background-image":"","background-repeat":"repeat","background-position":"center center","background-size":"auto","background-attachment":"scroll","background-type":"","background-media":"","overlay-type":"","overlay-color":"","overlay-opacity":"","overlay-gradient":""},"tablet":{"background-color":"","background-image":"","background-repeat":"repeat","background-position":"center center","background-size":"auto","background-attachment":"scroll","background-type":"","background-media":"","overlay-type":"","overlay-color":"","overlay-opacity":"","overlay-gradient":""},"mobile":{"background-color":"","background-image":"","background-repeat":"repeat","background-position":"center center","background-size":"auto","background-attachment":"scroll","background-type":"","background-media":"","overlay-type":"","overlay-color":"","overlay-opacity":"","overlay-gradient":""}},"ast-content-background-meta":{"desktop":{"background-color":"var(--ast-global-color-5)","background-image":"","background-repeat":"repeat","background-position":"center center","background-size":"auto","background-attachment":"scroll","background-type":"","background-media":"","overlay-type":"","overlay-color":"","overlay-opacity":"","overlay-gradient":""},"tablet":{"background-color":"var(--ast-global-color-5)","background-image":"","background-repeat":"repeat","background-position":"center center","background-size":"auto","background-attachment":"scroll","background-type":"","background-media":"","overlay-type":"","overlay-color":"","overlay-opacity":"","overlay-gradient":""},"mobile":{"background-color":"var(--ast-global-color-5)","background-image":"","background-repeat":"repeat","background-position":"center center","background-size":"auto","background-attachment":"scroll","background-type":"","background-media":"","overlay-type":"","overlay-color":"","overlay-opacity":"","overlay-gradient":""}},"footnotes":""},"categories":[8],"tags":[],"class_list":["post-569","post","type-post","status-publish","format-standard","hentry","category-inter-academique"],"modified_by":"slecourtier","_links":{"self":[{"href":"https:\/\/snalc.org\/snalc2023\/index.php?rest_route=\/wp\/v2\/posts\/569","targetHints":{"allow":["GET"]}}],"collection":[{"href":"https:\/\/snalc.org\/snalc2023\/index.php?rest_route=\/wp\/v2\/posts"}],"about":[{"href":"https:\/\/snalc.org\/snalc2023\/index.php?rest_route=\/wp\/v2\/types\/post"}],"author":[{"embeddable":true,"href":"https:\/\/snalc.org\/snalc2023\/index.php?rest_route=\/wp\/v2\/users\/1"}],"replies":[{"embeddable":true,"href":"https:\/\/snalc.org\/snalc2023\/index.php?rest_route=%2Fwp%2Fv2%2Fcomments&post=569"}],"version-history":[{"count":1,"href":"https:\/\/snalc.org\/snalc2023\/index.php?rest_route=\/wp\/v2\/posts\/569\/revisions"}],"predecessor-version":[{"id":570,"href":"https:\/\/snalc.org\/snalc2023\/index.php?rest_route=\/wp\/v2\/posts\/569\/revisions\/570"}],"wp:attachment":[{"href":"https:\/\/snalc.org\/snalc2023\/index.php?rest_route=%2Fwp%2Fv2%2Fmedia&parent=569"}],"wp:term":[{"taxonomy":"category","embeddable":true,"href":"https:\/\/snalc.org\/snalc2023\/index.php?rest_route=%2Fwp%2Fv2%2Fcategories&post=569"},{"taxonomy":"post_tag","embeddable":true,"href":"https:\/\/snalc.org\/snalc2023\/index.php?rest_route=%2Fwp%2Fv2%2Ftags&post=569"}],"curies":[{"name":"wp","href":"https:\/\/api.w.org\/{rel}","templated":true}]}}