{"id":593,"date":"2022-11-14T15:17:57","date_gmt":"2022-11-14T14:17:57","guid":{"rendered":"https:\/\/snalc.org\/snalc2023\/?p=593"},"modified":"2022-11-14T15:17:59","modified_gmt":"2022-11-14T14:17:59","slug":"17-novembre-greve-dans-les-lycees-professionnels","status":"publish","type":"post","link":"https:\/\/snalc.org\/snalc2023\/?p=593","title":{"rendered":"17 novembre : gr\u00e8ve dans les lyc\u00e9es professionnels"},"content":{"rendered":"\n<pre id=\"line1\" class=\"wp-block-preformatted\"><\/pre>\n\n\n\n<img loading=\"lazy\" decoding=\"async\" src=\"https:\/\/snalc.fr\/wp-content\/uploads\/greve_pro_istock_unaplus_M.Faba-841832660.jpg\" class=\"attachment-full size-full\" alt=\"\" loading=\"lazy\" srcset=\"https:\/\/snalc.fr\/wp-content\/uploads\/greve_pro_istock_unaplus_M.Faba-841832660.jpg 849w, https:\/\/snalc.fr\/wp-content\/uploads\/greve_pro_istock_unaplus_M.Faba-841832660-300x208.jpg 300w, https:\/\/snalc.fr\/wp-content\/uploads\/greve_pro_istock_unaplus_M.Faba-841832660-768x533.jpg 768w\" sizes=\"auto, (max-width: 849px) 100vw, 849px\" width=\"849\" height=\"589\">\t\t\t\t\t\t\t\t\t\t\t<figcaption class=\"widget-image-caption wp-caption-text\">\u00a9 istock_unaplus_M.Faba-841832660<\/figcaption>\n\t\t\t\t\t\t\t\t\t\t<\/figure>\n\t\t\t\t\t\t\t\t\t<\/div>\n\t\t\t\t<\/div>\n\t\t\t\t<div class=\"elementor-element elementor-element-2987e2d0 elementor-widget elementor-widget-theme-post-content\" data-id=\"2987e2d0\" data-element_type=\"widget\" data-widget_type=\"theme-post-content.default\">\n\t\t\t\t<div class=\"elementor-widget-container\">\n\t\t\t\t\t<div data-elementor-type=\"wp-post\" data-elementor-id=\"22295\" class=\"elementor elementor-22295\">\n\t\t\t\t\t\t\t\t\t<section class=\"elementor-section elementor-top-section elementor-element elementor-element-9b22288 elementor-section-boxed elementor-section-height-default elementor-section-height-default\" data-id=\"9b22288\" data-element_type=\"section\">\n\t\t\t\t\t\t<div class=\"elementor-container elementor-column-gap-default\">\n\t\t\t\t\t<div class=\"elementor-column elementor-col-100 elementor-top-column elementor-element elementor-element-1a5df0c\" data-id=\"1a5df0c\" data-element_type=\"column\">\n\t\t\t<div class=\"elementor-widget-wrap elementor-element-populated\">\n\t\t\t\t\t\t\t\t<div class=\"elementor-element elementor-element-407ee50 elementor-widget elementor-widget-text-editor\" data-id=\"407ee50\" data-element_type=\"widget\" data-widget_type=\"text-editor.default\">\n\t\t\t\t<div class=\"elementor-widget-container\">\n\t\t\t\t\t\t\t<h4 style=\"text-align: center;\"><span style=\"color: #000080;\"><strong>L\u2019intersyndicale appelle \u00e0 une nouvelle journ\u00e9e de gr\u00e8ve dans les lyc\u00e9es professionnels le 17 novembre<\/strong><\/span><\/h4>\t\t\t\t\t\t<\/div>\n\t\t\t\t<\/div>\n\t\t\t\t\t<\/div>\n\t\t<\/div>\n\t\t\t\t\t\t\t<\/div>\n\t\t<\/section>\n\t\t\t\t<section class=\"elementor-section elementor-top-section elementor-element elementor-element-baa1a21 elementor-section-boxed elementor-section-height-default elementor-section-height-default\" data-id=\"baa1a21\" data-element_type=\"section\">\n\t\t\t\t\t\t<div class=\"elementor-container elementor-column-gap-default\">\n\t\t\t\t\t<div class=\"elementor-column elementor-col-100 elementor-top-column elementor-element elementor-element-197374e\" data-id=\"197374e\" data-element_type=\"column\">\n\t\t\t<div class=\"elementor-widget-wrap elementor-element-populated\">\n\t\t\t\t\t\t\t\t<div class=\"elementor-element elementor-element-3f097a6 elementor-widget elementor-widget-image\" data-id=\"3f097a6\" data-element_type=\"widget\" data-widget_type=\"image.default\">\n\t\t\t\t<div class=\"elementor-widget-container\">\n\t\t\t\t\t\t\t\t\t\t\t\t\t\t\t<img loading=\"lazy\" decoding=\"async\" src=\"https:\/\/snalc.fr\/wp-content\/uploads\/20221112_IS_PRO-1024x155.jpg\" class=\"attachment-large size-large\" alt=\"\" loading=\"lazy\" srcset=\"https:\/\/snalc.fr\/wp-content\/uploads\/20221112_IS_PRO-1024x155.jpg 1024w, https:\/\/snalc.fr\/wp-content\/uploads\/20221112_IS_PRO-300x45.jpg 300w, https:\/\/snalc.fr\/wp-content\/uploads\/20221112_IS_PRO-768x116.jpg 768w, https:\/\/snalc.fr\/wp-content\/uploads\/20221112_IS_PRO.jpg 1196w\" sizes=\"auto, (max-width: 800px) 100vw, 800px\" width=\"800\" height=\"121\">\t\t\t\t\t\t\t\t\t\t\t\t\t\t\t<\/div>\n\t\t\t\t<\/div>\n\t\t\t\t\t<\/div>\n\t\t<\/div>\n\t\t\t\t\t\t\t<\/div>\n\t\t<\/section>\n\t\t\t\t<section class=\"elementor-section elementor-top-section elementor-element elementor-element-207f12e elementor-section-boxed elementor-section-height-default elementor-section-height-default\" data-id=\"207f12e\" data-element_type=\"section\">\n\t\t\t\t\t\t<div class=\"elementor-container elementor-column-gap-default\">\n\t\t\t\t\t<div class=\"elementor-column elementor-col-100 elementor-top-column elementor-element elementor-element-3c38cb4\" data-id=\"3c38cb4\" data-element_type=\"column\">\n\t\t\t<div class=\"elementor-widget-wrap elementor-element-populated\">\n\t\t\t\t\t\t\t\t<div class=\"elementor-element elementor-element-38e584d elementor-widget elementor-widget-text-editor\" data-id=\"38e584d\" data-element_type=\"widget\" data-widget_type=\"text-editor.default\">\n\t\t\t\t<div class=\"elementor-widget-container\">\n\t\t\t\t\t\t\t<p>Les personnels des lyc\u00e9es professionnels et des lyc\u00e9es agricoles et maritimes se sont fortement mobilis\u00e9s mardi 18 octobre et ont r\u00e9ussi une gr\u00e8ve majoritaire qui a permis aux personnels d\u2019exprimer clairement leur opposition \u00e0 la r\u00e9forme engag\u00e9e par le pr\u00e9sident Macron et la ministre Carole Grandjean.<\/p><p><br>L\u2019expertise des personnels de lyc\u00e9e professionnel que nous repr\u00e9sentons est une \u00e9vidence : ils connaissent les \u00e9l\u00e8ves et leur famille, ma\u00eetrisent les contenus de formations, certifient les dipl\u00f4mes et sont aussi dans une relation directe et r\u00e9guli\u00e8re avec les entreprises qui accueillent nos \u00e9l\u00e8ves. Pour ces raisons l\u00e9gitimes, nos organisations syndicales ne peuvent pas valider le bilan pr\u00e9sent\u00e9 par le minist\u00e8re et qui lui sert de base pour les concertations. Elles revendiquent un \u00e9tat des lieux partag\u00e9, honn\u00eate et rigoureux pr\u00e9alable, sans lequel elles consid\u00e8rent inacceptable d\u2019envisager une quelconque r\u00e9forme.<\/p><p><br>Face \u00e0 la forte opposition des personnels, la ministre, malgr\u00e9 quelques infimes concessions, ne renonce pas en r\u00e9alit\u00e9 \u00e0 son projet. Elle persiste \u00e0 vouloir imposer plus de stages aux \u00e9l\u00e8ves. Nos organisations refusent la diminution des heures d\u2019enseignement g\u00e9n\u00e9ral et professionnel et les suppressions de postes induites, la perte du cadre national des grilles horaires et une r\u00e9vision des cartes de formation au seul prisme des int\u00e9r\u00eats \u00e9conomiques particuliers des entreprises sur les secteurs d\u2019activit\u00e9 en p\u00e9nurie de main d\u2019oeuvre.<\/p><p><br>Nos organisations revendiquent l\u2019acc\u00e8s pour tous nos \u00e9l\u00e8ves \u00e0 l\u2019\u00e9ducation \u00e0 la sant\u00e9, \u00e0 la citoyennet\u00e9, aux projets artistiques, culturels et sportifs.<\/p><p><br>Pour nos organisations la voie professionnelle est tout autant une voie de formation que d\u2019\u00e9mancipation des jeunes.<\/p><p><br>En outre, par sa volont\u00e9 de forcer la mise en oeuvre de l\u2019apprentissage dans les lyc\u00e9es professionnels, le gouvernement d\u00e9sorganisera les \u00e9tablissements, renforcera les difficult\u00e9s des \u00e9l\u00e8ves et d\u00e9gradera toujours plus les conditions de travail des personnels.<\/p><p><br>Nos organisations soutiennent les actions des \u00e9tablissements mobilis\u00e9s, notamment ceux qui viennent d\u2019apprendre avec une grande brutalit\u00e9 leur fermeture en septembre 2023, \u00e0 Paris comme dans le Grand Est.<\/p><p><br>Nos organisations appellent \u00e0 une nouvelle journ\u00e9e de gr\u00e8ve et de mobilisation le jeudi 17 novembre sous forme de rassemblements et de manifestations et exigent toujours le retrait du projet de r\u00e9forme de la voie professionnelle.<\/p>\n","protected":false},"excerpt":{"rendered":"<p>\u00a9 istock_unaplus_M.Faba-841832660 L\u2019intersyndicale appelle \u00e0 une nouvelle journ\u00e9e de gr\u00e8ve dans les lyc\u00e9es professionnels le 17 novembre Les personnels des lyc\u00e9es professionnels et des lyc\u00e9es agricoles et maritimes se sont [&hellip;]<\/p>\n","protected":false},"author":1,"featured_media":0,"comment_status":"closed","ping_status":"closed","sticky":false,"template":"","format":"standard","meta":{"_lmt_disableupdate":"","_lmt_disable":"","site-sidebar-layout":"default","site-content-layout":"","ast-site-content-layout":"default","site-content-style":"default","site-sidebar-style":"default","ast-global-header-display":"","ast-banner-title-visibility":"","ast-main-header-display":"","ast-hfb-above-header-display":"","ast-hfb-below-header-display":"","ast-hfb-mobile-header-display":"","site-post-title":"","ast-breadcrumbs-content":"","ast-featured-img":"","footer-sml-layout":"","ast-disable-related-posts":"","theme-transparent-header-meta":"","adv-header-id-meta":"","stick-header-meta":"","header-above-stick-meta":"","header-main-stick-meta":"","header-below-stick-meta":"","astra-migrate-meta-layouts":"default","ast-page-background-enabled":"default","ast-page-background-meta":{"desktop":{"background-color":"var(--ast-global-color-4)","background-image":"","background-repeat":"repeat","background-position":"center center","background-size":"auto","background-attachment":"scroll","background-type":"","background-media":"","overlay-type":"","overlay-color":"","overlay-opacity":"","overlay-gradient":""},"tablet":{"background-color":"","background-image":"","background-repeat":"repeat","background-position":"center center","background-size":"auto","background-attachment":"scroll","background-type":"","background-media":"","overlay-type":"","overlay-color":"","overlay-opacity":"","overlay-gradient":""},"mobile":{"background-color":"","background-image":"","background-repeat":"repeat","background-position":"center center","background-size":"auto","background-attachment":"scroll","background-type":"","background-media":"","overlay-type":"","overlay-color":"","overlay-opacity":"","overlay-gradient":""}},"ast-content-background-meta":{"desktop":{"background-color":"var(--ast-global-color-5)","background-image":"","background-repeat":"repeat","background-position":"center center","background-size":"auto","background-attachment":"scroll","background-type":"","background-media":"","overlay-type":"","overlay-color":"","overlay-opacity":"","overlay-gradient":""},"tablet":{"background-color":"var(--ast-global-color-5)","background-image":"","background-repeat":"repeat","background-position":"center center","background-size":"auto","background-attachment":"scroll","background-type":"","background-media":"","overlay-type":"","overlay-color":"","overlay-opacity":"","overlay-gradient":""},"mobile":{"background-color":"var(--ast-global-color-5)","background-image":"","background-repeat":"repeat","background-position":"center center","background-size":"auto","background-attachment":"scroll","background-type":"","background-media":"","overlay-type":"","overlay-color":"","overlay-opacity":"","overlay-gradient":""}},"footnotes":""},"categories":[31],"tags":[],"class_list":["post-593","post","type-post","status-publish","format-standard","hentry","category-actualites-2022-2023"],"modified_by":"slecourtier","_links":{"self":[{"href":"https:\/\/snalc.org\/snalc2023\/index.php?rest_route=\/wp\/v2\/posts\/593","targetHints":{"allow":["GET"]}}],"collection":[{"href":"https:\/\/snalc.org\/snalc2023\/index.php?rest_route=\/wp\/v2\/posts"}],"about":[{"href":"https:\/\/snalc.org\/snalc2023\/index.php?rest_route=\/wp\/v2\/types\/post"}],"author":[{"embeddable":true,"href":"https:\/\/snalc.org\/snalc2023\/index.php?rest_route=\/wp\/v2\/users\/1"}],"replies":[{"embeddable":true,"href":"https:\/\/snalc.org\/snalc2023\/index.php?rest_route=%2Fwp%2Fv2%2Fcomments&post=593"}],"version-history":[{"count":1,"href":"https:\/\/snalc.org\/snalc2023\/index.php?rest_route=\/wp\/v2\/posts\/593\/revisions"}],"predecessor-version":[{"id":594,"href":"https:\/\/snalc.org\/snalc2023\/index.php?rest_route=\/wp\/v2\/posts\/593\/revisions\/594"}],"wp:attachment":[{"href":"https:\/\/snalc.org\/snalc2023\/index.php?rest_route=%2Fwp%2Fv2%2Fmedia&parent=593"}],"wp:term":[{"taxonomy":"category","embeddable":true,"href":"https:\/\/snalc.org\/snalc2023\/index.php?rest_route=%2Fwp%2Fv2%2Fcategories&post=593"},{"taxonomy":"post_tag","embeddable":true,"href":"https:\/\/snalc.org\/snalc2023\/index.php?rest_route=%2Fwp%2Fv2%2Ftags&post=593"}],"curies":[{"name":"wp","href":"https:\/\/api.w.org\/{rel}","templated":true}]}}