{"id":618,"date":"2022-11-22T19:04:54","date_gmt":"2022-11-22T18:04:54","guid":{"rendered":"https:\/\/snalc.org\/snalc2023\/?p=618"},"modified":"2022-11-22T19:04:56","modified_gmt":"2022-11-22T18:04:56","slug":"retrait-de-la-reforme-macron-des-lycees-professionnels-petition","status":"publish","type":"post","link":"https:\/\/snalc.org\/snalc2023\/?p=618","title":{"rendered":"Retrait de la r\u00e9forme Macron des lyc\u00e9es professionnels (p\u00e9tition)"},"content":{"rendered":"\n<img loading=\"lazy\" decoding=\"async\" src=\"https:\/\/snalc.fr\/wp-content\/uploads\/pro_poubelle_istock_simonkr-647259602.jpg\" class=\"attachment-full size-full\" alt=\"\" loading=\"lazy\" srcset=\"https:\/\/snalc.fr\/wp-content\/uploads\/pro_poubelle_istock_simonkr-647259602.jpg 1513w, https:\/\/snalc.fr\/wp-content\/uploads\/pro_poubelle_istock_simonkr-647259602-300x204.jpg 300w, https:\/\/snalc.fr\/wp-content\/uploads\/pro_poubelle_istock_simonkr-647259602-1024x695.jpg 1024w, https:\/\/snalc.fr\/wp-content\/uploads\/pro_poubelle_istock_simonkr-647259602-768x521.jpg 768w\" sizes=\"auto, (max-width: 1513px) 100vw, 1513px\" width=\"1513\" height=\"1027\">\t\t\t\t\t\t\t\t\t\t\t<figcaption class=\"widget-image-caption wp-caption-text\">\u00a9 istock_simonkr-647259602<\/figcaption>\n\t\t\t\t\t\t\t\t\t\t<\/figure>\n\t\t\t\t\t\t\t\t\t<\/div>\n\t\t\t\t<\/div>\n\t\t\t\t<div class=\"elementor-element elementor-element-2987e2d0 elementor-widget elementor-widget-theme-post-content\" data-id=\"2987e2d0\" data-element_type=\"widget\" data-widget_type=\"theme-post-content.default\">\n\t\t\t\t<div class=\"elementor-widget-container\">\n\t\t\t\t\t<div data-elementor-type=\"wp-post\" data-elementor-id=\"22447\" class=\"elementor elementor-22447\">\n\t\t\t\t\t\t\t\t\t<section class=\"elementor-section elementor-top-section elementor-element elementor-element-fffdcd2 elementor-section-boxed elementor-section-height-default elementor-section-height-default\" data-id=\"fffdcd2\" data-element_type=\"section\">\n\t\t\t\t\t\t<div class=\"elementor-container elementor-column-gap-default\">\n\t\t\t\t\t<div class=\"elementor-column elementor-col-100 elementor-top-column elementor-element elementor-element-21b2078\" data-id=\"21b2078\" data-element_type=\"column\">\n\t\t\t<div class=\"elementor-widget-wrap elementor-element-populated\">\n\t\t\t\t\t\t\t\t<div class=\"elementor-element elementor-element-919c14e elementor-widget elementor-widget-image\" data-id=\"919c14e\" data-element_type=\"widget\" data-widget_type=\"image.default\">\n\t\t\t\t<div class=\"elementor-widget-container\">\n\t\t\t\t\t\t\t\t\t\t\t\t\t\t\t<img loading=\"lazy\" decoding=\"async\" src=\"https:\/\/snalc.fr\/wp-content\/uploads\/20221112_IS_PRO-1024x155.jpg\" class=\"attachment-large size-large\" alt=\"\" loading=\"lazy\" srcset=\"https:\/\/snalc.fr\/wp-content\/uploads\/20221112_IS_PRO-1024x155.jpg 1024w, https:\/\/snalc.fr\/wp-content\/uploads\/20221112_IS_PRO-300x45.jpg 300w, https:\/\/snalc.fr\/wp-content\/uploads\/20221112_IS_PRO-768x116.jpg 768w, https:\/\/snalc.fr\/wp-content\/uploads\/20221112_IS_PRO.jpg 1196w\" sizes=\"auto, (max-width: 800px) 100vw, 800px\" width=\"800\" height=\"121\">\t\t\t\t\t\t\t\t\t\t\t\t\t\t\t<\/div>\n\t\t\t\t<\/div>\n\t\t\t\t\t<\/div>\n\t\t<\/div>\n\t\t\t\t\t\t\t<\/div>\n\t\t<\/section>\n\t\t\t\t<section class=\"elementor-section elementor-top-section elementor-element elementor-element-df938f9 elementor-section-boxed elementor-section-height-default elementor-section-height-default\" data-id=\"df938f9\" data-element_type=\"section\">\n\t\t\t\t\t\t<div class=\"elementor-container elementor-column-gap-default\">\n\t\t\t\t\t<div class=\"elementor-column elementor-col-100 elementor-top-column elementor-element elementor-element-a1df384\" data-id=\"a1df384\" data-element_type=\"column\">\n\t\t\t<div class=\"elementor-widget-wrap elementor-element-populated\">\n\t\t\t\t\t\t\t\t<div class=\"elementor-element elementor-element-8cda055 elementor-widget elementor-widget-text-editor\" data-id=\"8cda055\" data-element_type=\"widget\" data-widget_type=\"text-editor.default\">\n\t\t\t\t<div class=\"elementor-widget-container\">\n\t\t\t\t\t\t\t<p>&nbsp;<\/p><p><strong>Les organisations syndicales CGT, FSU, SNETAA-FO, UNSA Education, SNALC, SUD Education, CNT Education&nbsp;<\/strong>ne peuvent pas valider le bilan pr\u00e9sent\u00e9 par le minist\u00e8re et qui lui sert de base pour les concertations. Elles revendiquent un \u00e9tat des lieux partag\u00e9, honn\u00eate et rigoureux pr\u00e9alable, sans lequel elles consid\u00e8rent inacceptable d\u2019envisager une quelconque r\u00e9forme.<\/p><p>Elles d\u00e9noncent le projet de r\u00e9forme structurelle des lyc\u00e9es professionnels qui mettrait en grave danger l\u2019avenir scolaire et professionnel des jeunes et engendrerait des suppressions de postes chez les personnels.<\/p><p>Sous couvert d\u2019autonomie renforc\u00e9e, des \u201cexp\u00e9rimentations d\u2019\u00e9tablissements\u201d pourraient \u00eatre men\u00e9es ouvrant la porte \u00e0 l\u2019irrespect des grilles horaires disciplinaires nationales. Pour nous, chaque \u00e9l\u00e8ve, peu importe son lieu de vie et de scolarit\u00e9, doit b\u00e9n\u00e9ficier des m\u00eames horaires de cours pour acc\u00e9der \u00e0 un m\u00eame dipl\u00f4me. Et toutes les disciplines doivent \u00eatre enseign\u00e9es car elles jouent un r\u00f4le essentiel dans leur formation professionnelle et citoyenne. Le cadre national des grilles horaires doit \u00eatre maintenu pour garantir des dipl\u00f4mes nationaux assurant une qualification reconnue.<\/p><p>Les fermetures et ouvertures de fili\u00e8res dans les \u00e9tablissements seraient d\u00e9cid\u00e9es uniquement au prisme des besoins locaux et \u00e0 court terme des entreprises ce qui, pour nos \u00e9l\u00e8ves, va consid\u00e9rablement r\u00e9duire leur choix de formation. Les enseignants seront quant \u00e0 eux somm\u00e9s de se reconvertir. La carte des formations doit au contraire permettre de r\u00e9pondre, sur tout le territoire, aux demandes d\u2019orientation des \u00e9l\u00e8ves. La modification n\u00e9cessaire des cartes de formation ne doit pas r\u00e9pondre aux seuls besoins des m\u00e9tiers dits en tension, mais doit prendre en compte les enjeux environnementaux et sociaux \u00e0 long terme.<\/p><p>Ce projet de r\u00e9forme constitue un danger pour l\u2019avenir des \u00e9l\u00e8ves et une v\u00e9ritable remise en cause d\u2019un des piliers de l\u2019Ecole r\u00e9publicaine, l\u2019\u00e9galit\u00e9 entre tous les jeunes. Par cons\u00e9quent, nous demandons le retrait de ce projet.<\/p><p>En signant cette p\u00e9tition, je m\u2019associe \u00e0 la demande de retrait du projet de r\u00e9forme formul\u00e9 par l\u2019intersyndicale voie pro nationale.<\/p>\t\t\t\t\t\t<\/div>\n\t\t\t\t<\/div>\n\t\t\t\t\t<\/div>\n\t\t<\/div>\n\t\t\t\t\t\t\t<\/div>\n\t\t<\/section>\n\t\t\t\t<section class=\"elementor-section elementor-top-section elementor-element elementor-element-bd163a4 elementor-section-boxed elementor-section-height-default elementor-section-height-default\" data-id=\"bd163a4\" data-element_type=\"section\">\n\t\t\t\t\t\t<div class=\"elementor-container elementor-column-gap-default\">\n\t\t\t\t\t<div class=\"elementor-column elementor-col-100 elementor-top-column elementor-element elementor-element-3cf86ec\" data-id=\"3cf86ec\" data-element_type=\"column\">\n\t\t\t<div class=\"elementor-widget-wrap elementor-element-populated\">\n\t\t\t\t\t\t\t\t<div class=\"elementor-element elementor-element-caea2c8 elementor-align-center elementor-widget elementor-widget-button\" data-id=\"caea2c8\" data-element_type=\"widget\" data-widget_type=\"button.default\">\n\t\t\t\t<div class=\"elementor-widget-container\">\n\t\t\t\t\t<div class=\"elementor-button-wrapper\">\n\t\t\t<a href=\"https:\/\/www.change.org\/p\/retrait-de-la-reforme-macron-des-lycees-professionnels\" class=\"elementor-button-link elementor-button elementor-size-sm\" role=\"button\">\n\t\t\t\t\t\t<span class=\"elementor-button-content-wrapper\">\n\t\t\t\t\t\t<span class=\"elementor-button-text\">Acc\u00e9der \u00e0 la p\u00e9tition<\/span>\n","protected":false},"excerpt":{"rendered":"<p>\u00a9 istock_simonkr-647259602 &nbsp; Les organisations syndicales CGT, FSU, SNETAA-FO, UNSA Education, SNALC, SUD Education, CNT Education&nbsp;ne peuvent pas valider le bilan pr\u00e9sent\u00e9 par le minist\u00e8re et qui lui sert de [&hellip;]<\/p>\n","protected":false},"author":1,"featured_media":0,"comment_status":"closed","ping_status":"closed","sticky":false,"template":"","format":"standard","meta":{"_lmt_disableupdate":"","_lmt_disable":"","site-sidebar-layout":"default","site-content-layout":"","ast-site-content-layout":"default","site-content-style":"default","site-sidebar-style":"default","ast-global-header-display":"","ast-banner-title-visibility":"","ast-main-header-display":"","ast-hfb-above-header-display":"","ast-hfb-below-header-display":"","ast-hfb-mobile-header-display":"","site-post-title":"","ast-breadcrumbs-content":"","ast-featured-img":"","footer-sml-layout":"","ast-disable-related-posts":"","theme-transparent-header-meta":"","adv-header-id-meta":"","stick-header-meta":"","header-above-stick-meta":"","header-main-stick-meta":"","header-below-stick-meta":"","astra-migrate-meta-layouts":"default","ast-page-background-enabled":"default","ast-page-background-meta":{"desktop":{"background-color":"var(--ast-global-color-4)","background-image":"","background-repeat":"repeat","background-position":"center center","background-size":"auto","background-attachment":"scroll","background-type":"","background-media":"","overlay-type":"","overlay-color":"","overlay-opacity":"","overlay-gradient":""},"tablet":{"background-color":"","background-image":"","background-repeat":"repeat","background-position":"center center","background-size":"auto","background-attachment":"scroll","background-type":"","background-media":"","overlay-type":"","overlay-color":"","overlay-opacity":"","overlay-gradient":""},"mobile":{"background-color":"","background-image":"","background-repeat":"repeat","background-position":"center center","background-size":"auto","background-attachment":"scroll","background-type":"","background-media":"","overlay-type":"","overlay-color":"","overlay-opacity":"","overlay-gradient":""}},"ast-content-background-meta":{"desktop":{"background-color":"var(--ast-global-color-5)","background-image":"","background-repeat":"repeat","background-position":"center center","background-size":"auto","background-attachment":"scroll","background-type":"","background-media":"","overlay-type":"","overlay-color":"","overlay-opacity":"","overlay-gradient":""},"tablet":{"background-color":"var(--ast-global-color-5)","background-image":"","background-repeat":"repeat","background-position":"center center","background-size":"auto","background-attachment":"scroll","background-type":"","background-media":"","overlay-type":"","overlay-color":"","overlay-opacity":"","overlay-gradient":""},"mobile":{"background-color":"var(--ast-global-color-5)","background-image":"","background-repeat":"repeat","background-position":"center center","background-size":"auto","background-attachment":"scroll","background-type":"","background-media":"","overlay-type":"","overlay-color":"","overlay-opacity":"","overlay-gradient":""}},"footnotes":""},"categories":[31],"tags":[],"class_list":["post-618","post","type-post","status-publish","format-standard","hentry","category-actualites-2022-2023"],"modified_by":"slecourtier","_links":{"self":[{"href":"https:\/\/snalc.org\/snalc2023\/index.php?rest_route=\/wp\/v2\/posts\/618","targetHints":{"allow":["GET"]}}],"collection":[{"href":"https:\/\/snalc.org\/snalc2023\/index.php?rest_route=\/wp\/v2\/posts"}],"about":[{"href":"https:\/\/snalc.org\/snalc2023\/index.php?rest_route=\/wp\/v2\/types\/post"}],"author":[{"embeddable":true,"href":"https:\/\/snalc.org\/snalc2023\/index.php?rest_route=\/wp\/v2\/users\/1"}],"replies":[{"embeddable":true,"href":"https:\/\/snalc.org\/snalc2023\/index.php?rest_route=%2Fwp%2Fv2%2Fcomments&post=618"}],"version-history":[{"count":1,"href":"https:\/\/snalc.org\/snalc2023\/index.php?rest_route=\/wp\/v2\/posts\/618\/revisions"}],"predecessor-version":[{"id":619,"href":"https:\/\/snalc.org\/snalc2023\/index.php?rest_route=\/wp\/v2\/posts\/618\/revisions\/619"}],"wp:attachment":[{"href":"https:\/\/snalc.org\/snalc2023\/index.php?rest_route=%2Fwp%2Fv2%2Fmedia&parent=618"}],"wp:term":[{"taxonomy":"category","embeddable":true,"href":"https:\/\/snalc.org\/snalc2023\/index.php?rest_route=%2Fwp%2Fv2%2Fcategories&post=618"},{"taxonomy":"post_tag","embeddable":true,"href":"https:\/\/snalc.org\/snalc2023\/index.php?rest_route=%2Fwp%2Fv2%2Ftags&post=618"}],"curies":[{"name":"wp","href":"https:\/\/api.w.org\/{rel}","templated":true}]}}