{"id":621,"date":"2022-11-24T21:45:34","date_gmt":"2022-11-24T20:45:34","guid":{"rendered":"https:\/\/snalc.org\/snalc2023\/?p=621"},"modified":"2022-11-24T21:45:37","modified_gmt":"2022-11-24T20:45:37","slug":"reforme-des-lycees-professionnels-lintersyndicale-plus-que-jamais-mobilisee","status":"publish","type":"post","link":"https:\/\/snalc.org\/snalc2023\/?p=621","title":{"rendered":"R\u00e9forme des lyc\u00e9es professionnels : l\u2019intersyndicale plus que jamais mobilis\u00e9e"},"content":{"rendered":"\n<img loading=\"lazy\" decoding=\"async\" src=\"https:\/\/snalc.fr\/wp-content\/uploads\/manifestation_iStock_Ridofranz.jpg\" class=\"attachment-full size-full\" alt=\"\" loading=\"lazy\" srcset=\"https:\/\/snalc.fr\/wp-content\/uploads\/manifestation_iStock_Ridofranz.jpg 940w, https:\/\/snalc.fr\/wp-content\/uploads\/manifestation_iStock_Ridofranz-300x205.jpg 300w, https:\/\/snalc.fr\/wp-content\/uploads\/manifestation_iStock_Ridofranz-768x525.jpg 768w\" sizes=\"auto, (max-width: 940px) 100vw, 940px\" width=\"940\" height=\"643\">\t\t\t\t\t\t\t\t\t\t\t<figcaption class=\"widget-image-caption wp-caption-text\">\u00a9 iStock_Ridofranz<\/figcaption>\n\t\t\t\t\t\t\t\t\t\t<\/figure>\n\t\t\t\t\t\t\t\t\t<\/div>\n\t\t\t\t<\/div>\n\t\t\t\t<div class=\"elementor-element elementor-element-2987e2d0 elementor-widget elementor-widget-theme-post-content\" data-id=\"2987e2d0\" data-element_type=\"widget\" data-widget_type=\"theme-post-content.default\">\n\t\t\t\t<div class=\"elementor-widget-container\">\n\t\t\t\t\t<div data-elementor-type=\"wp-post\" data-elementor-id=\"22502\" class=\"elementor elementor-22502\">\n\t\t\t\t\t\t\t\t\t<section class=\"elementor-section elementor-top-section elementor-element elementor-element-29e0cee elementor-section-boxed elementor-section-height-default elementor-section-height-default\" data-id=\"29e0cee\" data-element_type=\"section\">\n\t\t\t\t\t\t<div class=\"elementor-container elementor-column-gap-default\">\n\t\t\t\t\t<div class=\"elementor-column elementor-col-100 elementor-top-column elementor-element elementor-element-ce88e94\" data-id=\"ce88e94\" data-element_type=\"column\">\n\t\t\t<div class=\"elementor-widget-wrap elementor-element-populated\">\n\t\t\t\t\t\t\t\t<div class=\"elementor-element elementor-element-5379144 elementor-widget elementor-widget-heading\" data-id=\"5379144\" data-element_type=\"widget\" data-widget_type=\"heading.default\">\n\t\t\t\t<div class=\"elementor-widget-container\">\n\t\t\t<h5 class=\"elementor-heading-title elementor-size-default\">L\u2019intersyndicale plus que jamais mobilis\u00e9e contre le projet de r\u00e9forme des lyc\u00e9es professionnels<\/h5>\t\t<\/div>\n\t\t\t\t<\/div>\n\t\t\t\t\t<\/div>\n\t\t<\/div>\n\t\t\t\t\t\t\t<\/div>\n\t\t<\/section>\n\t\t\t\t<section class=\"elementor-section elementor-top-section elementor-element elementor-element-ebd79e1 elementor-section-boxed elementor-section-height-default elementor-section-height-default\" data-id=\"ebd79e1\" data-element_type=\"section\">\n\t\t\t\t\t\t<div class=\"elementor-container elementor-column-gap-default\">\n\t\t\t\t\t<div class=\"elementor-column elementor-col-100 elementor-top-column elementor-element elementor-element-0f4dcea\" data-id=\"0f4dcea\" data-element_type=\"column\">\n\t\t\t<div class=\"elementor-widget-wrap elementor-element-populated\">\n\t\t\t\t\t\t\t\t<div class=\"elementor-element elementor-element-b27d089 elementor-widget elementor-widget-image\" data-id=\"b27d089\" data-element_type=\"widget\" data-widget_type=\"image.default\">\n\t\t\t\t<div class=\"elementor-widget-container\">\n\t\t\t\t\t\t\t\t\t\t\t\t\t\t\t<img loading=\"lazy\" decoding=\"async\" src=\"https:\/\/snalc.fr\/wp-content\/uploads\/20221124_IS_bandeau-1024x180.jpg\" class=\"attachment-large size-large\" alt=\"\" loading=\"lazy\" srcset=\"https:\/\/snalc.fr\/wp-content\/uploads\/20221124_IS_bandeau-1024x180.jpg 1024w, https:\/\/snalc.fr\/wp-content\/uploads\/20221124_IS_bandeau-300x53.jpg 300w, https:\/\/snalc.fr\/wp-content\/uploads\/20221124_IS_bandeau-768x135.jpg 768w, https:\/\/snalc.fr\/wp-content\/uploads\/20221124_IS_bandeau-1536x270.jpg 1536w, https:\/\/snalc.fr\/wp-content\/uploads\/20221124_IS_bandeau.jpg 1735w\" sizes=\"auto, (max-width: 800px) 100vw, 800px\" width=\"800\" height=\"141\">\t\t\t\t\t\t\t\t\t\t\t\t\t\t\t<\/div>\n\t\t\t\t<\/div>\n\t\t\t\t\t<\/div>\n\t\t<\/div>\n\t\t\t\t\t\t\t<\/div>\n\t\t<\/section>\n\t\t\t\t<section class=\"elementor-section elementor-top-section elementor-element elementor-element-3b24e42 elementor-section-boxed elementor-section-height-default elementor-section-height-default\" data-id=\"3b24e42\" data-element_type=\"section\">\n\t\t\t\t\t\t<div class=\"elementor-container elementor-column-gap-default\">\n\t\t\t\t\t<div class=\"elementor-column elementor-col-100 elementor-top-column elementor-element elementor-element-42d0298\" data-id=\"42d0298\" data-element_type=\"column\">\n\t\t\t<div class=\"elementor-widget-wrap elementor-element-populated\">\n\t\t\t\t\t\t\t\t<div class=\"elementor-element elementor-element-57a6334 elementor-widget elementor-widget-text-editor\" data-id=\"57a6334\" data-element_type=\"widget\" data-widget_type=\"text-editor.default\">\n\t\t\t\t<div class=\"elementor-widget-container\">\n\t\t\t\t\t\t\t<p>Apr\u00e8s une premi\u00e8re journ\u00e9e de gr\u00e8ve majoritaire dans les lyc\u00e9es professionnels contre le projet de r\u00e9forme des lyc\u00e9es professionnels, le deuxi\u00e8me temps fort du mardi 17 novembre est une \u00e9tape r\u00e9ussie qui installe la contestation des professeurs de lyc\u00e9e professionnel dans le paysage social et dans la dur\u00e9e.<\/p><p>Ces mobilisations sont essentielles et indispensables pour forcer le gouvernement \u00e0 abandonner son projet initial. Le minist\u00e8re de l\u2019\u00c9ducation nationale a enfin conc\u00e9d\u00e9 un premier recul en convoquant, d\u00e8s vendredi, une r\u00e9union d\u2019\u00e9changes sur la situation de la voie professionnelle hors cadre du projet de r\u00e9forme. \u00catre re\u00e7u par le minist\u00e8re de l\u2019\u00c9ducation nationale \u00e9tait une de nos revendications, c\u2019est pourquoi nos organisations syndicales s\u2019y rendront pour porter nos revendications et la voix des personnels \u2013 notamment l\u2019urgence sociale de renforcer nos lyc\u00e9es professionnels pour faire r\u00e9ussir tous les jeunes.<\/p><p>D\u2019ores et d\u00e9j\u00e0, l\u2019intersyndicale soutient toutes les initiatives des \u00e9tablissements mobilis\u00e9s notamment contre les fermetures brutales d\u00e9cid\u00e9es pour septembre 2023, \u00e0 Paris comme dans le Grand- Est.<\/p><p>Ce premier recul ne signifie pas un abandon du projet de r\u00e9forme. L\u2019intersyndicale maintient donc sa volont\u00e9 de continuer les luttes et appelle les coll\u00e8gues \u00e0 poursuivre la mobilisation sous des formes diverses et vari\u00e9es pour montrer leur opposition r\u00e9solue contre ce projet, en organisant en particulier des actions \u00e9tablissements sur le mois de d\u00e9cembre (d\u00e9ploiement de banderoles, interpellations des \u00e9lus r\u00e9gionaux, r\u00e9unions avec les parents, tractages\u2026) dans la perspective de construire une troisi\u00e8me journ\u00e9e de mobilisation en janvier.<\/p>\t\t\t\t\t\t<\/div>\n\t\t\t\t<\/div>\n\t\t\t\t\t<\/div>\n\t\t<\/div>\n\t\t\t\t\t\t\t<\/div>\n\t\t<\/section>\n\t\t\t\t<section class=\"elementor-section elementor-top-section elementor-element elementor-element-b3dcc16 elementor-section-boxed elementor-section-height-default elementor-section-height-default\" data-id=\"b3dcc16\" data-element_type=\"section\">\n\t\t\t\t\t\t<div class=\"elementor-container elementor-column-gap-default\">\n\t\t\t\t\t<div class=\"elementor-column elementor-col-100 elementor-top-column elementor-element elementor-element-c257544\" data-id=\"c257544\" data-element_type=\"column\">\n\t\t\t<div class=\"elementor-widget-wrap elementor-element-populated\">\n\t\t\t\t\t\t\t\t<div class=\"elementor-element elementor-element-5e90978 elementor-align-center elementor-widget elementor-widget-button\" data-id=\"5e90978\" data-element_type=\"widget\" data-widget_type=\"button.default\">\n\t\t\t\t<div class=\"elementor-widget-container\">\n\t\t\t\t\t<div class=\"elementor-button-wrapper\">\n\t\t\t<a href=\"https:\/\/snalc.fr\/wp-content\/uploads\/20221124_VoiePro_IS.pdf\" class=\"elementor-button-link elementor-button elementor-size-sm\" role=\"button\">\n\t\t\t\t\t\t<span class=\"elementor-button-content-wrapper\">\n\t\t\t\t\t\t\t<span class=\"elementor-button-icon elementor-align-icon-left\">\n\t\t\t\t<i aria-hidden=\"true\" class=\"fas fa-file-download\"><\/i>\t\t\t<\/span>\n\t\t\t\t\t\t<span class=\"elementor-button-text\">T\u00e9l\u00e9charger<\/span>\n","protected":false},"excerpt":{"rendered":"<p>\u00a9 iStock_Ridofranz L\u2019intersyndicale plus que jamais mobilis\u00e9e contre le projet de r\u00e9forme des lyc\u00e9es professionnels Apr\u00e8s une premi\u00e8re journ\u00e9e de gr\u00e8ve majoritaire dans les lyc\u00e9es professionnels contre le projet de [&hellip;]<\/p>\n","protected":false},"author":1,"featured_media":0,"comment_status":"closed","ping_status":"closed","sticky":false,"template":"","format":"standard","meta":{"_lmt_disableupdate":"","_lmt_disable":"","site-sidebar-layout":"default","site-content-layout":"","ast-site-content-layout":"default","site-content-style":"default","site-sidebar-style":"default","ast-global-header-display":"","ast-banner-title-visibility":"","ast-main-header-display":"","ast-hfb-above-header-display":"","ast-hfb-below-header-display":"","ast-hfb-mobile-header-display":"","site-post-title":"","ast-breadcrumbs-content":"","ast-featured-img":"","footer-sml-layout":"","ast-disable-related-posts":"","theme-transparent-header-meta":"","adv-header-id-meta":"","stick-header-meta":"","header-above-stick-meta":"","header-main-stick-meta":"","header-below-stick-meta":"","astra-migrate-meta-layouts":"default","ast-page-background-enabled":"default","ast-page-background-meta":{"desktop":{"background-color":"var(--ast-global-color-4)","background-image":"","background-repeat":"repeat","background-position":"center center","background-size":"auto","background-attachment":"scroll","background-type":"","background-media":"","overlay-type":"","overlay-color":"","overlay-opacity":"","overlay-gradient":""},"tablet":{"background-color":"","background-image":"","background-repeat":"repeat","background-position":"center center","background-size":"auto","background-attachment":"scroll","background-type":"","background-media":"","overlay-type":"","overlay-color":"","overlay-opacity":"","overlay-gradient":""},"mobile":{"background-color":"","background-image":"","background-repeat":"repeat","background-position":"center center","background-size":"auto","background-attachment":"scroll","background-type":"","background-media":"","overlay-type":"","overlay-color":"","overlay-opacity":"","overlay-gradient":""}},"ast-content-background-meta":{"desktop":{"background-color":"var(--ast-global-color-5)","background-image":"","background-repeat":"repeat","background-position":"center center","background-size":"auto","background-attachment":"scroll","background-type":"","background-media":"","overlay-type":"","overlay-color":"","overlay-opacity":"","overlay-gradient":""},"tablet":{"background-color":"var(--ast-global-color-5)","background-image":"","background-repeat":"repeat","background-position":"center center","background-size":"auto","background-attachment":"scroll","background-type":"","background-media":"","overlay-type":"","overlay-color":"","overlay-opacity":"","overlay-gradient":""},"mobile":{"background-color":"var(--ast-global-color-5)","background-image":"","background-repeat":"repeat","background-position":"center center","background-size":"auto","background-attachment":"scroll","background-type":"","background-media":"","overlay-type":"","overlay-color":"","overlay-opacity":"","overlay-gradient":""}},"footnotes":""},"categories":[31],"tags":[],"class_list":["post-621","post","type-post","status-publish","format-standard","hentry","category-actualites-2022-2023"],"modified_by":"slecourtier","_links":{"self":[{"href":"https:\/\/snalc.org\/snalc2023\/index.php?rest_route=\/wp\/v2\/posts\/621","targetHints":{"allow":["GET"]}}],"collection":[{"href":"https:\/\/snalc.org\/snalc2023\/index.php?rest_route=\/wp\/v2\/posts"}],"about":[{"href":"https:\/\/snalc.org\/snalc2023\/index.php?rest_route=\/wp\/v2\/types\/post"}],"author":[{"embeddable":true,"href":"https:\/\/snalc.org\/snalc2023\/index.php?rest_route=\/wp\/v2\/users\/1"}],"replies":[{"embeddable":true,"href":"https:\/\/snalc.org\/snalc2023\/index.php?rest_route=%2Fwp%2Fv2%2Fcomments&post=621"}],"version-history":[{"count":1,"href":"https:\/\/snalc.org\/snalc2023\/index.php?rest_route=\/wp\/v2\/posts\/621\/revisions"}],"predecessor-version":[{"id":622,"href":"https:\/\/snalc.org\/snalc2023\/index.php?rest_route=\/wp\/v2\/posts\/621\/revisions\/622"}],"wp:attachment":[{"href":"https:\/\/snalc.org\/snalc2023\/index.php?rest_route=%2Fwp%2Fv2%2Fmedia&parent=621"}],"wp:term":[{"taxonomy":"category","embeddable":true,"href":"https:\/\/snalc.org\/snalc2023\/index.php?rest_route=%2Fwp%2Fv2%2Fcategories&post=621"},{"taxonomy":"post_tag","embeddable":true,"href":"https:\/\/snalc.org\/snalc2023\/index.php?rest_route=%2Fwp%2Fv2%2Ftags&post=621"}],"curies":[{"name":"wp","href":"https:\/\/api.w.org\/{rel}","templated":true}]}}