{"id":624,"date":"2022-11-25T17:40:38","date_gmt":"2022-11-25T16:40:38","guid":{"rendered":"https:\/\/snalc.org\/snalc2023\/?p=624"},"modified":"2022-11-25T17:40:40","modified_gmt":"2022-11-25T16:40:40","slug":"la-prise-en-compte-du-handicap-dans-len-enquete-du-snalc","status":"publish","type":"post","link":"https:\/\/snalc.org\/snalc2023\/?p=624","title":{"rendered":"La prise en compte du handicap dans l\u2019EN : enqu\u00eate du SNALC"},"content":{"rendered":"\n<img loading=\"lazy\" decoding=\"async\" src=\"https:\/\/snalc.fr\/wp-content\/uploads\/640px-Picto_handicap.svg_.png\" class=\"attachment-full size-full\" alt=\"\" loading=\"lazy\" srcset=\"https:\/\/snalc.fr\/wp-content\/uploads\/640px-Picto_handicap.svg_.png 640w, https:\/\/snalc.fr\/wp-content\/uploads\/640px-Picto_handicap.svg_-300x88.png 300w\" sizes=\"auto, (max-width: 640px) 100vw, 640px\" width=\"640\" height=\"187\">\t\t\t\t\t\t\t\t\t\t\t<figcaption class=\"widget-image-caption wp-caption-text\">\u00a9 Wikimedia Commons &#8211; Nerd06<\/figcaption>\n\t\t\t\t\t\t\t\t\t\t<\/figure>\n\t\t\t\t\t\t\t\t\t<\/div>\n\t\t\t\t<\/div>\n\t\t\t\t<div class=\"elementor-element elementor-element-2987e2d0 elementor-widget elementor-widget-theme-post-content\" data-id=\"2987e2d0\" data-element_type=\"widget\" data-widget_type=\"theme-post-content.default\">\n\t\t\t\t<div class=\"elementor-widget-container\">\n\t\t\t\t\t<div data-elementor-type=\"wp-post\" data-elementor-id=\"20102\" class=\"elementor elementor-20102\">\n\t\t\t\t\t\t\t\t\t<section class=\"elementor-section elementor-top-section elementor-element elementor-element-11ecea9 elementor-section-boxed elementor-section-height-default elementor-section-height-default\" data-id=\"11ecea9\" data-element_type=\"section\">\n\t\t\t\t\t\t<div class=\"elementor-container elementor-column-gap-default\">\n\t\t\t\t\t<div class=\"elementor-column elementor-col-100 elementor-top-column elementor-element elementor-element-fbaa6db\" data-id=\"fbaa6db\" data-element_type=\"column\">\n\t\t\t<div class=\"elementor-widget-wrap elementor-element-populated\">\n\t\t\t\t\t\t\t\t<div class=\"elementor-element elementor-element-1bb7916 elementor-widget elementor-widget-heading\" data-id=\"1bb7916\" data-element_type=\"widget\" data-widget_type=\"heading.default\">\n\t\t\t\t<div class=\"elementor-widget-container\">\n\t\t\t<h4 class=\"elementor-heading-title elementor-size-default\">R\u00e9sultats de l\u2019enqu\u00eate du SNALC<\/h4>\t\t<\/div>\n\t\t\t\t<\/div>\n\t\t\t\t<section class=\"elementor-section elementor-inner-section elementor-element elementor-element-3f98246 elementor-section-boxed elementor-section-height-default elementor-section-height-default\" data-id=\"3f98246\" data-element_type=\"section\">\n\t\t\t\t\t\t<div class=\"elementor-container elementor-column-gap-default\">\n\t\t\t\t\t<div class=\"elementor-column elementor-col-50 elementor-inner-column elementor-element elementor-element-bcccd8e\" data-id=\"bcccd8e\" data-element_type=\"column\">\n\t\t\t<div class=\"elementor-widget-wrap elementor-element-populated\">\n\t\t\t\t\t\t\t\t<div class=\"elementor-element elementor-element-2069f61 elementor-widget elementor-widget-text-editor\" data-id=\"2069f61\" data-element_type=\"widget\" data-widget_type=\"text-editor.default\">\n\t\t\t\t<div class=\"elementor-widget-container\">\n\t\t\t\t\t\t\t<p><strong>Vous trouverez ci-dessous les r\u00e9sultats de notre enqu\u00eate sur la prise en charge du handicap dans l\u2019\u00c9ducation nationale. R\u00e9alis\u00e9e aupr\u00e8s de l\u2019ensemble des personnels du 15&nbsp;septembre au 15&nbsp;octobre 2022, elle a suscit\u00e9 un r\u00e9el int\u00e9r\u00eat aupr\u00e8s des concern\u00e9s, qui s\u2019est traduit tant par le nombre important de r\u00e9pondants (3101) que par celui des t\u00e9moignages et demandes d\u2019aide ou de renseignements que nous avons re\u00e7us ensuite. Nous remercions toutes celles et tous ceux qui y ont r\u00e9pondu, nous permettant de dresser un tableau tr\u00e8s pr\u00e9cis de la mani\u00e8re dont les personnels handicap\u00e9s sont pris en charge dans notre minist\u00e8re.<\/strong><\/p><p><strong>Ainsi, vous constaterez que la situation des personnels poss\u00e9dant une RQTH se r\u00e9v\u00e8le sur presque tous les points aussi difficile que nous le soup\u00e7onnions.<\/strong><\/p>\t\t\t\t\t\t<\/div>\n\t\t\t\t<\/div>\n\t\t\t\t\t<\/div>\n\t\t<\/div>\n\t\t\t\t<div class=\"elementor-column elementor-col-50 elementor-inner-column elementor-element elementor-element-070b604\" data-id=\"070b604\" data-element_type=\"column\">\n\t\t\t<div class=\"elementor-widget-wrap elementor-element-populated\">\n\t\t\t\t\t\t\t\t<div class=\"elementor-element elementor-element-dae361b elementor-widget elementor-widget-text-editor\" data-id=\"dae361b\" data-element_type=\"widget\" data-widget_type=\"text-editor.default\">\n\t\t\t\t<div class=\"elementor-widget-container\">\n\t\t\t\t\t\t\t<p><strong><span style=\"font-family: var( --e-global-typography-text-font-family ), Sans-serif; color: var( --e-global-color-c94e945 ); letter-spacing: 0px;\">Au risque de briser le suspense, citons d\u00e8s \u00e0 pr\u00e9sent la r\u00e9ponse sans appel \u00e0 notre derni\u00e8re question&nbsp;: pr\u00e8s de 75&nbsp;% des r\u00e9pondants estiment ne pas \u00eatre accompagn\u00e9s efficacement par notre institution (avec une r\u00e9partition \u00e0 peu pr\u00e8s \u00e9gale entre \u00ab&nbsp;plut\u00f4t pas&nbsp;\u00bb et \u00ab&nbsp;pas du tout&nbsp;\u00bb).<\/span><\/strong><\/p><p><strong>D\u2019ores et d\u00e9j\u00e0, sachez que ces r\u00e9sultats ont \u00e9t\u00e9 envoy\u00e9s au directeur de cabinet du ministre et du directeur g\u00e9n\u00e9ral des ressources humaines, \u00e0 l\u2019appui d\u2019une demande d\u2019audience par notre pr\u00e9sident national. Nous vous ferons part d\u00e8s qu\u2019elle aura eu lieu des \u00e9changes et des r\u00e9ponses apport\u00e9es par l\u2019administration aux questions et revendications l\u00e9gitimes suscit\u00e9es par cette enqu\u00eate. En attendant, voici donc d\u00e9j\u00e0 dans cet article les r\u00e9sultats bruts de cette enqu\u00eate, d\u00e9j\u00e0 tr\u00e8s parlants par eux-m\u00eames.<\/strong><\/p>\t\t\t\t\t\t<\/div>\n\t\t\t\t<\/div>\n\t\t\t\t\t<\/div>\n\t\t<\/div>\n\t\t\t\t\t\t\t<\/div>\n\t\t<\/section>\n\t\t\t\t<div class=\"elementor-element elementor-element-1dcde3d elementor-widget elementor-widget-text-editor\" data-id=\"1dcde3d\" data-element_type=\"widget\" data-widget_type=\"text-editor.default\">\n\t\t\t\t<div class=\"elementor-widget-container\">\n\t\t\t\t\t\t\t<p style=\"text-align: right;\">Elise BOZEC, responsable du&nbsp;P\u00f4le sant\u00e9-handicap du SNALC<br><a href=\"mailto:CLM.CLD.RQTH@snalc.fr\">CLM.CLD.RQTH@snalc.fr<\/a><\/p>\t\t\t\t\t\t<\/div>\n\t\t\t\t<\/div>\n\t\t\t\t\t<\/div>\n\t\t<\/div>\n\t\t\t\t\t\t\t<\/div>\n\t\t<\/section>\n\t\t\t\t<section class=\"elementor-section elementor-top-section elementor-element elementor-element-9c81527 elementor-section-boxed elementor-section-height-default elementor-section-height-default\" data-id=\"9c81527\" data-element_type=\"section\">\n\t\t\t\t\t\t<div class=\"elementor-container elementor-column-gap-default\">\n\t\t\t\t\t<div class=\"elementor-column elementor-col-100 elementor-top-column elementor-element elementor-element-5bee62f\" data-id=\"5bee62f\" data-element_type=\"column\">\n\t\t\t<div class=\"elementor-widget-wrap elementor-element-populated\">\n\t\t\t\t\t\t\t\t<div class=\"elementor-element elementor-element-882c996 elementor-widget elementor-widget-spacer\" data-id=\"882c996\" data-element_type=\"widget\" data-widget_type=\"spacer.default\">\n\t\t\t\t<div class=\"elementor-widget-container\">\n\t\t\t\t\t<div class=\"elementor-spacer\">\n\t\t\t<div class=\"elementor-spacer-inner\"><\/div>\n\t\t<\/div>\n\t\t\t\t<\/div>\n\t\t\t\t<\/div>\n\t\t\t\t<div class=\"elementor-element elementor-element-50b161d elementor-widget elementor-widget-heading\" data-id=\"50b161d\" data-element_type=\"widget\" data-widget_type=\"heading.default\">\n\t\t\t\t<div class=\"elementor-widget-container\">\n\t\t\t<h5 class=\"elementor-heading-title elementor-size-default\">La situation des r\u00e9pondants<\/h5>\t\t<\/div>\n\t\t\t\t<\/div>\n\t\t\t\t<div class=\"elementor-element elementor-element-d06b159 elementor-widget elementor-widget-text-editor\" data-id=\"d06b159\" data-element_type=\"widget\" data-widget_type=\"text-editor.default\">\n\t\t\t\t<div class=\"elementor-widget-container\">\n\t\t\t\t\t\t\t<p>Les r\u00e9pondants \u00e0 notre enqu\u00eate exercent dans toutes les acad\u00e9mies (administration centrale et d\u00e9tach\u00e9s compris). Les acad\u00e9mies les plus repr\u00e9sent\u00e9es sont celles de Lille puis de Versailles.<\/p>\t\t\t\t\t\t<\/div>\n\t\t\t\t<\/div>\n\t\t\t\t<div class=\"elementor-element elementor-element-fbc2e4b elementor-widget elementor-widget-image\" data-id=\"fbc2e4b\" data-element_type=\"widget\" data-widget_type=\"image.default\">\n\t\t\t\t<div class=\"elementor-widget-container\">\n\t\t\t\t\t\t\t\t\t\t\t\t\t\t\t<img loading=\"lazy\" decoding=\"async\" src=\"https:\/\/snalc.fr\/wp-content\/uploads\/SNALC_enqueteRQTH_tab1.png\" class=\"attachment-large size-large\" alt=\"\" loading=\"lazy\" srcset=\"https:\/\/snalc.fr\/wp-content\/uploads\/SNALC_enqueteRQTH_tab1.png 1024w, https:\/\/snalc.fr\/wp-content\/uploads\/SNALC_enqueteRQTH_tab1-300x225.png 300w, https:\/\/snalc.fr\/wp-content\/uploads\/SNALC_enqueteRQTH_tab1-768x576.png 768w\" sizes=\"auto, (max-width: 800px) 100vw, 800px\" width=\"800\" height=\"600\">\t\t\t\t\t\t\t\t\t\t\t\t\t\t\t<\/div>\n\t\t\t\t<\/div>\n\t\t\t\t<div class=\"elementor-element elementor-element-c44a0f2 elementor-widget elementor-widget-text-editor\" data-id=\"c44a0f2\" data-element_type=\"widget\" data-widget_type=\"text-editor.default\">\n\t\t\t\t<div class=\"elementor-widget-container\">\n\t\t\t\t\t\t\t<p>Tous les corps de personnels sont repr\u00e9sent\u00e9s. Les enseignants sont les plus nombreux (professeurs certifi\u00e9s en premier, puis les professeurs des \u00e9coles), ce qui est logique puisqu\u2019ils repr\u00e9sentent la majeure partie des effectifs du minist\u00e8re (72,3&nbsp;% en 2021 selon la DEPP). Concernant les personnels non enseignants, les ADJAENES et les contractuels charg\u00e9s du suivi et de l\u2019accompagnement (AED, AESH) sont les plus nombreux parmi les r\u00e9pondants.<\/p>\t\t\t\t\t\t<\/div>\n\t\t\t\t<\/div>\n\t\t\t\t<div class=\"elementor-element elementor-element-9eba18c elementor-widget elementor-widget-image\" data-id=\"9eba18c\" data-element_type=\"widget\" data-widget_type=\"image.default\">\n\t\t\t\t<div class=\"elementor-widget-container\">\n\t\t\t\t\t\t\t\t\t\t\t\t\t\t\t<img loading=\"lazy\" decoding=\"async\" src=\"https:\/\/snalc.fr\/wp-content\/uploads\/SNALC_enqueteRQTH_tab2.png\" class=\"attachment-large size-large\" alt=\"\" loading=\"lazy\" srcset=\"https:\/\/snalc.fr\/wp-content\/uploads\/SNALC_enqueteRQTH_tab2.png 1024w, https:\/\/snalc.fr\/wp-content\/uploads\/SNALC_enqueteRQTH_tab2-300x225.png 300w, https:\/\/snalc.fr\/wp-content\/uploads\/SNALC_enqueteRQTH_tab2-768x576.png 768w\" sizes=\"auto, (max-width: 800px) 100vw, 800px\" width=\"800\" height=\"600\">\t\t\t\t\t\t\t\t\t\t\t\t\t\t\t<\/div>\n\t\t\t\t<\/div>\n\t\t\t\t<div class=\"elementor-element elementor-element-62e03f9 elementor-widget elementor-widget-text-editor\" data-id=\"62e03f9\" data-element_type=\"widget\" data-widget_type=\"text-editor.default\">\n\t\t\t\t<div class=\"elementor-widget-container\">\n\t\t\t\t\t\t\t<p>La grande majorit\u00e9 des r\u00e9pondants (71,9&nbsp;%) poss\u00e8de une RQTH depuis plus de trois ans.<\/p>\t\t\t\t\t\t<\/div>\n\t\t\t\t<\/div>\n\t\t\t\t<div class=\"elementor-element elementor-element-f5391ac elementor-widget elementor-widget-image\" data-id=\"f5391ac\" data-element_type=\"widget\" data-widget_type=\"image.default\">\n\t\t\t\t<div class=\"elementor-widget-container\">\n\t\t\t\t\t\t\t\t\t\t\t\t\t\t\t<img loading=\"lazy\" decoding=\"async\" src=\"https:\/\/snalc.fr\/wp-content\/uploads\/SNALC_enqueteRQTH_tab3.png\" class=\"attachment-large size-large\" alt=\"\" loading=\"lazy\" srcset=\"https:\/\/snalc.fr\/wp-content\/uploads\/SNALC_enqueteRQTH_tab3.png 1024w, https:\/\/snalc.fr\/wp-content\/uploads\/SNALC_enqueteRQTH_tab3-300x225.png 300w, https:\/\/snalc.fr\/wp-content\/uploads\/SNALC_enqueteRQTH_tab3-768x576.png 768w\" sizes=\"auto, (max-width: 800px) 100vw, 800px\" width=\"800\" height=\"600\">\t\t\t\t\t\t\t\t\t\t\t\t\t\t\t<\/div>\n\t\t\t\t<\/div>\n\t\t\t\t<div class=\"elementor-element elementor-element-975e116 elementor-widget elementor-widget-text-editor\" data-id=\"975e116\" data-element_type=\"widget\" data-widget_type=\"text-editor.default\">\n\t\t\t\t<div class=\"elementor-widget-container\">\n\t\t\t\t\t\t\t<p>Le handicap invisible est le plus largement r\u00e9pandu parmi les r\u00e9pondants (pr\u00e8s de 86&nbsp;%), ce qui est un peu plus que les chiffres en population g\u00e9n\u00e9rale (80&nbsp;%, voir par exemple le site de l\u2019APF).<\/p>\t\t\t\t\t\t<\/div>\n\t\t\t\t<\/div>\n\t\t\t\t<div class=\"elementor-element elementor-element-00812bb elementor-widget elementor-widget-image\" data-id=\"00812bb\" data-element_type=\"widget\" data-widget_type=\"image.default\">\n\t\t\t\t<div class=\"elementor-widget-container\">\n\t\t\t\t\t\t\t\t\t\t\t\t\t\t\t<img loading=\"lazy\" decoding=\"async\" src=\"https:\/\/snalc.fr\/wp-content\/uploads\/SNALC_enqueteRQTH_tab4.png\" class=\"attachment-large size-large\" alt=\"\" loading=\"lazy\" srcset=\"https:\/\/snalc.fr\/wp-content\/uploads\/SNALC_enqueteRQTH_tab4.png 1024w, https:\/\/snalc.fr\/wp-content\/uploads\/SNALC_enqueteRQTH_tab4-300x225.png 300w, https:\/\/snalc.fr\/wp-content\/uploads\/SNALC_enqueteRQTH_tab4-768x576.png 768w\" sizes=\"auto, (max-width: 800px) 100vw, 800px\" width=\"800\" height=\"600\">\t\t\t\t\t\t\t\t\t\t\t\t\t\t\t<\/div>\n\t\t\t\t<\/div>\n\t\t\t\t\t<\/div>\n\t\t<\/div>\n\t\t\t\t\t\t\t<\/div>\n\t\t<\/section>\n\t\t\t\t<section class=\"elementor-section elementor-top-section elementor-element elementor-element-9232c04 elementor-section-boxed elementor-section-height-default elementor-section-height-default\" data-id=\"9232c04\" data-element_type=\"section\">\n\t\t\t\t\t\t<div class=\"elementor-container elementor-column-gap-default\">\n\t\t\t\t\t<div class=\"elementor-column elementor-col-100 elementor-top-column elementor-element elementor-element-bd3da26\" data-id=\"bd3da26\" data-element_type=\"column\">\n\t\t\t<div class=\"elementor-widget-wrap elementor-element-populated\">\n\t\t\t\t\t\t\t\t<div class=\"elementor-element elementor-element-df5c4be elementor-widget elementor-widget-spacer\" data-id=\"df5c4be\" data-element_type=\"widget\" data-widget_type=\"spacer.default\">\n\t\t\t\t<div class=\"elementor-widget-container\">\n\t\t\t\t\t<div class=\"elementor-spacer\">\n\t\t\t<div class=\"elementor-spacer-inner\"><\/div>\n\t\t<\/div>\n\t\t\t\t<\/div>\n\t\t\t\t<\/div>\n\t\t\t\t<div class=\"elementor-element elementor-element-00ab4cc elementor-widget elementor-widget-heading\" data-id=\"00ab4cc\" data-element_type=\"widget\" data-widget_type=\"heading.default\">\n\t\t\t\t<div class=\"elementor-widget-container\">\n\t\t\t<h5 class=\"elementor-heading-title elementor-size-default\">Le suivi des r\u00e9pondants<\/h5>\t\t<\/div>\n\t\t\t\t<\/div>\n\t\t\t\t<div class=\"elementor-element elementor-element-be1b5cc elementor-widget elementor-widget-text-editor\" data-id=\"be1b5cc\" data-element_type=\"widget\" data-widget_type=\"text-editor.default\">\n\t\t\t\t<div class=\"elementor-widget-container\">\n\t\t\t\t\t\t\t<p>Seuls 20&nbsp;% des r\u00e9pondants ont rencontr\u00e9 le correspondant handicap. Le motif le plus fr\u00e9quent pour ne pas l\u2019avoir fait (plus de 46&nbsp;%), est qu\u2019ils n\u2019en ont pas dans leur acad\u00e9mie, ou ignorent s\u2019il y en a un.<\/p>\t\t\t\t\t\t<\/div>\n\t\t\t\t<\/div>\n\t\t\t\t<div class=\"elementor-element elementor-element-db1f18c elementor-widget elementor-widget-image\" data-id=\"db1f18c\" data-element_type=\"widget\" data-widget_type=\"image.default\">\n\t\t\t\t<div class=\"elementor-widget-container\">\n\t\t\t\t\t\t\t\t\t\t\t\t\t\t\t<img loading=\"lazy\" decoding=\"async\" src=\"https:\/\/snalc.fr\/wp-content\/uploads\/SNALC_enqueteRQTH_tab5.png\" class=\"attachment-large size-large\" alt=\"\" loading=\"lazy\" srcset=\"https:\/\/snalc.fr\/wp-content\/uploads\/SNALC_enqueteRQTH_tab5.png 1024w, https:\/\/snalc.fr\/wp-content\/uploads\/SNALC_enqueteRQTH_tab5-300x225.png 300w, https:\/\/snalc.fr\/wp-content\/uploads\/SNALC_enqueteRQTH_tab5-768x576.png 768w\" sizes=\"auto, (max-width: 800px) 100vw, 800px\" width=\"800\" height=\"600\">\t\t\t\t\t\t\t\t\t\t\t\t\t\t\t<\/div>\n\t\t\t\t<\/div>\n\t\t\t\t<div class=\"elementor-element elementor-element-eb24d91 elementor-widget elementor-widget-text-editor\" data-id=\"eb24d91\" data-element_type=\"widget\" data-widget_type=\"text-editor.default\">\n\t\t\t\t<div class=\"elementor-widget-container\">\n\t\t\t\t\t\t\t<p>Pour ceux qui ont rencontr\u00e9 le correspondant handicap, la rencontre a \u00e9t\u00e9 a minima peu utile, \u00e0 76&nbsp;%.<\/p>\t\t\t\t\t\t<\/div>\n\t\t\t\t<\/div>\n\t\t\t\t<div class=\"elementor-element elementor-element-53e1c6c elementor-widget elementor-widget-image\" data-id=\"53e1c6c\" data-element_type=\"widget\" data-widget_type=\"image.default\">\n\t\t\t\t<div class=\"elementor-widget-container\">\n\t\t\t\t\t\t\t\t\t\t\t\t\t\t\t<img loading=\"lazy\" decoding=\"async\" src=\"https:\/\/snalc.fr\/wp-content\/uploads\/SNALC_enqueteRQTH_tab6.png\" class=\"attachment-large size-large\" alt=\"\" loading=\"lazy\" srcset=\"https:\/\/snalc.fr\/wp-content\/uploads\/SNALC_enqueteRQTH_tab6.png 1024w, https:\/\/snalc.fr\/wp-content\/uploads\/SNALC_enqueteRQTH_tab6-300x225.png 300w, https:\/\/snalc.fr\/wp-content\/uploads\/SNALC_enqueteRQTH_tab6-768x576.png 768w\" sizes=\"auto, (max-width: 800px) 100vw, 800px\" width=\"800\" height=\"600\">\t\t\t\t\t\t\t\t\t\t\t\t\t\t\t<\/div>\n\t\t\t\t<\/div>\n\t\t\t\t<div class=\"elementor-element elementor-element-fc2a208 elementor-widget elementor-widget-text-editor\" data-id=\"fc2a208\" data-element_type=\"widget\" data-widget_type=\"text-editor.default\">\n\t\t\t\t<div class=\"elementor-widget-container\">\n\t\t\t\t\t\t\t<p>Contrairement au correspondant handicap, le m\u00e9decin de pr\u00e9vention a \u00e9t\u00e9 rencontr\u00e9 par une majorit\u00e9 de r\u00e9pondants (pr\u00e8s de 61&nbsp;%). Notons que cela a pu \u00e9galement \u00eatre un autre personnel du service m\u00e9dical (infirmi\u00e8re, par exemple). Le motif le plus fr\u00e9quent avanc\u00e9 par les r\u00e9pondants pour ne pas avoir rencontr\u00e9 le m\u00e9decin (plus de 20&nbsp;%), est qu\u2019ils n\u2019en ont pas dans leur acad\u00e9mie, ou ignorent s\u2019il y en a un. 10&nbsp;% environ n\u2019ont pas r\u00e9ussi \u00e0 obtenir de rendez-vous. Pr\u00e9cisons \u00e9galement que nombre de r\u00e9pondants pr\u00e9cisent dans la question ouverte que le rendez-vous obtenu avec le m\u00e9decin \u00e9tait t\u00e9l\u00e9phonique uniquement.<\/p>\t\t\t\t\t\t<\/div>\n\t\t\t\t<\/div>\n\t\t\t\t<div class=\"elementor-element elementor-element-f3e36cb elementor-widget elementor-widget-image\" data-id=\"f3e36cb\" data-element_type=\"widget\" data-widget_type=\"image.default\">\n\t\t\t\t<div class=\"elementor-widget-container\">\n\t\t\t\t\t\t\t\t\t\t\t\t\t\t\t<img loading=\"lazy\" decoding=\"async\" src=\"https:\/\/snalc.fr\/wp-content\/uploads\/SNALC_enqueteRQTH_tab7.png\" class=\"attachment-large size-large\" alt=\"\" loading=\"lazy\" srcset=\"https:\/\/snalc.fr\/wp-content\/uploads\/SNALC_enqueteRQTH_tab7.png 1024w, https:\/\/snalc.fr\/wp-content\/uploads\/SNALC_enqueteRQTH_tab7-300x225.png 300w, https:\/\/snalc.fr\/wp-content\/uploads\/SNALC_enqueteRQTH_tab7-768x576.png 768w\" sizes=\"auto, (max-width: 800px) 100vw, 800px\" width=\"800\" height=\"600\">\t\t\t\t\t\t\t\t\t\t\t\t\t\t\t<\/div>\n\t\t\t\t<\/div>\n\t\t\t\t<div class=\"elementor-element elementor-element-0ea2a20 elementor-widget elementor-widget-text-editor\" data-id=\"0ea2a20\" data-element_type=\"widget\" data-widget_type=\"text-editor.default\">\n\t\t\t\t<div class=\"elementor-widget-container\">\n\t\t\t\t\t\t\t<p>Pour ceux qui ont rencontr\u00e9 le m\u00e9decin, le temps d\u2019attente pour avoir un rendez-vous a \u00e9t\u00e9 tr\u00e8s variable&nbsp;: pour 34&nbsp;% des r\u00e9pondants, cela a pris moins d\u2019un mois, pour 32&nbsp;%, entre un et deux mois, pour 14&nbsp;% entre deux et trois mois, et enfin, pour pr\u00e8s de 20&nbsp;%, plus de trois mois.<\/p>\t\t\t\t\t\t<\/div>\n\t\t\t\t<\/div>\n\t\t\t\t<div class=\"elementor-element elementor-element-8cb856e elementor-widget elementor-widget-image\" data-id=\"8cb856e\" data-element_type=\"widget\" data-widget_type=\"image.default\">\n\t\t\t\t<div class=\"elementor-widget-container\">\n\t\t\t\t\t\t\t\t\t\t\t\t\t\t\t<img loading=\"lazy\" decoding=\"async\" src=\"https:\/\/snalc.fr\/wp-content\/uploads\/SNALC_enqueteRQTH_tab8.png\" class=\"attachment-large size-large\" alt=\"\" loading=\"lazy\" srcset=\"https:\/\/snalc.fr\/wp-content\/uploads\/SNALC_enqueteRQTH_tab8.png 1024w, https:\/\/snalc.fr\/wp-content\/uploads\/SNALC_enqueteRQTH_tab8-300x225.png 300w, https:\/\/snalc.fr\/wp-content\/uploads\/SNALC_enqueteRQTH_tab8-768x576.png 768w\" sizes=\"auto, (max-width: 800px) 100vw, 800px\" width=\"800\" height=\"600\">\t\t\t\t\t\t\t\t\t\t\t\t\t\t\t<\/div>\n\t\t\t\t<\/div>\n\t\t\t\t<div class=\"elementor-element elementor-element-929ac55 elementor-widget elementor-widget-text-editor\" data-id=\"929ac55\" data-element_type=\"widget\" data-widget_type=\"text-editor.default\">\n\t\t\t\t<div class=\"elementor-widget-container\">\n\t\t\t\t\t\t\t<p>Moins de la moiti\u00e9 des r\u00e9pondants (45,5&nbsp;%) indiquent que le m\u00e9decin de pr\u00e9vention a r\u00e9dig\u00e9 des pr\u00e9conisations concernant l\u2019adaptation de leur poste de travail. Le nombre de ceux qui ignorent si des pr\u00e9conisations ont \u00e9t\u00e9 \u00e9mises est important (15&nbsp;%).<\/p>\t\t\t\t\t\t<\/div>\n\t\t\t\t<\/div>\n\t\t\t\t<div class=\"elementor-element elementor-element-80ea383 elementor-widget elementor-widget-image\" data-id=\"80ea383\" data-element_type=\"widget\" data-widget_type=\"image.default\">\n\t\t\t\t<div class=\"elementor-widget-container\">\n\t\t\t\t\t\t\t\t\t\t\t\t\t\t\t<img loading=\"lazy\" decoding=\"async\" src=\"https:\/\/snalc.fr\/wp-content\/uploads\/SNALC_enqueteRQTH_tab9.png\" class=\"attachment-large size-large\" alt=\"\" loading=\"lazy\" srcset=\"https:\/\/snalc.fr\/wp-content\/uploads\/SNALC_enqueteRQTH_tab9.png 1024w, https:\/\/snalc.fr\/wp-content\/uploads\/SNALC_enqueteRQTH_tab9-300x225.png 300w, https:\/\/snalc.fr\/wp-content\/uploads\/SNALC_enqueteRQTH_tab9-768x576.png 768w\" sizes=\"auto, (max-width: 800px) 100vw, 800px\" width=\"800\" height=\"600\">\t\t\t\t\t\t\t\t\t\t\t\t\t\t\t<\/div>\n\t\t\t\t<\/div>\n\t\t\t\t<div class=\"elementor-element elementor-element-45ff58d elementor-widget elementor-widget-text-editor\" data-id=\"45ff58d\" data-element_type=\"widget\" data-widget_type=\"text-editor.default\">\n\t\t\t\t<div class=\"elementor-widget-container\">\n\t\t\t\t\t\t\t<p>Parmi ceux pour lesquels aucune pr\u00e9conisation concernant l\u2019adaptation de leur poste de travail n\u2019a \u00e9t\u00e9 faite, ou qui l\u2019ignorent, les trois quarts estiment que cela aurait pourtant d\u00fb \u00eatre le cas.<\/p>\t\t\t\t\t\t<\/div>\n\t\t\t\t<\/div>\n\t\t\t\t<div class=\"elementor-element elementor-element-8c77671 elementor-widget elementor-widget-image\" data-id=\"8c77671\" data-element_type=\"widget\" data-widget_type=\"image.default\">\n\t\t\t\t<div class=\"elementor-widget-container\">\n\t\t\t\t\t\t\t\t\t\t\t\t\t\t\t<img loading=\"lazy\" decoding=\"async\" src=\"https:\/\/snalc.fr\/wp-content\/uploads\/SNALC_enqueteRQTH_tab10.png\" class=\"attachment-large size-large\" alt=\"\" loading=\"lazy\" srcset=\"https:\/\/snalc.fr\/wp-content\/uploads\/SNALC_enqueteRQTH_tab10.png 1024w, https:\/\/snalc.fr\/wp-content\/uploads\/SNALC_enqueteRQTH_tab10-300x225.png 300w, https:\/\/snalc.fr\/wp-content\/uploads\/SNALC_enqueteRQTH_tab10-768x576.png 768w\" sizes=\"auto, (max-width: 800px) 100vw, 800px\" width=\"800\" height=\"600\">\t\t\t\t\t\t\t\t\t\t\t\t\t\t\t<\/div>\n\t\t\t\t<\/div>\n\t\t\t\t<div class=\"elementor-element elementor-element-de7ac97 elementor-widget elementor-widget-text-editor\" data-id=\"de7ac97\" data-element_type=\"widget\" data-widget_type=\"text-editor.default\">\n\t\t\t\t<div class=\"elementor-widget-container\">\n\t\t\t\t\t\t\t<p>Pour ce qui concerne les pr\u00e9conisations faites par le m\u00e9decin de pr\u00e9vention, elles sont jug\u00e9es adapt\u00e9es par pr\u00e8s de 80&nbsp;% des r\u00e9pondants (\u00ab&nbsp;tout \u00e0 fait&nbsp;\u00bb adapt\u00e9es \u00e0 31&nbsp;% seulement cependant).<\/p>\t\t\t\t\t\t<\/div>\n\t\t\t\t<\/div>\n\t\t\t\t<div class=\"elementor-element elementor-element-4dba490 elementor-widget elementor-widget-image\" data-id=\"4dba490\" data-element_type=\"widget\" data-widget_type=\"image.default\">\n\t\t\t\t<div class=\"elementor-widget-container\">\n\t\t\t\t\t\t\t\t\t\t\t\t\t\t\t<img loading=\"lazy\" decoding=\"async\" src=\"https:\/\/snalc.fr\/wp-content\/uploads\/SNALC_enqueteRQTH_tab11.png\" class=\"attachment-large size-large\" alt=\"\" loading=\"lazy\" srcset=\"https:\/\/snalc.fr\/wp-content\/uploads\/SNALC_enqueteRQTH_tab11.png 1024w, https:\/\/snalc.fr\/wp-content\/uploads\/SNALC_enqueteRQTH_tab11-300x225.png 300w, https:\/\/snalc.fr\/wp-content\/uploads\/SNALC_enqueteRQTH_tab11-768x576.png 768w\" sizes=\"auto, (max-width: 800px) 100vw, 800px\" width=\"800\" height=\"600\">\t\t\t\t\t\t\t\t\t\t\t\t\t\t\t<\/div>\n\t\t\t\t<\/div>\n\t\t\t\t<div class=\"elementor-element elementor-element-fcfd5a9 elementor-widget elementor-widget-text-editor\" data-id=\"fcfd5a9\" data-element_type=\"widget\" data-widget_type=\"text-editor.default\">\n\t\t\t\t<div class=\"elementor-widget-container\">\n\t\t\t\t\t\t\t<p>Si pour presque un quart des agents concern\u00e9s (23,5&nbsp;%) les pr\u00e9conisations ont \u00e9t\u00e9 appliqu\u00e9es en moins d\u2019un mois, le d\u00e9lai d\u00e9passe les trois mois pour plus de la moiti\u00e9 (52,5&nbsp;%).<\/p>\t\t\t\t\t\t<\/div>\n\t\t\t\t<\/div>\n\t\t\t\t<div class=\"elementor-element elementor-element-a60c563 elementor-widget elementor-widget-image\" data-id=\"a60c563\" data-element_type=\"widget\" data-widget_type=\"image.default\">\n\t\t\t\t<div class=\"elementor-widget-container\">\n\t\t\t\t\t\t\t\t\t\t\t\t\t\t\t<img loading=\"lazy\" decoding=\"async\" src=\"https:\/\/snalc.fr\/wp-content\/uploads\/SNALC_enqueteRQTH_tab12.png\" class=\"attachment-large size-large\" alt=\"\" loading=\"lazy\" srcset=\"https:\/\/snalc.fr\/wp-content\/uploads\/SNALC_enqueteRQTH_tab12.png 1024w, https:\/\/snalc.fr\/wp-content\/uploads\/SNALC_enqueteRQTH_tab12-300x225.png 300w, https:\/\/snalc.fr\/wp-content\/uploads\/SNALC_enqueteRQTH_tab12-768x576.png 768w\" sizes=\"auto, (max-width: 800px) 100vw, 800px\" width=\"800\" height=\"600\">\t\t\t\t\t\t\t\t\t\t\t\t\t\t\t<\/div>\n\t\t\t\t<\/div>\n\t\t\t\t<div class=\"elementor-element elementor-element-fa3777b elementor-widget elementor-widget-text-editor\" data-id=\"fa3777b\" data-element_type=\"widget\" data-widget_type=\"text-editor.default\">\n\t\t\t\t<div class=\"elementor-widget-container\">\n\t\t\t\t\t\t\t<p>Les pr\u00e9conisations faites sont tr\u00e8s in\u00e9galement appliqu\u00e9es&nbsp;: compl\u00e8tement dans pr\u00e8s de 35&nbsp;% des cas seulement, en partie pour 40&nbsp;% et pas du tout pour le quart restant.<\/p>\t\t\t\t\t\t<\/div>\n\t\t\t\t<\/div>\n\t\t\t\t<div class=\"elementor-element elementor-element-37c276a elementor-widget elementor-widget-image\" data-id=\"37c276a\" data-element_type=\"widget\" data-widget_type=\"image.default\">\n\t\t\t\t<div class=\"elementor-widget-container\">\n\t\t\t\t\t\t\t\t\t\t\t\t\t\t\t<img loading=\"lazy\" decoding=\"async\" src=\"https:\/\/snalc.fr\/wp-content\/uploads\/SNALC_enqueteRQTH_tab13.png\" class=\"attachment-large size-large\" alt=\"\" loading=\"lazy\" srcset=\"https:\/\/snalc.fr\/wp-content\/uploads\/SNALC_enqueteRQTH_tab13.png 1024w, https:\/\/snalc.fr\/wp-content\/uploads\/SNALC_enqueteRQTH_tab13-300x225.png 300w, https:\/\/snalc.fr\/wp-content\/uploads\/SNALC_enqueteRQTH_tab13-768x576.png 768w\" sizes=\"auto, (max-width: 800px) 100vw, 800px\" width=\"800\" height=\"600\">\t\t\t\t\t\t\t\t\t\t\t\t\t\t\t<\/div>\n\t\t\t\t<\/div>\n\t\t\t\t<div class=\"elementor-element elementor-element-6fc7963 elementor-widget elementor-widget-text-editor\" data-id=\"6fc7963\" data-element_type=\"widget\" data-widget_type=\"text-editor.default\">\n\t\t\t\t<div class=\"elementor-widget-container\">\n\t\t\t\t\t\t\t<p>Le frein avanc\u00e9 majoritairement par l\u2019administration \u00e0 l\u2019application des pr\u00e9conisations est la n\u00e9cessit\u00e9 de service (impossibilit\u00e9 mat\u00e9rielle ou organisationnelle de mise en \u0153uvre,&nbsp;etc.), \u00e0 pr\u00e8s de 65&nbsp;%. L\u2019attente de la livraison d\u2019un mat\u00e9riel sp\u00e9cialis\u00e9 ou de cr\u00e9dits arrive ensuite, \u00e0 hauteur de 20&nbsp;% et les refus sans raison objective ne sont pas anecdotiques (plus de 15&nbsp;%).<\/p>\t\t\t\t\t\t<\/div>\n\t\t\t\t<\/div>\n\t\t\t\t<div class=\"elementor-element elementor-element-5486cfb elementor-widget elementor-widget-image\" data-id=\"5486cfb\" data-element_type=\"widget\" data-widget_type=\"image.default\">\n\t\t\t\t<div class=\"elementor-widget-container\">\n\t\t\t\t\t\t\t\t\t\t\t\t\t\t\t<img loading=\"lazy\" decoding=\"async\" src=\"https:\/\/snalc.fr\/wp-content\/uploads\/SNALC_enqueteRQTH_tab14.png\" class=\"attachment-large size-large\" alt=\"\" loading=\"lazy\" srcset=\"https:\/\/snalc.fr\/wp-content\/uploads\/SNALC_enqueteRQTH_tab14.png 1024w, https:\/\/snalc.fr\/wp-content\/uploads\/SNALC_enqueteRQTH_tab14-300x225.png 300w, https:\/\/snalc.fr\/wp-content\/uploads\/SNALC_enqueteRQTH_tab14-768x576.png 768w\" sizes=\"auto, (max-width: 800px) 100vw, 800px\" width=\"800\" height=\"600\">\t\t\t\t\t\t\t\t\t\t\t\t\t\t\t<\/div>\n\t\t\t\t<\/div>\n\t\t\t\t\t<\/div>\n\t\t<\/div>\n\t\t\t\t\t\t\t<\/div>\n\t\t<\/section>\n\t\t\t\t<section class=\"elementor-section elementor-top-section elementor-element elementor-element-ff06e33 elementor-section-boxed elementor-section-height-default elementor-section-height-default\" data-id=\"ff06e33\" data-element_type=\"section\">\n\t\t\t\t\t\t<div class=\"elementor-container elementor-column-gap-default\">\n\t\t\t\t\t<div class=\"elementor-column elementor-col-100 elementor-top-column elementor-element elementor-element-58409f3\" data-id=\"58409f3\" data-element_type=\"column\">\n\t\t\t<div class=\"elementor-widget-wrap elementor-element-populated\">\n\t\t\t\t\t\t\t\t<div class=\"elementor-element elementor-element-823cbe4 elementor-widget elementor-widget-spacer\" data-id=\"823cbe4\" data-element_type=\"widget\" data-widget_type=\"spacer.default\">\n\t\t\t\t<div class=\"elementor-widget-container\">\n\t\t\t\t\t<div class=\"elementor-spacer\">\n\t\t\t<div class=\"elementor-spacer-inner\"><\/div>\n\t\t<\/div>\n\t\t\t\t<\/div>\n\t\t\t\t<\/div>\n\t\t\t\t<div class=\"elementor-element elementor-element-6176837 elementor-widget elementor-widget-heading\" data-id=\"6176837\" data-element_type=\"widget\" data-widget_type=\"heading.default\">\n\t\t\t\t<div class=\"elementor-widget-container\">\n\t\t\t<h5 class=\"elementor-heading-title elementor-size-default\">L&rsquo;entourage professionnel des r\u00e9pondants<\/h5>\t\t<\/div>\n\t\t\t\t<\/div>\n\t\t\t\t<div class=\"elementor-element elementor-element-d739e26 elementor-widget elementor-widget-text-editor\" data-id=\"d739e26\" data-element_type=\"widget\" data-widget_type=\"text-editor.default\">\n\t\t\t\t<div class=\"elementor-widget-container\">\n\t\t\t\t\t\t\t<p>Pr\u00e8s d\u2019un quart des r\u00e9pondants (24,1%) t\u00e9moignent de difficult\u00e9s rencontr\u00e9es aupr\u00e8s de leurs coll\u00e8gues, en lien avec leur situation (r\u00e9flexions d\u00e9plac\u00e9es, discrimination).<\/p>\t\t\t\t\t\t<\/div>\n\t\t\t\t<\/div>\n\t\t\t\t<div class=\"elementor-element elementor-element-fdd2e49 elementor-widget elementor-widget-image\" data-id=\"fdd2e49\" data-element_type=\"widget\" data-widget_type=\"image.default\">\n\t\t\t\t<div class=\"elementor-widget-container\">\n\t\t\t\t\t\t\t\t\t\t\t\t\t\t\t<img loading=\"lazy\" decoding=\"async\" src=\"https:\/\/snalc.fr\/wp-content\/uploads\/SNALC_enqueteRQTH_tab15.png\" class=\"attachment-large size-large\" alt=\"\" loading=\"lazy\" srcset=\"https:\/\/snalc.fr\/wp-content\/uploads\/SNALC_enqueteRQTH_tab15.png 1024w, https:\/\/snalc.fr\/wp-content\/uploads\/SNALC_enqueteRQTH_tab15-300x225.png 300w, https:\/\/snalc.fr\/wp-content\/uploads\/SNALC_enqueteRQTH_tab15-768x576.png 768w\" sizes=\"auto, (max-width: 800px) 100vw, 800px\" width=\"800\" height=\"600\">\t\t\t\t\t\t\t\t\t\t\t\t\t\t\t<\/div>\n\t\t\t\t<\/div>\n\t\t\t\t<div class=\"elementor-element elementor-element-244b121 elementor-widget elementor-widget-text-editor\" data-id=\"244b121\" data-element_type=\"widget\" data-widget_type=\"text-editor.default\">\n\t\t\t\t<div class=\"elementor-widget-container\">\n\t\t\t\t\t\t\t<p>Ces difficult\u00e9s sont jug\u00e9es li\u00e9es aux am\u00e9nagements de poste dont b\u00e9n\u00e9ficient les r\u00e9pondants au titre de leur RQTH (am\u00e9nagement horaire, all\u00e8gement de service, salle de classe fixe,&nbsp;etc.) pour 44,2&nbsp;%. Le reste des r\u00e9pondants estiment que ce n\u2019est pas le cas \u00e0 33,8&nbsp;%, et 20&nbsp;% ne se prononcent pas.<\/p>\t\t\t\t\t\t<\/div>\n\t\t\t\t<\/div>\n\t\t\t\t<div class=\"elementor-element elementor-element-b2e9f4d elementor-widget elementor-widget-image\" data-id=\"b2e9f4d\" data-element_type=\"widget\" data-widget_type=\"image.default\">\n\t\t\t\t<div class=\"elementor-widget-container\">\n\t\t\t\t\t\t\t\t\t\t\t\t\t\t\t<img loading=\"lazy\" decoding=\"async\" src=\"https:\/\/snalc.fr\/wp-content\/uploads\/SNALC_enqueteRQTH_tab16.png\" class=\"attachment-large size-large\" alt=\"\" loading=\"lazy\" srcset=\"https:\/\/snalc.fr\/wp-content\/uploads\/SNALC_enqueteRQTH_tab16.png 1024w, https:\/\/snalc.fr\/wp-content\/uploads\/SNALC_enqueteRQTH_tab16-300x225.png 300w, https:\/\/snalc.fr\/wp-content\/uploads\/SNALC_enqueteRQTH_tab16-768x576.png 768w\" sizes=\"auto, (max-width: 800px) 100vw, 800px\" width=\"800\" height=\"600\">\t\t\t\t\t\t\t\t\t\t\t\t\t\t\t<\/div>\n\t\t\t\t<\/div>\n\t\t\t\t<div class=\"elementor-element elementor-element-51f7118 elementor-widget elementor-widget-text-editor\" data-id=\"51f7118\" data-element_type=\"widget\" data-widget_type=\"text-editor.default\">\n\t\t\t\t<div class=\"elementor-widget-container\">\n\t\t\t\t\t\t\t<p>Plus d\u2019un quart des r\u00e9pondants (25,4&nbsp;%) t\u00e9moignent de difficult\u00e9s rencontr\u00e9es aupr\u00e8s de leurs sup\u00e9rieurs hi\u00e9rarchiques, en lien avec leur situation (r\u00e9flexions d\u00e9plac\u00e9es, discrimination).<\/p>\t\t\t\t\t\t<\/div>\n\t\t\t\t<\/div>\n\t\t\t\t<div class=\"elementor-element elementor-element-a51bd48 elementor-widget elementor-widget-image\" data-id=\"a51bd48\" data-element_type=\"widget\" data-widget_type=\"image.default\">\n\t\t\t\t<div class=\"elementor-widget-container\">\n\t\t\t\t\t\t\t\t\t\t\t\t\t\t\t<img loading=\"lazy\" decoding=\"async\" src=\"https:\/\/snalc.fr\/wp-content\/uploads\/SNALC_enqueteRQTH_tab17.png\" class=\"attachment-large size-large\" alt=\"\" loading=\"lazy\" srcset=\"https:\/\/snalc.fr\/wp-content\/uploads\/SNALC_enqueteRQTH_tab17.png 1024w, https:\/\/snalc.fr\/wp-content\/uploads\/SNALC_enqueteRQTH_tab17-300x225.png 300w, https:\/\/snalc.fr\/wp-content\/uploads\/SNALC_enqueteRQTH_tab17-768x576.png 768w\" sizes=\"auto, (max-width: 800px) 100vw, 800px\" width=\"800\" height=\"600\">\t\t\t\t\t\t\t\t\t\t\t\t\t\t\t<\/div>\n\t\t\t\t<\/div>\n\t\t\t\t<div class=\"elementor-element elementor-element-9e2ceed elementor-widget elementor-widget-text-editor\" data-id=\"9e2ceed\" data-element_type=\"widget\" data-widget_type=\"text-editor.default\">\n\t\t\t\t<div class=\"elementor-widget-container\">\n\t\t\t\t\t\t\t<p>Ces difficult\u00e9s sont jug\u00e9es li\u00e9es aux am\u00e9nagements de poste dont b\u00e9n\u00e9ficient les r\u00e9pondants au titre de leur RQTH (am\u00e9nagement horaire, all\u00e8gement de service, salle de classe fixe,&nbsp;etc.) pour presque la moiti\u00e9, 49&nbsp;%. Le reste des r\u00e9pondants estiment que ce n\u2019est pas le cas \u00e0 27&nbsp;%, et 24&nbsp;% ne se prononcent pas.<\/p>\t\t\t\t\t\t<\/div>\n\t\t\t\t<\/div>\n\t\t\t\t<div class=\"elementor-element elementor-element-755c529 elementor-widget elementor-widget-image\" data-id=\"755c529\" data-element_type=\"widget\" data-widget_type=\"image.default\">\n\t\t\t\t<div class=\"elementor-widget-container\">\n\t\t\t\t\t\t\t\t\t\t\t\t\t\t\t<img loading=\"lazy\" decoding=\"async\" src=\"https:\/\/snalc.fr\/wp-content\/uploads\/SNALC_enqueteRQTH_tab18.png\" class=\"attachment-large size-large\" alt=\"\" loading=\"lazy\" srcset=\"https:\/\/snalc.fr\/wp-content\/uploads\/SNALC_enqueteRQTH_tab18.png 1024w, https:\/\/snalc.fr\/wp-content\/uploads\/SNALC_enqueteRQTH_tab18-300x225.png 300w, https:\/\/snalc.fr\/wp-content\/uploads\/SNALC_enqueteRQTH_tab18-768x576.png 768w\" sizes=\"auto, (max-width: 800px) 100vw, 800px\" width=\"800\" height=\"600\">\t\t\t\t\t\t\t\t\t\t\t\t\t\t\t<\/div>\n\t\t\t\t<\/div>\n\t\t\t\t<div class=\"elementor-element elementor-element-c0841c5 elementor-widget elementor-widget-text-editor\" data-id=\"c0841c5\" data-element_type=\"widget\" data-widget_type=\"text-editor.default\">\n\t\t\t\t<div class=\"elementor-widget-container\">\n\t\t\t\t\t\t\t<p>Moins de la moiti\u00e9 des r\u00e9pondants (45,5&nbsp;%) indiquent que le m\u00e9decin de pr\u00e9vention a r\u00e9dig\u00e9 des pr\u00e9conisations concernant l\u2019adaptation de leur poste de travail. Le nombre de ceux qui ignorent si des pr\u00e9conisations ont \u00e9t\u00e9 \u00e9mises est important (15&nbsp;%).<\/p>\t\t\t\t\t\t<\/div>\n\t\t\t\t<\/div>\n\t\t\t\t\t<\/div>\n\t\t<\/div>\n\t\t\t\t\t\t\t<\/div>\n\t\t<\/section>\n\t\t\t\t<section class=\"elementor-section elementor-top-section elementor-element elementor-element-a5d9d43 elementor-section-boxed elementor-section-height-default elementor-section-height-default\" data-id=\"a5d9d43\" data-element_type=\"section\">\n\t\t\t\t\t\t<div class=\"elementor-container elementor-column-gap-default\">\n\t\t\t\t\t<div class=\"elementor-column elementor-col-100 elementor-top-column elementor-element elementor-element-890386a\" data-id=\"890386a\" data-element_type=\"column\">\n\t\t\t<div class=\"elementor-widget-wrap elementor-element-populated\">\n\t\t\t\t\t\t\t\t<div class=\"elementor-element elementor-element-dec841e elementor-widget elementor-widget-spacer\" data-id=\"dec841e\" data-element_type=\"widget\" data-widget_type=\"spacer.default\">\n\t\t\t\t<div class=\"elementor-widget-container\">\n\t\t\t\t\t<div class=\"elementor-spacer\">\n\t\t\t<div class=\"elementor-spacer-inner\"><\/div>\n\t\t<\/div>\n\t\t\t\t<\/div>\n\t\t\t\t<\/div>\n\t\t\t\t<div class=\"elementor-element elementor-element-f4c7834 elementor-widget elementor-widget-heading\" data-id=\"f4c7834\" data-element_type=\"widget\" data-widget_type=\"heading.default\">\n\t\t\t\t<div class=\"elementor-widget-container\">\n\t\t\t<h5 class=\"elementor-heading-title elementor-size-default\">Pour conclure<\/h5>\t\t<\/div>\n\t\t\t\t<\/div>\n\t\t\t\t<div class=\"elementor-element elementor-element-b9a6eb2 elementor-widget elementor-widget-text-editor\" data-id=\"b9a6eb2\" data-element_type=\"widget\" data-widget_type=\"text-editor.default\">\n\t\t\t\t<div class=\"elementor-widget-container\">\n\t\t\t\t\t\t\t<p>De fa\u00e7on globale, en tant que travailleur handicap\u00e9, le sentiment d\u2019\u00eatre accompagn\u00e9 efficacement par l\u2019institution n\u2019est ressenti que par un tr\u00e8s petit nombre des r\u00e9pondants, environ un quart si l\u2019on additionne les \u00ab&nbsp;Tout \u00e0 fait&nbsp;\u00bb&nbsp;et \u00ab&nbsp;Plut\u00f4t oui&nbsp;\u00bb.<\/p>\t\t\t\t\t\t<\/div>\n\t\t\t\t<\/div>\n\t\t\t\t<div class=\"elementor-element elementor-element-c0cc3f1 elementor-widget elementor-widget-image\" data-id=\"c0cc3f1\" data-element_type=\"widget\" data-widget_type=\"image.default\">\n\t\t\t\t<div class=\"elementor-widget-container\">\n\t\t\t\t\t\t\t\t\t\t\t\t\t\t\t<img loading=\"lazy\" decoding=\"async\" src=\"https:\/\/snalc.fr\/wp-content\/uploads\/SNALC_enqueteRQTH_tab19.png\" class=\"attachment-large size-large\" alt=\"\" loading=\"lazy\" srcset=\"https:\/\/snalc.fr\/wp-content\/uploads\/SNALC_enqueteRQTH_tab19.png 1024w, https:\/\/snalc.fr\/wp-content\/uploads\/SNALC_enqueteRQTH_tab19-300x225.png 300w, https:\/\/snalc.fr\/wp-content\/uploads\/SNALC_enqueteRQTH_tab19-768x576.png 768w\" sizes=\"auto, (max-width: 800px) 100vw, 800px\" width=\"800\" height=\"600\">\t\t\t\t\t\t\t\t\t\t\t\t\t\t\t<\/div>\n\t\t\t\t<\/div>\n\t\t\t\t<div class=\"elementor-element elementor-element-77bf518 elementor-widget elementor-widget-spacer\" data-id=\"77bf518\" data-element_type=\"widget\" data-widget_type=\"spacer.default\">\n\t\t\t\t<div class=\"elementor-widget-container\">\n\t\t\t\t\t<div class=\"elementor-spacer\">\n\t\t\t<div class=\"elementor-spacer-inner\"><\/div>\n\t\t<\/div>\n\t\t\t\t<\/div>\n\t\t\t\t<\/div>\n\t\t\t\t<div class=\"elementor-element elementor-element-50348c5 elementor-widget elementor-widget-text-editor\" data-id=\"50348c5\" data-element_type=\"widget\" data-widget_type=\"text-editor.default\">\n\t\t\t\t<div class=\"elementor-widget-container\">\n\t\t\t\t\t\t\t<p><strong>Voici, pour terminer, quelques citations extraites des r\u00e9ponses \u00e0 la question ouverte, repr\u00e9sentatives des difficult\u00e9s signal\u00e9es par les r\u00e9pondants&nbsp;:<\/strong><\/p>\t\t\t\t\t\t<\/div>\n\t\t\t\t<\/div>\n\t\t\t\t\t<\/div>\n\t\t<\/div>\n\t\t\t\t\t\t\t<\/div>\n\t\t<\/section>\n\t\t\t\t<section class=\"elementor-section elementor-top-section elementor-element elementor-element-3bc0675 elementor-section-boxed elementor-section-height-default elementor-section-height-default\" data-id=\"3bc0675\" data-element_type=\"section\">\n\t\t\t\t\t\t<div class=\"elementor-container elementor-column-gap-default\">\n\t\t\t\t\t<div class=\"elementor-column elementor-col-100 elementor-top-column elementor-element elementor-element-83e7813\" data-id=\"83e7813\" data-element_type=\"column\">\n\t\t\t<div class=\"elementor-widget-wrap elementor-element-populated\">\n\t\t\t\t\t\t\t\t<div class=\"elementor-element elementor-element-ffff3e2 elementor-blockquote--skin-border elementor-blockquote--button-color-official elementor-widget elementor-widget-blockquote\" data-id=\"ffff3e2\" data-element_type=\"widget\" data-widget_type=\"blockquote.default\">\n\t\t\t\t<div class=\"elementor-widget-container\">\n\t\t\t\t\t<blockquote class=\"elementor-blockquote\">\n\t\t\t<p class=\"elementor-blockquote__content\">\n\t\t\t\t\u00ab Les d\u00e9marches sont longues, complexes. Les r\u00e9ponses aux demandes mettent beaucoup de temps \u00e0 arriver. \u00bb \t\t\t<\/p>\n\t\t\t\t\t<\/blockquote>\n\t\t\t\t<\/div>\n\t\t\t\t<\/div>\n\t\t\t\t<div class=\"elementor-element elementor-element-d03691b elementor-blockquote--skin-border elementor-blockquote--button-color-official elementor-widget elementor-widget-blockquote\" data-id=\"d03691b\" data-element_type=\"widget\" data-widget_type=\"blockquote.default\">\n\t\t\t\t<div class=\"elementor-widget-container\">\n\t\t\t\t\t<blockquote class=\"elementor-blockquote\">\n\t\t\t<p class=\"elementor-blockquote__content\">\n\t\t\t\t\u00ab La perception de l&rsquo;environnement professionnel sur les am\u00e9nagements possibles est d\u00e9valorisante et discriminante et donne encore plus envie de s&rsquo;invisibiliser plut\u00f4t que de se d\u00e9clarer. \u00bb \t\t\t<\/p>\n\t\t\t\t\t<\/blockquote>\n\t\t\t\t<\/div>\n\t\t\t\t<\/div>\n\t\t\t\t<div class=\"elementor-element elementor-element-b320456 elementor-blockquote--skin-border elementor-blockquote--button-color-official elementor-widget elementor-widget-blockquote\" data-id=\"b320456\" data-element_type=\"widget\" data-widget_type=\"blockquote.default\">\n\t\t\t\t<div class=\"elementor-widget-container\">\n\t\t\t\t\t<blockquote class=\"elementor-blockquote\">\n\t\t\t<p class=\"elementor-blockquote__content\">\n\t\t\t\t\u00ab Chaque ann\u00e9e il faut faire les m\u00eames demandes d&rsquo;am\u00e9nagement en ne sachant pas si elles vont \u00eatre reconduites alors que la situation n&rsquo;a pas chang\u00e9 \u00bb \t\t\t<\/p>\n\t\t\t\t\t<\/blockquote>\n\t\t\t\t<\/div>\n\t\t\t\t<\/div>\n\t\t\t\t<div class=\"elementor-element elementor-element-316815d elementor-blockquote--skin-border elementor-blockquote--button-color-official elementor-widget elementor-widget-blockquote\" data-id=\"316815d\" data-element_type=\"widget\" data-widget_type=\"blockquote.default\">\n\t\t\t\t<div class=\"elementor-widget-container\">\n\t\t\t\t\t<blockquote class=\"elementor-blockquote\">\n\t\t\t<p class=\"elementor-blockquote__content\">\n\t\t\t\t\u00ab Le temps partiel convient \u00e0 ma sant\u00e9 mais il faudrait une compensation \u00e9conomique que je n&rsquo;ai pas. \u00bb\t\t\t<\/p>\n\t\t\t\t\t<\/blockquote>\n\t\t\t\t<\/div>\n\t\t\t\t<\/div>\n\t\t\t\t<div class=\"elementor-element elementor-element-774c821 elementor-blockquote--skin-border elementor-blockquote--button-color-official elementor-widget elementor-widget-blockquote\" data-id=\"774c821\" data-element_type=\"widget\" data-widget_type=\"blockquote.default\">\n\t\t\t\t<div class=\"elementor-widget-container\">\n\t\t\t\t\t<blockquote class=\"elementor-blockquote\">\n\t\t\t<p class=\"elementor-blockquote__content\">\n\t\t\t\t\u00ab La DPE m\u2019oblige \u00e0 prendre des postes qui ne respectent pas l\u2019am\u00e9nagement du m\u00e9decin de pr\u00e9vention, et qui aggravent mon handicap. De plus, la DPE ne pr\u00e9vient JAMAIS les \u00e9tablissements sur lesquels je suis affect\u00e9e de ma RQTH, et de mes am\u00e9nagements de poste. \u00bb \t\t\t<\/p>\n\t\t\t\t\t<\/blockquote>\n\t\t\t\t<\/div>\n\t\t\t\t<\/div>\n\t\t\t\t<div class=\"elementor-element elementor-element-a09b795 elementor-blockquote--skin-border elementor-blockquote--button-color-official elementor-widget elementor-widget-blockquote\" data-id=\"a09b795\" data-element_type=\"widget\" data-widget_type=\"blockquote.default\">\n\t\t\t\t<div class=\"elementor-widget-container\">\n\t\t\t\t\t<blockquote class=\"elementor-blockquote\">\n\t\t\t<p class=\"elementor-blockquote__content\">\n\t\t\t\t\u00ab J&rsquo;ai fait la demande de mat\u00e9riel le 29\/05\/21. Le bureau est arriv\u00e9 le 15\/12\/21 et le reste fin mai 2022 !!! J&rsquo;avais pourtant contact\u00e9 le correspondant handicap, le syndicat, l&rsquo;IEN&#8230; mais le probl\u00e8me \u00e9tait au niveau de la commande via le service social. Il me faudrait un fauteuil adapt\u00e9, mais je n&rsquo;ai plus envie de me battre. \u00bb \t\t\t<\/p>\n\t\t\t\t\t<\/blockquote>\n\t\t\t\t<\/div>\n\t\t\t\t<\/div>\n\t\t\t\t<div class=\"elementor-element elementor-element-3ea5970 elementor-blockquote--skin-border elementor-blockquote--button-color-official elementor-widget elementor-widget-blockquote\" data-id=\"3ea5970\" data-element_type=\"widget\" data-widget_type=\"blockquote.default\">\n\t\t\t\t<div class=\"elementor-widget-container\">\n\t\t\t\t\t<blockquote class=\"elementor-blockquote\">\n\t\t\t<p class=\"elementor-blockquote__content\">\n\t\t\t\t\u00ab Je suis aujourd&rsquo;hui \u00e0 70% de temps de travail avec un salaire correspondant \u00e0 cette quotit\u00e9. [\u2026] Il est profond\u00e9ment anormal et injuste que nous auto-financions nous-m\u00eames les cons\u00e9quences de notre handicap et l&rsquo;impossibilit\u00e9 de travailler \u00e0 100%&#8230; C&rsquo;est comme si les \u00e9l\u00e8ves qui avaient droit \u00e0 un tiers temps n&rsquo;avaient droit qu&rsquo;aux 2\/3 de la note comme note maximale qu&rsquo;ils puissent atteindre !! \u00bb \t\t\t<\/p>\n\t\t\t\t\t<\/blockquote>\n\t\t\t\t<\/div>\n\t\t\t\t<\/div>\n\t\t\t\t<div class=\"elementor-element elementor-element-5a6680c elementor-blockquote--skin-border elementor-blockquote--button-color-official elementor-widget elementor-widget-blockquote\" data-id=\"5a6680c\" data-element_type=\"widget\" data-widget_type=\"blockquote.default\">\n\t\t\t\t<div class=\"elementor-widget-container\">\n\t\t\t\t\t<blockquote class=\"elementor-blockquote\">\n\t\t\t<p class=\"elementor-blockquote__content\">\n\t\t\t\t\u00ab Il faut se battre et argumenter pour rencontrer les bonnes personnes, obtenir du mat\u00e9riel adapt\u00e9, le suivi n&rsquo;existe pas, aucune info sur nos droits en qualit\u00e9 de travailleurs handicap\u00e9s. J&rsquo;ai demand\u00e9 une chaise de bureau adapt\u00e9e, je n&rsquo;ai pas de r\u00e9ponse. Le m\u00e9decin de pr\u00e9vention est d\u00e9bord\u00e9. \u00bb \t\t\t<\/p>\n\t\t\t\t\t<\/blockquote>\n\t\t\t\t<\/div>\n\t\t\t\t<\/div>\n\t\t\t\t<div class=\"elementor-element elementor-element-cddbbaf elementor-blockquote--skin-border elementor-blockquote--button-color-official elementor-widget elementor-widget-blockquote\" data-id=\"cddbbaf\" data-element_type=\"widget\" data-widget_type=\"blockquote.default\">\n\t\t\t\t<div class=\"elementor-widget-container\">\n\t\t\t\t\t<blockquote class=\"elementor-blockquote\">\n\t\t\t<p class=\"elementor-blockquote__content\">\n\t\t\t\t\u00ab J&rsquo;ai mis 8 ans \u00e0 obtenir des pr\u00e9conisations (malgr\u00e9 une RQTH, le M\u00e9decin de pr\u00e9vention de l&rsquo;\u00e9poque ne m&rsquo;avait m\u00eame pas indiqu\u00e9 que \u00e7a existait). J&rsquo;ai eu beaucoup de difficult\u00e9s avec ma hi\u00e9rarchie et mes coll\u00e8gues qui pour certains se moquaient m\u00eame ouvertement de mon handicap (surdit\u00e9) \u00bb \t\t\t<\/p>\n\t\t\t\t\t<\/blockquote>\n\t\t\t\t<\/div>\n\t\t\t\t<\/div>\n\t\t\t\t<div class=\"elementor-element elementor-element-eba3682 elementor-blockquote--skin-border elementor-blockquote--button-color-official elementor-widget elementor-widget-blockquote\" data-id=\"eba3682\" data-element_type=\"widget\" data-widget_type=\"blockquote.default\">\n\t\t\t\t<div class=\"elementor-widget-container\">\n\t\t\t\t\t<blockquote class=\"elementor-blockquote\">\n\t\t\t<p class=\"elementor-blockquote__content\">\n\t\t\t\t\u00ab La notification de la DASEN concernant mon handicap me convient mais implique que ce soient mes coll\u00e8gues qui prennent en charge les services de r\u00e9cr\u00e9ation par exemple. C&rsquo;est tr\u00e8s culpabilisant et je finis par ne pas faire appliquer ma notification par g\u00eane envers eux. \u00bb\t\t\t<\/p>\n\t\t\t\t\t<\/blockquote>\n\t\t\t\t<\/div>\n\t\t\t\t<\/div>\n\t\t\t\t<div class=\"elementor-element elementor-element-8d9f63c elementor-blockquote--skin-border elementor-blockquote--button-color-official elementor-widget elementor-widget-blockquote\" data-id=\"8d9f63c\" data-element_type=\"widget\" data-widget_type=\"blockquote.default\">\n\t\t\t\t<div class=\"elementor-widget-container\">\n\t\t\t\t\t<blockquote class=\"elementor-blockquote\">\n\t\t\t<p class=\"elementor-blockquote__content\">\n\t\t\t\t\u00ab J&rsquo;ai pu obtenir un poste adapt\u00e9 au CNED, \u00e7a c&rsquo;est super, mais il faut sans cesse \u00ab\u00a0batailler\u00a0\u00bb, refaire des dossiers tous les 4 ans, alors que mon handicap est stabilis\u00e9 et ne peut qu&#8217;empirer. \u00bb\t\t\t<\/p>\n\t\t\t\t\t<\/blockquote>\n\t\t\t\t<\/div>\n\t\t\t\t<\/div>\n\t\t\t\t<div class=\"elementor-element elementor-element-098d5b1 elementor-blockquote--skin-border elementor-blockquote--button-color-official elementor-widget elementor-widget-blockquote\" data-id=\"098d5b1\" data-element_type=\"widget\" data-widget_type=\"blockquote.default\">\n\t\t\t\t<div class=\"elementor-widget-container\">\n\t\t\t\t\t<blockquote class=\"elementor-blockquote\">\n\t\t\t<p class=\"elementor-blockquote__content\">\n\t\t\t\t\u00ab La RQTH n&rsquo;est pas appliqu\u00e9 lors des demandes de mutation malgr\u00e9 la recommandation du m\u00e9decin de rectorat \u00bb\t\t\t<\/p>\n\t\t\t\t\t<\/blockquote>\n\t\t\t\t<\/div>\n\t\t\t\t<\/div>\n\t\t\t\t<div class=\"elementor-element elementor-element-9d45672 elementor-blockquote--skin-border elementor-blockquote--button-color-official elementor-widget elementor-widget-blockquote\" data-id=\"9d45672\" data-element_type=\"widget\" data-widget_type=\"blockquote.default\">\n\t\t\t\t<div class=\"elementor-widget-container\">\n\t\t\t\t\t<blockquote class=\"elementor-blockquote\">\n\t\t\t<p class=\"elementor-blockquote__content\">\n\t\t\t\t\u00ab Refus syst\u00e9matique par le rectorat de la bonification pour le handicap lors des mutations ce qui ne me permet pas d&rsquo;obtenir un poste plus adapt\u00e9 pour mon handicap. \u00bb\t\t\t<\/p>\n\t\t\t\t\t<\/blockquote>\n\t\t\t\t<\/div>\n\t\t\t\t<\/div>\n\t\t\t\t\t<\/div>\n\t\t<\/div>\n\t\t\t\t\t\t\t<\/div>\n\t\t<\/section>\n\t\t\t\t<section class=\"elementor-section elementor-top-section elementor-element elementor-element-753f96f elementor-section-boxed elementor-section-height-default elementor-section-height-default\" data-id=\"753f96f\" data-element_type=\"section\">\n\t\t\t\t\t\t<div class=\"elementor-container elementor-column-gap-default\">\n\t\t\t\t\t<div class=\"elementor-column elementor-col-100 elementor-top-column elementor-element elementor-element-ce5d3fd\" data-id=\"ce5d3fd\" data-element_type=\"column\">\n\t\t\t<div class=\"elementor-widget-wrap elementor-element-populated\">\n\t\t\t\t\t\t\t\t<div class=\"elementor-element elementor-element-945c77c elementor-widget elementor-widget-spacer\" data-id=\"945c77c\" data-element_type=\"widget\" data-widget_type=\"spacer.default\">\n\t\t\t\t<div class=\"elementor-widget-container\">\n\t\t\t\t\t<div class=\"elementor-spacer\">\n\t\t\t<div class=\"elementor-spacer-inner\"><\/div>\n\t\t<\/div>\n\t\t\t\t<\/div>\n\t\t\t\t<\/div>\n\t\t\t\t<div class=\"elementor-element elementor-element-2ea0f72 elementor-align-center elementor-widget elementor-widget-button\" data-id=\"2ea0f72\" data-element_type=\"widget\" data-widget_type=\"button.default\">\n\t\t\t\t<div class=\"elementor-widget-container\">\n\t\t\t\t\t<div class=\"elementor-button-wrapper\">\n\t\t\t<a href=\"https:\/\/oxiforms.com\/?zeCeA\" class=\"elementor-button-link elementor-button elementor-size-sm\" role=\"button\">\n\t\t\t\t\t\t<span class=\"elementor-button-content-wrapper\">\n\t\t\t\t\t\t\t<span class=\"elementor-button-icon elementor-align-icon-left\">\n\t\t\t\t<i aria-hidden=\"true\" class=\"far fa-address-card\"><\/i>\t\t\t<\/span>\n\t\t\t\t\t\t<span class=\"elementor-button-text\">Contacter le p\u00f4le Sant\u00e9-Handicap du SNALC (via mobi-SNALC)<\/span>\n\t\t<\/span>\n\t\t\t\t\t<\/a>\n\t\t<\/div>\n\t\t\t\t<\/div>\n\t\t\t\t<\/div>\n\t\t\t\t\t<\/div>\n\t\t<\/div>\n\t\t\t\t\t\t\t<\/div>\n\t\t<\/section>\n\t\t\t\t<section class=\"elementor-section elementor-top-section elementor-element elementor-element-f63b174 elementor-section-boxed elementor-section-height-default elementor-section-height-default\" data-id=\"f63b174\" data-element_type=\"section\">\n\t\t\t\t\t\t<div class=\"elementor-container elementor-column-gap-default\">\n\t\t\t\t\t<div class=\"elementor-column elementor-col-100 elementor-top-column elementor-element elementor-element-a8fc5f7\" data-id=\"a8fc5f7\" data-element_type=\"column\">\n\t\t\t<div class=\"elementor-widget-wrap elementor-element-populated\">\n\t\t\t\t\t\t\t\t<div class=\"elementor-element elementor-element-e4c17c3 elementor-widget elementor-widget-spacer\" data-id=\"e4c17c3\" data-element_type=\"widget\" data-widget_type=\"spacer.default\">\n\t\t\t\t<div class=\"elementor-widget-container\">\n\t\t\t\t\t<div class=\"elementor-spacer\">\n\t\t\t<div class=\"elementor-spacer-inner\"><\/div>\n\t\t<\/div>\n\t\t\t\t<\/div>\n\t\t\t\t<\/div>\n\t\t\t\t<div class=\"elementor-element elementor-element-abfea79 elementor-widget-divider--view-line_icon elementor-view-default elementor-widget-divider--element-align-center elementor-widget elementor-widget-divider\" data-id=\"abfea79\" data-element_type=\"widget\" data-widget_type=\"divider.default\">\n\t\t\t\t<div class=\"elementor-widget-container\">\n\t\t\t\t\t<div class=\"elementor-divider\">\n\t\t\t<span class=\"elementor-divider-separator\">\n\t\t\t\t\t\t\t<div class=\"elementor-icon elementor-divider__element\">\n\t\t\t\t\t<i aria-hidden=\"true\" class=\"fas fa-tasks\"><\/i><\/div>\n\t\t\t\t\t\t<\/span>\n\t\t<\/div>\n\t\t\t\t<\/div>\n\t\t\t\t<\/div>\n\t\t\t\t<div class=\"elementor-element elementor-element-64a7693 elementor-widget elementor-widget-text-editor\" data-id=\"64a7693\" data-element_type=\"widget\" data-widget_type=\"text-editor.default\">\n\t\t\t\t<div class=\"elementor-widget-container\">\n\t\t\t\t\t\t\t<p style=\"text-align: center;\"><strong><em>Cette enqu\u00eate du SNALC a \u00e9t\u00e9 adress\u00e9e \u00e0 tous les personnels de l\u2019Education nationale le 18 septembre 2022.<\/em><\/strong><\/p>\t\t\t\t\t\t<\/div>\n\t\t\t\t<\/div>\n\t\t\t\t<div class=\"elementor-element elementor-element-8b9f63a elementor-widget elementor-widget-html\" data-id=\"8b9f63a\" data-element_type=\"widget\" data-widget_type=\"html.default\">\n\t\t\t\t<div class=\"elementor-widget-container\">\n\t\t\t<iframe src=\"https:\/\/oxiforms.com\/?4JIPa\" allowtransparency=\"true\" width=\"500px\" height=\"500px\" frameborder=\"0\">\n<a href=\"https:\/\/oxiforms.com\/?4JIPa\">PRise en compte du handicap<\/a>\n<\/iframe>\t\t<\/div>\n\t\t\t\t<\/div>\n\t\t\t\t\t<\/div>\n\t\t<\/div>\n\t\t\t\t\t\t\t<\/div>\n\t\t<\/section>\n\t\t\t\t<section class=\"elementor-section elementor-top-section elementor-element elementor-element-6c76514 elementor-section-boxed elementor-section-height-default elementor-section-height-default\" data-id=\"6c76514\" data-element_type=\"section\">\n\t\t\t\t\t\t<div class=\"elementor-container elementor-column-gap-default\">\n\t\t\t\t\t<div class=\"elementor-column elementor-col-100 elementor-top-column elementor-element elementor-element-92cfcb1\" data-id=\"92cfcb1\" data-element_type=\"column\">\n\t\t\t<div class=\"elementor-widget-wrap elementor-element-populated\">\n\t\t\t\t\t\t\t\t<div class=\"elementor-element elementor-element-836baa9 elementor-widget elementor-widget-spacer\" data-id=\"836baa9\" data-element_type=\"widget\" data-widget_type=\"spacer.default\">\n\t\t\t\t<div class=\"elementor-widget-container\">\n\t\t\t\t\t<div class=\"elementor-spacer\">\n\t\t\t<div class=\"elementor-spacer-inner\"><\/div>\n\t\t<\/div>\n\t\t\t\t<\/div>\n\t\t\t\t<\/div>\n\t\t\t\t<div class=\"elementor-element elementor-element-fda27d3 elementor-align-center elementor-widget elementor-widget-button\" data-id=\"fda27d3\" data-element_type=\"widget\" data-widget_type=\"button.default\">\n\t\t\t\t<div class=\"elementor-widget-container\">\n\t\t\t\t\t<div class=\"elementor-button-wrapper\">\n\t\t\t<a href=\"https:\/\/oxiforms.com\/?zeCeA\" class=\"elementor-button-link elementor-button elementor-size-sm\" role=\"button\">\n\t\t\t\t\t\t<span class=\"elementor-button-content-wrapper\">\n\t\t\t\t\t\t\t<span class=\"elementor-button-icon elementor-align-icon-left\">\n\t\t\t\t<i aria-hidden=\"true\" class=\"far fa-address-card\"><\/i>\t\t\t<\/span>\n\t\t\t\t\t\t<span class=\"elementor-button-text\">Contacter le p\u00f4le Sant\u00e9-Handicap du SNALC (via mobi-SNALC)<\/span>\n","protected":false},"excerpt":{"rendered":"<p>\u00a9 Wikimedia Commons &#8211; Nerd06 R\u00e9sultats de l\u2019enqu\u00eate du SNALC Vous trouverez ci-dessous les r\u00e9sultats de notre enqu\u00eate sur la prise en charge du handicap dans l\u2019\u00c9ducation nationale. R\u00e9alis\u00e9e aupr\u00e8s [&hellip;]<\/p>\n","protected":false},"author":1,"featured_media":0,"comment_status":"closed","ping_status":"closed","sticky":false,"template":"","format":"standard","meta":{"_lmt_disableupdate":"","_lmt_disable":"","site-sidebar-layout":"default","site-content-layout":"","ast-site-content-layout":"default","site-content-style":"default","site-sidebar-style":"default","ast-global-header-display":"","ast-banner-title-visibility":"","ast-main-header-display":"","ast-hfb-above-header-display":"","ast-hfb-below-header-display":"","ast-hfb-mobile-header-display":"","site-post-title":"","ast-breadcrumbs-content":"","ast-featured-img":"","footer-sml-layout":"","ast-disable-related-posts":"","theme-transparent-header-meta":"","adv-header-id-meta":"","stick-header-meta":"","header-above-stick-meta":"","header-main-stick-meta":"","header-below-stick-meta":"","astra-migrate-meta-layouts":"default","ast-page-background-enabled":"default","ast-page-background-meta":{"desktop":{"background-color":"var(--ast-global-color-4)","background-image":"","background-repeat":"repeat","background-position":"center center","background-size":"auto","background-attachment":"scroll","background-type":"","background-media":"","overlay-type":"","overlay-color":"","overlay-opacity":"","overlay-gradient":""},"tablet":{"background-color":"","background-image":"","background-repeat":"repeat","background-position":"center center","background-size":"auto","background-attachment":"scroll","background-type":"","background-media":"","overlay-type":"","overlay-color":"","overlay-opacity":"","overlay-gradient":""},"mobile":{"background-color":"","background-image":"","background-repeat":"repeat","background-position":"center center","background-size":"auto","background-attachment":"scroll","background-type":"","background-media":"","overlay-type":"","overlay-color":"","overlay-opacity":"","overlay-gradient":""}},"ast-content-background-meta":{"desktop":{"background-color":"var(--ast-global-color-5)","background-image":"","background-repeat":"repeat","background-position":"center center","background-size":"auto","background-attachment":"scroll","background-type":"","background-media":"","overlay-type":"","overlay-color":"","overlay-opacity":"","overlay-gradient":""},"tablet":{"background-color":"var(--ast-global-color-5)","background-image":"","background-repeat":"repeat","background-position":"center center","background-size":"auto","background-attachment":"scroll","background-type":"","background-media":"","overlay-type":"","overlay-color":"","overlay-opacity":"","overlay-gradient":""},"mobile":{"background-color":"var(--ast-global-color-5)","background-image":"","background-repeat":"repeat","background-position":"center center","background-size":"auto","background-attachment":"scroll","background-type":"","background-media":"","overlay-type":"","overlay-color":"","overlay-opacity":"","overlay-gradient":""}},"footnotes":""},"categories":[31],"tags":[],"class_list":["post-624","post","type-post","status-publish","format-standard","hentry","category-actualites-2022-2023"],"modified_by":"slecourtier","_links":{"self":[{"href":"https:\/\/snalc.org\/snalc2023\/index.php?rest_route=\/wp\/v2\/posts\/624","targetHints":{"allow":["GET"]}}],"collection":[{"href":"https:\/\/snalc.org\/snalc2023\/index.php?rest_route=\/wp\/v2\/posts"}],"about":[{"href":"https:\/\/snalc.org\/snalc2023\/index.php?rest_route=\/wp\/v2\/types\/post"}],"author":[{"embeddable":true,"href":"https:\/\/snalc.org\/snalc2023\/index.php?rest_route=\/wp\/v2\/users\/1"}],"replies":[{"embeddable":true,"href":"https:\/\/snalc.org\/snalc2023\/index.php?rest_route=%2Fwp%2Fv2%2Fcomments&post=624"}],"version-history":[{"count":1,"href":"https:\/\/snalc.org\/snalc2023\/index.php?rest_route=\/wp\/v2\/posts\/624\/revisions"}],"predecessor-version":[{"id":625,"href":"https:\/\/snalc.org\/snalc2023\/index.php?rest_route=\/wp\/v2\/posts\/624\/revisions\/625"}],"wp:attachment":[{"href":"https:\/\/snalc.org\/snalc2023\/index.php?rest_route=%2Fwp%2Fv2%2Fmedia&parent=624"}],"wp:term":[{"taxonomy":"category","embeddable":true,"href":"https:\/\/snalc.org\/snalc2023\/index.php?rest_route=%2Fwp%2Fv2%2Fcategories&post=624"},{"taxonomy":"post_tag","embeddable":true,"href":"https:\/\/snalc.org\/snalc2023\/index.php?rest_route=%2Fwp%2Fv2%2Ftags&post=624"}],"curies":[{"name":"wp","href":"https:\/\/api.w.org\/{rel}","templated":true}]}}