{"id":642,"date":"2022-11-30T16:06:45","date_gmt":"2022-11-30T15:06:45","guid":{"rendered":"https:\/\/snalc.org\/snalc2023\/?p=642"},"modified":"2022-11-30T16:06:47","modified_gmt":"2022-11-30T15:06:47","slug":"bfm-tv-niveau-scolaire-lempreinte-du-covid","status":"publish","type":"post","link":"https:\/\/snalc.org\/snalc2023\/?p=642","title":{"rendered":"BFM TV \u2013 Niveau scolaire : l\u2019empreinte du covid"},"content":{"rendered":"\n<img loading=\"lazy\" decoding=\"async\" src=\"https:\/\/snalc.fr\/wp-content\/uploads\/BFMTV.jpg\" class=\"attachment-full size-full\" alt=\"\" loading=\"lazy\" width=\"300\" height=\"168\">\t\t\t\t\t\t\t\t\t\t\t<figcaption class=\"widget-image-caption wp-caption-text\"><\/figcaption>\n\t\t\t\t\t\t\t\t\t\t<\/figure>\n\t\t\t\t\t\t\t\t\t<\/div>\n\t\t\t\t<\/div>\n\t\t\t\t<div class=\"elementor-element elementor-element-2987e2d0 elementor-widget elementor-widget-theme-post-content\" data-id=\"2987e2d0\" data-element_type=\"widget\" data-widget_type=\"theme-post-content.default\">\n\t\t\t\t<div class=\"elementor-widget-container\">\n\t\t\t\t\t<div data-elementor-type=\"wp-post\" data-elementor-id=\"22582\" class=\"elementor elementor-22582\">\n\t\t\t\t\t\t\t\t\t<section class=\"elementor-section elementor-top-section elementor-element elementor-element-ca4b51d elementor-section-boxed elementor-section-height-default elementor-section-height-default\" data-id=\"ca4b51d\" data-element_type=\"section\">\n\t\t\t\t\t\t<div class=\"elementor-container elementor-column-gap-default\">\n\t\t\t\t\t<div class=\"elementor-column elementor-col-100 elementor-top-column elementor-element elementor-element-d3aca86\" data-id=\"d3aca86\" data-element_type=\"column\">\n\t\t\t<div class=\"elementor-widget-wrap elementor-element-populated\">\n\t\t\t\t\t\t\t\t<div class=\"elementor-element elementor-element-f660c34 elementor-widget elementor-widget-spacer\" data-id=\"f660c34\" data-element_type=\"widget\" data-widget_type=\"spacer.default\">\n\t\t\t\t<div class=\"elementor-widget-container\">\n\t\t\t\t\t<div class=\"elementor-spacer\">\n\t\t\t<div class=\"elementor-spacer-inner\"><\/div>\n\t\t<\/div>\n\t\t\t\t<\/div>\n\t\t\t\t<\/div>\n\t\t\t\t<div class=\"elementor-element elementor-element-d4c9c68 elementor-widget elementor-widget-testimonial\" data-id=\"d4c9c68\" data-element_type=\"widget\" data-widget_type=\"testimonial.default\">\n\t\t\t\t<div class=\"elementor-widget-container\">\n\t\t\t\t\t<div class=\"elementor-testimonial-wrapper\">\n\t\t\t\t\t\t\t<div class=\"elementor-testimonial-content\">\u00ab &#8230;\u00e7a explique surtout que rien ne peut remplacer un enseignant en pr\u00e9sentiel ! \u00c7a montre vraiment l&rsquo;importance et le r\u00f4le du professeur,&#8230;&nbsp;\u00bb<\/div>\n\t\t\t\n\t\t\t\t\t\t<div class=\"elementor-testimonial-meta elementor-has-image elementor-testimonial-image-position-aside\">\n\t\t\t\t<div class=\"elementor-testimonial-meta-inner\">\n\t\t\t\t\t\t\t\t\t\t\t<div class=\"elementor-testimonial-image\">\n\t\t\t\t\t\t\t<img loading=\"lazy\" decoding=\"async\" src=\"https:\/\/snalc.fr\/wp-content\/uploads\/Capture-decran-2022-03-05-a-14.20.21.png\" class=\"attachment-full size-full\" alt=\"\" loading=\"lazy\" width=\"270\" height=\"356\">\t\t\t\t\t\t<\/div>\n\t\t\t\t\t\n\t\t\t\t\t\t\t\t\t\t<div class=\"elementor-testimonial-details\">\n\t\t\t\t\t\t\t\t\t\t\t\t\t\t<div class=\"elementor-testimonial-name\">Maxime Reppert<\/div>\n\t\t\t\t\t\t\t\t\t\t\t\t\t\t\t\t\t\t\t\t\t\t<div class=\"elementor-testimonial-job\">Secr\u00e9taire national aux conditions de travail du SNALC<\/div>\n\t\t\t\t\t\t\t\t\t\t\t\t\t<\/div>\n\t\t\t\t\t\t\t\t\t<\/div>\n\t\t\t<\/div>\n\t\t\t\t\t<\/div>\n\t\t\t\t<\/div>\n\t\t\t\t<\/div>\n\t\t\t\t<div class=\"elementor-element elementor-element-abd8a7c elementor-widget elementor-widget-spacer\" data-id=\"abd8a7c\" data-element_type=\"widget\" data-widget_type=\"spacer.default\">\n\t\t\t\t<div class=\"elementor-widget-container\">\n\t\t\t\t\t<div class=\"elementor-spacer\">\n\t\t\t<div class=\"elementor-spacer-inner\"><\/div>\n\t\t<\/div>\n\t\t\t\t<\/div>\n\t\t\t\t<\/div>\n\t\t\t\t<div class=\"elementor-element elementor-element-0e1f81a elementor-widget elementor-widget-text-editor\" data-id=\"0e1f81a\" data-element_type=\"widget\" data-widget_type=\"text-editor.default\">\n\t\t\t\t<div class=\"elementor-widget-container\">\n\t\t\t\t\t\t\t<p><b>Le COVID est-il le seul responsable de la baisse du niveau ?<\/b><\/p><p>Maxime REPPERT, Secr\u00e9taire national aux conditions de travail du SNALC,&nbsp; r\u00e9pond aux questions sur <a href=\"https:\/\/www.bfmtv.com\/replay-emissions\/le-live-bfm\/niveau-scolaire-l-empreinte-du-covid-26-11_VN-202211260212.html\">BFMTV<\/a>&nbsp;le 26 novembre 2022<\/p>\t\t\t\t\t\t<\/div>\n\t\t\t\t<\/div>\n\t\t\t\t<div class=\"elementor-element elementor-element-a602fff elementor-widget elementor-widget-spacer\" data-id=\"a602fff\" data-element_type=\"widget\" data-widget_type=\"spacer.default\">\n\t\t\t\t<div class=\"elementor-widget-container\">\n\t\t\t\t\t<div class=\"elementor-spacer\">\n\t\t\t<div class=\"elementor-spacer-inner\"><\/div>\n\t\t<\/div>\n\t\t\t\t<\/div>\n\t\t\t\t<\/div>\n\t\t\t\t\t<\/div>\n\t\t<\/div>\n\t\t\t\t\t\t\t<\/div>\n\t\t<\/section>\n\t\t\t\t<section class=\"elementor-section elementor-top-section elementor-element elementor-element-b033f05 elementor-section-boxed elementor-section-height-default elementor-section-height-default\" data-id=\"b033f05\" data-element_type=\"section\">\n\t\t\t\t\t\t<div class=\"elementor-container elementor-column-gap-default\">\n\t\t\t\t\t<div class=\"elementor-column elementor-col-100 elementor-top-column elementor-element elementor-element-30c23b5\" data-id=\"30c23b5\" data-element_type=\"column\">\n\t\t\t<div class=\"elementor-widget-wrap elementor-element-populated\">\n\t\t\t\t\t\t\t\t<div class=\"elementor-element elementor-element-d82742b elementor-widget elementor-widget-text-editor\" data-id=\"d82742b\" data-element_type=\"widget\" data-widget_type=\"text-editor.default\">\n\t\t\t\t<div class=\"elementor-widget-container\">\n\t\t\t\t\t\t\t<p><strong>Journaliste BFMTV<\/strong><\/p><p>L\u2019invit\u00e9 du Live BFM, Maxime Repert. Bonjour, vous \u00eates secr\u00e9taire national aux conditions de travail et pour le syndicat national des \u00e9coles, des coll\u00e8ges et lyc\u00e9es. On avait besoin de votre r\u00e9action, de votre lumi\u00e8re sur ces \u00e9valuations de primaire, c\u2019est vraiment le COVID qui fait qu\u2019il y ait de telles lacunes en lecture et en \u00e9criture ?<\/p><p><strong>Maxime Reppert<\/strong><\/p><p>Non, le COVID peut expliquer certaines choses. D\u2019ailleurs, au passage, \u00e0 mes yeux, \u00e7a explique surtout que rien ne peut remplacer un enseignant en pr\u00e9sentiel ! \u00c7a montre vraiment l\u2019importance et le r\u00f4le du professeur, c\u2019est une premi\u00e8re chose, mais il n\u2019y a pas que \u00e7a. Il faut bien garder \u00e0 l\u2019esprit qu\u2019il y a une baisse du nombre d\u2019heures allou\u00e9es en fran\u00e7ais depuis plusieurs ann\u00e9es, \u00e0 la fois dans le primaire, puisqu\u2019on demande de plus en plus de choses aux professeurs des \u00e9coles, mais aussi au coll\u00e8ge, notamment depuis la r\u00e9forme du coll\u00e8ge qui a vu le nombre horaire en fran\u00e7ais baisser. Il y a cette explication l\u00e0, il y a \u00e9galement d\u2019autres facteurs qui vont venir alourdir la situation pr\u00e9sente, il y a des classes qui sont de plus en plus surcharg\u00e9es et il est \u00e9vident qu\u2019enseigner \u00e0 30 ou 35 \u00e9l\u00e8ves, ce n\u2019est pas la m\u00eame chose qu\u2019\u00e0 20 \u00e9l\u00e8ves. Il y a aussi cette difficult\u00e9 \u00e9voqu\u00e9e en d\u00e9but de rentr\u00e9e \u00e0 recruter des enseignants avec la question de l\u2019attractivit\u00e9 du m\u00e9tier. Donc quand on combine ces diff\u00e9rents \u00e9l\u00e9ments, on arrive \u00e0 ce constat l\u00e0, qui, pour le SNALC, n\u2019est pas une surprise.&nbsp;C\u2019est tr\u00e8s facile de tout mettre sur le dos de la crise sanitaire. \u00c0 nos yeux cette crise n\u2019explique pas tout.&nbsp;<\/p><p><strong>Journaliste BFMTV<\/strong><\/p><p>Et ce qu\u2019on est \u00e0 un niveau jamais atteint par le pass\u00e9 ?<\/p><p><strong>Maxime Reppert<\/strong><\/p><p>Je pense qu\u2019on est toujours dans une phase descendante par rapport au niveau en fran\u00e7ais, \u00e9galement en math\u00e9matiques. Il y a aussi ce probl\u00e8me, d\u2019ordre et de contre ordre, on le voit au niveau des r\u00e9formes, on l\u2019a vu au niveau des math\u00e9matiques par rapport au lyc\u00e9e notamment. Donc, nous sommes tr\u00e8s inquiets par rapport \u00e0 cette situation.&nbsp;<\/p>\t\t\t\t\t\t<\/div>\n\t\t\t\t<\/div>\n\t\t\t\t<div class=\"elementor-element elementor-element-1ed6b98 elementor-widget elementor-widget-testimonial\" data-id=\"1ed6b98\" data-element_type=\"widget\" data-widget_type=\"testimonial.default\">\n\t\t\t\t<div class=\"elementor-widget-container\">\n\t\t\t\t\t<div class=\"elementor-testimonial-wrapper\">\n\t\t\t\t\t\t\t<div class=\"elementor-testimonial-content\">\u00ab &#8230;quand on combine ces diff\u00e9rents \u00e9l\u00e9ments, on arrive \u00e0 ce constat l\u00e0, qui, pour le SNALC, n&rsquo;est pas une surprise. C&rsquo;est tr\u00e8s facile de tout mettre sur le dos de la crise sanitaire. \u00c0 nos yeux cette crise n&rsquo;explique pas tout&#8230;. \u00bb<\/div>\n\t\t\t\n\t\t\t\t\t\t<div class=\"elementor-testimonial-meta elementor-has-image elementor-testimonial-image-position-aside\">\n\t\t\t\t<div class=\"elementor-testimonial-meta-inner\">\n\t\t\t\t\t\t\t\t\t\t\t<div class=\"elementor-testimonial-image\">\n\t\t\t\t\t\t\t<img loading=\"lazy\" decoding=\"async\" src=\"https:\/\/snalc.fr\/wp-content\/uploads\/Capture-decran-2022-03-05-a-14.20.21.png\" class=\"attachment-full size-full\" alt=\"\" loading=\"lazy\" width=\"270\" height=\"356\">\t\t\t\t\t\t<\/div>\n\t\t\t\t\t\n\t\t\t\t\t\t\t\t\t\t<div class=\"elementor-testimonial-details\">\n\t\t\t\t\t\t\t\t\t\t\t\t\t\t<div class=\"elementor-testimonial-name\">Maxime Reppert<\/div>\n\t\t\t\t\t\t\t\t\t\t\t\t\t\t\t\t\t\t\t\t\t\t<div class=\"elementor-testimonial-job\">Secr\u00e9taire national aux conditions de travail du SNALC<\/div>\n\t\t\t\t\t\t\t\t\t\t\t\t\t<\/div>\n\t\t\t\t\t\t\t\t\t<\/div>\n\t\t\t<\/div>\n\t\t\t\t\t<\/div>\n\t\t\t\t<\/div>\n\t\t\t\t<\/div>\n\t\t\t\t\t<\/div>\n\t\t<\/div>\n\t\t\t\t\t\t\t<\/div>\n\t\t<\/section>\n\t\t\t\t<section class=\"elementor-section elementor-top-section elementor-element elementor-element-041d049 elementor-section-boxed elementor-section-height-default elementor-section-height-default\" data-id=\"041d049\" data-element_type=\"section\">\n\t\t\t\t\t\t<div class=\"elementor-container elementor-column-gap-default\">\n\t\t\t\t\t<div class=\"elementor-column elementor-col-100 elementor-top-column elementor-element elementor-element-3e70909\" data-id=\"3e70909\" data-element_type=\"column\">\n\t\t\t<div class=\"elementor-widget-wrap elementor-element-populated\">\n\t\t\t\t\t\t\t\t<div class=\"elementor-element elementor-element-00793a2 elementor-widget elementor-widget-image\" data-id=\"00793a2\" data-element_type=\"widget\" data-widget_type=\"image.default\">\n\t\t\t\t<div class=\"elementor-widget-container\">\n\t\t\t\t\t\t\t\t\t\t\t\t\t\t\t<img loading=\"lazy\" decoding=\"async\" src=\"https:\/\/snalc.fr\/wp-content\/uploads\/Capture-decran-2022-11-28-a-19.34.15.png\" class=\"attachment-large size-large\" alt=\"\" loading=\"lazy\" srcset=\"https:\/\/snalc.fr\/wp-content\/uploads\/Capture-decran-2022-11-28-a-19.34.15.png 784w, https:\/\/snalc.fr\/wp-content\/uploads\/Capture-decran-2022-11-28-a-19.34.15-300x166.png 300w, https:\/\/snalc.fr\/wp-content\/uploads\/Capture-decran-2022-11-28-a-19.34.15-768x425.png 768w\" sizes=\"auto, (max-width: 784px) 100vw, 784px\" width=\"784\" height=\"434\">\t\t\t\t\t\t\t\t\t\t\t\t\t\t\t<\/div>\n\t\t\t\t<\/div>\n\t\t\t\t\t<\/div>\n\t\t<\/div>\n\t\t\t\t\t\t\t<\/div>\n\t\t<\/section>\n\t\t\t\t\t\t\t<\/div>\n\t\t\t\t<\/div>\n\t\t\t\t<\/div>\n\t\t\t\t<div class=\"elementor-element elementor-element-2e2c48d7 elementor-grid-mobile-1 elementor-share-buttons--view-icon elementor-share-buttons--shape-circle elementor-share-buttons--align-right elementor-share-buttons--skin-gradient elementor-grid-0 elementor-share-buttons--color-official elementor-widget elementor-widget-share-buttons\" data-id=\"2e2c48d7\" data-element_type=\"widget\" data-settings=\"{&quot;motion_fx_motion_fx_mouse&quot;:&quot;yes&quot;}\" data-widget_type=\"share-buttons.default\">\n\t\t\t\t<div class=\"elementor-widget-container\">\n\t\t\t\t\t<div class=\"elementor-grid\">\n\t\t\t\t\t\t\t\t<div class=\"elementor-grid-item\">\n\t\t\t\t\t\t<div class=\"elementor-share-btn elementor-share-btn_facebook\" tabindex=\"0\" aria-label=\"Partager sur facebook\">\n\t\t\t\t\t\t\t\t\t\t\t\t\t\t\t<span class=\"elementor-share-btn__icon\">\n\t\t\t\t\t\t\t\t<i class=\"fab fa-facebook\" aria-hidden=\"true\">\n","protected":false},"excerpt":{"rendered":"<p>\u00ab &#8230;\u00e7a explique surtout que rien ne peut remplacer un enseignant en pr\u00e9sentiel ! \u00c7a montre vraiment l&rsquo;importance et le r\u00f4le du professeur,&#8230;&nbsp;\u00bb Maxime Reppert Secr\u00e9taire national aux conditions de [&hellip;]<\/p>\n","protected":false},"author":1,"featured_media":0,"comment_status":"closed","ping_status":"closed","sticky":false,"template":"","format":"standard","meta":{"_lmt_disableupdate":"","_lmt_disable":"","site-sidebar-layout":"default","site-content-layout":"","ast-site-content-layout":"default","site-content-style":"default","site-sidebar-style":"default","ast-global-header-display":"","ast-banner-title-visibility":"","ast-main-header-display":"","ast-hfb-above-header-display":"","ast-hfb-below-header-display":"","ast-hfb-mobile-header-display":"","site-post-title":"","ast-breadcrumbs-content":"","ast-featured-img":"","footer-sml-layout":"","ast-disable-related-posts":"","theme-transparent-header-meta":"","adv-header-id-meta":"","stick-header-meta":"","header-above-stick-meta":"","header-main-stick-meta":"","header-below-stick-meta":"","astra-migrate-meta-layouts":"default","ast-page-background-enabled":"default","ast-page-background-meta":{"desktop":{"background-color":"var(--ast-global-color-4)","background-image":"","background-repeat":"repeat","background-position":"center center","background-size":"auto","background-attachment":"scroll","background-type":"","background-media":"","overlay-type":"","overlay-color":"","overlay-opacity":"","overlay-gradient":""},"tablet":{"background-color":"","background-image":"","background-repeat":"repeat","background-position":"center center","background-size":"auto","background-attachment":"scroll","background-type":"","background-media":"","overlay-type":"","overlay-color":"","overlay-opacity":"","overlay-gradient":""},"mobile":{"background-color":"","background-image":"","background-repeat":"repeat","background-position":"center center","background-size":"auto","background-attachment":"scroll","background-type":"","background-media":"","overlay-type":"","overlay-color":"","overlay-opacity":"","overlay-gradient":""}},"ast-content-background-meta":{"desktop":{"background-color":"var(--ast-global-color-5)","background-image":"","background-repeat":"repeat","background-position":"center center","background-size":"auto","background-attachment":"scroll","background-type":"","background-media":"","overlay-type":"","overlay-color":"","overlay-opacity":"","overlay-gradient":""},"tablet":{"background-color":"var(--ast-global-color-5)","background-image":"","background-repeat":"repeat","background-position":"center center","background-size":"auto","background-attachment":"scroll","background-type":"","background-media":"","overlay-type":"","overlay-color":"","overlay-opacity":"","overlay-gradient":""},"mobile":{"background-color":"var(--ast-global-color-5)","background-image":"","background-repeat":"repeat","background-position":"center center","background-size":"auto","background-attachment":"scroll","background-type":"","background-media":"","overlay-type":"","overlay-color":"","overlay-opacity":"","overlay-gradient":""}},"footnotes":""},"categories":[31],"tags":[],"class_list":["post-642","post","type-post","status-publish","format-standard","hentry","category-actualites-2022-2023"],"modified_by":"slecourtier","_links":{"self":[{"href":"https:\/\/snalc.org\/snalc2023\/index.php?rest_route=\/wp\/v2\/posts\/642","targetHints":{"allow":["GET"]}}],"collection":[{"href":"https:\/\/snalc.org\/snalc2023\/index.php?rest_route=\/wp\/v2\/posts"}],"about":[{"href":"https:\/\/snalc.org\/snalc2023\/index.php?rest_route=\/wp\/v2\/types\/post"}],"author":[{"embeddable":true,"href":"https:\/\/snalc.org\/snalc2023\/index.php?rest_route=\/wp\/v2\/users\/1"}],"replies":[{"embeddable":true,"href":"https:\/\/snalc.org\/snalc2023\/index.php?rest_route=%2Fwp%2Fv2%2Fcomments&post=642"}],"version-history":[{"count":1,"href":"https:\/\/snalc.org\/snalc2023\/index.php?rest_route=\/wp\/v2\/posts\/642\/revisions"}],"predecessor-version":[{"id":643,"href":"https:\/\/snalc.org\/snalc2023\/index.php?rest_route=\/wp\/v2\/posts\/642\/revisions\/643"}],"wp:attachment":[{"href":"https:\/\/snalc.org\/snalc2023\/index.php?rest_route=%2Fwp%2Fv2%2Fmedia&parent=642"}],"wp:term":[{"taxonomy":"category","embeddable":true,"href":"https:\/\/snalc.org\/snalc2023\/index.php?rest_route=%2Fwp%2Fv2%2Fcategories&post=642"},{"taxonomy":"post_tag","embeddable":true,"href":"https:\/\/snalc.org\/snalc2023\/index.php?rest_route=%2Fwp%2Fv2%2Ftags&post=642"}],"curies":[{"name":"wp","href":"https:\/\/api.w.org\/{rel}","templated":true}]}}