{"id":644,"date":"2022-11-30T16:08:59","date_gmt":"2022-11-30T15:08:59","guid":{"rendered":"https:\/\/snalc.org\/snalc2023\/?p=644"},"modified":"2022-11-30T16:09:02","modified_gmt":"2022-11-30T15:09:02","slug":"sud-radio-les-enseignants-sont-ils-suffisamment-soutenus-et-proteges","status":"publish","type":"post","link":"https:\/\/snalc.org\/snalc2023\/?p=644","title":{"rendered":"SUD RADIO \u2013 Les enseignants sont-ils suffisamment soutenus et prot\u00e9g\u00e9s ?"},"content":{"rendered":"\n<img loading=\"lazy\" decoding=\"async\" src=\"https:\/\/snalc.fr\/wp-content\/uploads\/BFMTV.jpg\" class=\"attachment-full size-full\" alt=\"\" loading=\"lazy\" width=\"300\" height=\"168\">\t\t\t\t\t\t\t\t\t\t\t<figcaption class=\"widget-image-caption wp-caption-text\"><\/figcaption>\n\t\t\t\t\t\t\t\t\t\t<\/figure>\n\t\t\t\t\t\t\t\t\t<\/div>\n\t\t\t\t<\/div>\n\t\t\t\t<div class=\"elementor-element elementor-element-2987e2d0 elementor-widget elementor-widget-theme-post-content\" data-id=\"2987e2d0\" data-element_type=\"widget\" data-widget_type=\"theme-post-content.default\">\n\t\t\t\t<div class=\"elementor-widget-container\">\n\t\t\t\t\t<div data-elementor-type=\"wp-post\" data-elementor-id=\"22588\" class=\"elementor elementor-22588\">\n\t\t\t\t\t\t\t\t\t<section class=\"elementor-section elementor-top-section elementor-element elementor-element-ca4b51d elementor-section-boxed elementor-section-height-default elementor-section-height-default\" data-id=\"ca4b51d\" data-element_type=\"section\">\n\t\t\t\t\t\t<div class=\"elementor-container elementor-column-gap-default\">\n\t\t\t\t\t<div class=\"elementor-column elementor-col-100 elementor-top-column elementor-element elementor-element-d3aca86\" data-id=\"d3aca86\" data-element_type=\"column\">\n\t\t\t<div class=\"elementor-widget-wrap elementor-element-populated\">\n\t\t\t\t\t\t\t\t<div class=\"elementor-element elementor-element-f660c34 elementor-widget elementor-widget-spacer\" data-id=\"f660c34\" data-element_type=\"widget\" data-widget_type=\"spacer.default\">\n\t\t\t\t<div class=\"elementor-widget-container\">\n\t\t\t\t\t<div class=\"elementor-spacer\">\n\t\t\t<div class=\"elementor-spacer-inner\"><\/div>\n\t\t<\/div>\n\t\t\t\t<\/div>\n\t\t\t\t<\/div>\n\t\t\t\t<div class=\"elementor-element elementor-element-d4c9c68 elementor-widget elementor-widget-testimonial\" data-id=\"d4c9c68\" data-element_type=\"widget\" data-widget_type=\"testimonial.default\">\n\t\t\t\t<div class=\"elementor-widget-container\">\n\t\t\t\t\t<div class=\"elementor-testimonial-wrapper\">\n\t\t\t\t\t\t\t<div class=\"elementor-testimonial-content\">\u00ab&#8230;on atteint maintenant le paroxysme du drame humain, vraiment, malheureusement, ce n&rsquo;est pas la premi\u00e8re fois que je vois ce type de d\u00e9tresse dans le sens o\u00f9 nous avons des coll\u00e8gues qui sont frapp\u00e9s, qui sont insult\u00e9s, qui sont menac\u00e9s sur les r\u00e9seaux sociaux, parfois en classe, parfois devant les \u00e9tablissements&#8230;&nbsp;\u00bb<\/div>\n\t\t\t\n\t\t\t\t\t\t<div class=\"elementor-testimonial-meta elementor-has-image elementor-testimonial-image-position-aside\">\n\t\t\t\t<div class=\"elementor-testimonial-meta-inner\">\n\t\t\t\t\t\t\t\t\t\t\t<div class=\"elementor-testimonial-image\">\n\t\t\t\t\t\t\t<img loading=\"lazy\" decoding=\"async\" src=\"https:\/\/snalc.fr\/wp-content\/uploads\/Capture-decran-2022-03-05-a-14.20.21.png\" class=\"attachment-full size-full\" alt=\"\" loading=\"lazy\" width=\"270\" height=\"356\">\t\t\t\t\t\t<\/div>\n\t\t\t\t\t\n\t\t\t\t\t\t\t\t\t\t<div class=\"elementor-testimonial-details\">\n\t\t\t\t\t\t\t\t\t\t\t\t\t\t<div class=\"elementor-testimonial-name\">Maxime Reppert<\/div>\n\t\t\t\t\t\t\t\t\t\t\t\t\t\t\t\t\t\t\t\t\t\t<div class=\"elementor-testimonial-job\">Secr\u00e9taire national aux conditions de travail du SNALC<\/div>\n\t\t\t\t\t\t\t\t\t\t\t\t\t<\/div>\n\t\t\t\t\t\t\t\t\t<\/div>\n\t\t\t<\/div>\n\t\t\t\t\t<\/div>\n\t\t\t\t<\/div>\n\t\t\t\t<\/div>\n\t\t\t\t<div class=\"elementor-element elementor-element-abd8a7c elementor-widget elementor-widget-spacer\" data-id=\"abd8a7c\" data-element_type=\"widget\" data-widget_type=\"spacer.default\">\n\t\t\t\t<div class=\"elementor-widget-container\">\n\t\t\t\t\t<div class=\"elementor-spacer\">\n\t\t\t<div class=\"elementor-spacer-inner\"><\/div>\n\t\t<\/div>\n\t\t\t\t<\/div>\n\t\t\t\t<\/div>\n\t\t\t\t<div class=\"elementor-element elementor-element-0e1f81a elementor-widget elementor-widget-text-editor\" data-id=\"0e1f81a\" data-element_type=\"widget\" data-widget_type=\"text-editor.default\">\n\t\t\t\t<div class=\"elementor-widget-container\">\n\t\t\t\t\t\t\t<p><strong>Les enseignants sont-ils suffisamment soutenus et prot\u00e9g\u00e9s? Question pos\u00e9e suite au rapport d\u2019enqu\u00eate d\u00e9crivant la \u201cvive inqui\u00e9tude\u201d de Samuel Paty dans les jours pr\u00e9c\u00e9dant son assassinat.<\/strong><\/p><p>Maxime REPPERT, Secr\u00e9taire national aux conditions de travail du SNALC,&nbsp; r\u00e9pond aux questions sur <a href=\"https:\/\/www.sudradio.fr\/emission\/le-grand-debat-du-jour-62\">SUD RADIO<\/a> le 22 novembre 2022<\/p>\t\t\t\t\t\t<\/div>\n\t\t\t\t<\/div>\n\t\t\t\t<div class=\"elementor-element elementor-element-a602fff elementor-widget elementor-widget-spacer\" data-id=\"a602fff\" data-element_type=\"widget\" data-widget_type=\"spacer.default\">\n\t\t\t\t<div class=\"elementor-widget-container\">\n\t\t\t\t\t<div class=\"elementor-spacer\">\n\t\t\t<div class=\"elementor-spacer-inner\"><\/div>\n\t\t<\/div>\n\t\t\t\t<\/div>\n\t\t\t\t<\/div>\n\t\t\t\t\t<\/div>\n\t\t<\/div>\n\t\t\t\t\t\t\t<\/div>\n\t\t<\/section>\n\t\t\t\t<section class=\"elementor-section elementor-top-section elementor-element elementor-element-b033f05 elementor-section-boxed elementor-section-height-default elementor-section-height-default\" data-id=\"b033f05\" data-element_type=\"section\">\n\t\t\t\t\t\t<div class=\"elementor-container elementor-column-gap-default\">\n\t\t\t\t\t<div class=\"elementor-column elementor-col-100 elementor-top-column elementor-element elementor-element-30c23b5\" data-id=\"30c23b5\" data-element_type=\"column\">\n\t\t\t<div class=\"elementor-widget-wrap elementor-element-populated\">\n\t\t\t\t\t\t\t\t<div class=\"elementor-element elementor-element-d82742b elementor-widget elementor-widget-text-editor\" data-id=\"d82742b\" data-element_type=\"widget\" data-widget_type=\"text-editor.default\">\n\t\t\t\t<div class=\"elementor-widget-container\">\n\t\t\t\t\t\t\t<p><strong>Sud radio<\/strong><\/p><p>Nous allons laisser r\u00e9agir notre invit\u00e9 Maxime Reppert sur ce qui vient d\u2019\u00eatre dit ?<\/p><p><strong>Maxime reppert<\/strong><\/p><p>J\u2019ai&nbsp;lu&nbsp;ce&nbsp;rapport avec \u00e9norm\u00e9ment d\u2019\u00e9motions et d\u2019indignation aussi. Et malheureusement, on atteint maintenant le paroxysme du drame humain, vraiment, malheureusement, ce n\u2019est pas la premi\u00e8re fois que je vois ce type de d\u00e9tresse dans le sens o\u00f9 nous avons des coll\u00e8gues qui sont frapp\u00e9s, qui sont insult\u00e9s, qui sont menac\u00e9s sur les r\u00e9seaux sociaux, parfois en classe,&nbsp;parfois devant les \u00e9tablissements. J\u2019ai le souvenir d\u2019une coll\u00e8gue qui avait \u00e9t\u00e9 braqu\u00e9e avec une arme factice, on s\u2019en souvient tous, c\u2019\u00e9tait il n\u2019y a pas&nbsp;si longtemps que \u00e7a.&nbsp;<\/p><p>On a des coll\u00e8gues qui se suicident et qui parfois mettent en cause directement leurs conditions de travail, donc effectivement c\u2019est un<span class=\"Apple-converted-space\">&nbsp; <\/span>symbole tr\u00e8s fort que celui de Samuel Paty.&nbsp;Mais comme \u00e7a a \u00e9t\u00e9 dit au d\u00e9but de votre \u00e9mission, je pense qu\u2019il ne faut pas oublier \u00e9galement le quotidien. Il ne faut pas occulter une triste r\u00e9alit\u00e9.&nbsp;<\/p><p>La r\u00e9alit\u00e9 du pas de vague,&nbsp;la r\u00e9alit\u00e9 de l\u2019autocensure qui existe. Et au-del\u00e0 de \u00e7a, je distingue n\u00e9anmoins ces ph\u00e9nom\u00e8nes d\u2019agression verbale et physique avec d\u2019autres probl\u00e8mes comme ceux de l\u2019atteinte \u00e0 la la\u00efcit\u00e9 qui parfois peuvent se rejoindre, mais parfois sont diff\u00e9rents.<\/p><p>[\u2026]<\/p><p><strong>&nbsp;Sud radio<\/strong><\/p><p>Est-ce que vous consid\u00e9rez que l\u2019assassinat de Samuel Paty a tout de m\u00eame cr\u00e9\u00e9 un choc positif au sein des hi\u00e9rarchies de l\u2019\u00c9ducation nationale ?&nbsp;<\/p><p><strong>Maxime reppert<\/strong><\/p><p>Je pense que sur la question&nbsp;des&nbsp;menaces terroristes, oui&nbsp;je pense que \u00e7a a provoqu\u00e9 une forme d\u2019\u00e9lectrochoc, c\u2019est \u00e0 dire&nbsp;qu\u2019il&nbsp;y a je pense plus de s\u00e9rieux dans la prise en compte de menaces lorsqu\u2019elles sont remont\u00e9es par rapport \u00e0 cette th\u00e9matique l\u00e0, mais est-ce que le quotidien des enseignants a v\u00e9ritablement chang\u00e9, est-ce qu\u2019ils se sentent plus prot\u00e9g\u00e9s ? Honn\u00eatement, je ne pense pas.&nbsp;<\/p><p>[\u2026]<\/p><p><strong>Sud radio &nbsp;<\/strong><\/p><p>Qu\u2019est-ce qu\u2019on peut faire ? Comment travaillez-vous au quotidien pour combattre toutes ces&nbsp;id\u00e9es ? Qu\u2019est-ce qui est mis en place ? Est-ce que vous \u00eates en relation avec les parents d\u2019\u00e9l\u00e8ves, avec le minist\u00e8re ? Est-ce qu\u2019il y a des r\u00e9unions qui sont organis\u00e9es r\u00e9guli\u00e8rement, des formations ?<\/p><p><strong>Maxime reppert <\/strong><\/p><p>Par rapport \u00e0 la question de la la\u00efcit\u00e9 ou par rapport \u00e0 la question de la violence ?<\/p><p><strong>Sud radio<\/strong><\/p><p>La protection et tous les sujets&nbsp;qui mettent \u00e0 un moment donn\u00e9 tous&nbsp;les enseignements dans un, dans&nbsp;une situation compliqu\u00e9e.<\/p><p><strong>Maxime reppert<\/strong><\/p><p>En tant que prof, parce que je suis professeur d\u2019histoire g\u00e9ographie, en tant qu\u2019enseignant, j\u2019essaie d\u2019expliquer les notions qui sont importantes comme la question de la la\u00efcit\u00e9 par exemple, je vous montre que la la\u00efcit\u00e9 n\u2019est pas&nbsp;de l\u2019Anti religion, c\u2019est avant tout pour pr\u00e9server la libert\u00e9 de conscience. Donc d\u00e9j\u00e0 expliquer cela aux jeunes, c\u2019est la premi\u00e8re chose. La 2e chose, en tant que syndicaliste, c\u2019est de conseiller les coll\u00e8gues. Comment faire remonter un probl\u00e8me, comment \u00e9viter que ce probl\u00e8me passe sous le tapis ?&nbsp;Quelle attitude adopter vis-\u00e0-vis des \u00e9l\u00e8ves,&nbsp;vis-\u00e0-vis&nbsp;des parents, vis-\u00e0-vis de la hi\u00e9rarchie pour vraiment faire que les coll\u00e8gues puissent se prot\u00e9ger et&nbsp;savoir faire&nbsp;un rapport d\u2019incident ? Vous voyez ce genre de choses l\u00e0, le SNALC accompagne les coll\u00e8gues de cette&nbsp;fa\u00e7on l\u00e0, vraiment, pas \u00e0&nbsp;pas&nbsp;face \u00e0 ce type de difficult\u00e9&nbsp;parce que heureusement&nbsp;comme \u00e7a a \u00e9t\u00e9 dit, tout le monde n\u2019est pas confront\u00e9 \u00e0 la violence. Tous les \u00e9tablissements ne sont pas&nbsp;des&nbsp;poudri\u00e8res, et&nbsp;heureusement. Mais il y a quand m\u00eame un malaise qui a tendance \u00e0&nbsp;se propager de plus en plus.<\/p><p>&nbsp;<\/p>\t\t\t\t\t\t<\/div>\n\t\t\t\t<\/div>\n\t\t\t\t<div class=\"elementor-element elementor-element-1ed6b98 elementor-widget elementor-widget-testimonial\" data-id=\"1ed6b98\" data-element_type=\"widget\" data-widget_type=\"testimonial.default\">\n\t\t\t\t<div class=\"elementor-widget-container\">\n\t\t\t\t\t<div class=\"elementor-testimonial-wrapper\">\n\t\t\t\t\t\t\t<div class=\"elementor-testimonial-content\">\u00ab&#8230;oui je pense que \u00e7a a provoqu\u00e9 une forme d&rsquo;\u00e9lectrochoc, c&rsquo;est \u00e0 dire qu&rsquo;il y a je pense plus de s\u00e9rieux dans la prise en compte de menaces lorsqu&rsquo;elles sont remont\u00e9es par rapport \u00e0 cette th\u00e9matique l\u00e0, mais est-ce que le quotidien des enseignants a v\u00e9ritablement chang\u00e9, est-ce qu&rsquo;ils se sentent plus prot\u00e9g\u00e9s ? Honn\u00eatement, je ne pense pas&#8230;.\u00bb<\/div>\n\t\t\t\n\t\t\t\t\t\t<div class=\"elementor-testimonial-meta elementor-has-image elementor-testimonial-image-position-aside\">\n\t\t\t\t<div class=\"elementor-testimonial-meta-inner\">\n\t\t\t\t\t\t\t\t\t\t\t<div class=\"elementor-testimonial-image\">\n\t\t\t\t\t\t\t<img loading=\"lazy\" decoding=\"async\" src=\"https:\/\/snalc.fr\/wp-content\/uploads\/Capture-decran-2022-03-05-a-14.20.21.png\" class=\"attachment-full size-full\" alt=\"\" loading=\"lazy\" width=\"270\" height=\"356\">\t\t\t\t\t\t<\/div>\n\t\t\t\t\t\n\t\t\t\t\t\t\t\t\t\t<div class=\"elementor-testimonial-details\">\n\t\t\t\t\t\t\t\t\t\t\t\t\t\t<div class=\"elementor-testimonial-name\">Maxime Reppert<\/div>\n\t\t\t\t\t\t\t\t\t\t\t\t\t\t\t\t\t\t\t\t\t\t<div class=\"elementor-testimonial-job\">Secr\u00e9taire national aux conditions de travail du SNALC<\/div>\n\t\t\t\t\t\t\t\t\t\t\t\t\t<\/div>\n\t\t\t\t\t\t\t\t\t<\/div>\n\t\t\t<\/div>\n\t\t\t\t\t<\/div>\n\t\t\t\t<\/div>\n\t\t\t\t<\/div>\n\t\t\t\t\t<\/div>\n\t\t<\/div>\n\t\t\t\t\t\t\t<\/div>\n\t\t<\/section>\n\t\t\t\t<section class=\"elementor-section elementor-top-section elementor-element elementor-element-041d049 elementor-section-boxed elementor-section-height-default elementor-section-height-default\" data-id=\"041d049\" data-element_type=\"section\">\n\t\t\t\t\t\t<div class=\"elementor-container elementor-column-gap-default\">\n\t\t\t\t\t<div class=\"elementor-column elementor-col-100 elementor-top-column elementor-element elementor-element-3e70909\" data-id=\"3e70909\" data-element_type=\"column\">\n\t\t\t<div class=\"elementor-widget-wrap elementor-element-populated\">\n\t\t\t\t\t\t\t\t<div class=\"elementor-element elementor-element-00793a2 elementor-widget elementor-widget-image\" data-id=\"00793a2\" data-element_type=\"widget\" data-widget_type=\"image.default\">\n\t\t\t\t<div class=\"elementor-widget-container\">\n\t\t\t\t\t\t\t\t\t\t\t\t\t\t\t<img loading=\"lazy\" decoding=\"async\" src=\"https:\/\/snalc.fr\/wp-content\/uploads\/Capture-decran-2022-11-28-a-22.22.35.png\" class=\"attachment-large size-large\" alt=\"\" loading=\"lazy\" srcset=\"https:\/\/snalc.fr\/wp-content\/uploads\/Capture-decran-2022-11-28-a-22.22.35.png 858w, https:\/\/snalc.fr\/wp-content\/uploads\/Capture-decran-2022-11-28-a-22.22.35-300x169.png 300w, https:\/\/snalc.fr\/wp-content\/uploads\/Capture-decran-2022-11-28-a-22.22.35-768x432.png 768w\" sizes=\"auto, (max-width: 800px) 100vw, 800px\" width=\"800\" height=\"450\">\t\t\t\t\t\t\t\t\t\t\t\t\t\t\t<\/div>\n\t\t\t\t<\/div>\n\t\t\t\t\t<\/div>\n\t\t<\/div>\n\t\t\t\t\t\t\t<\/div>\n\t\t<\/section>\n\t\t\t\t\t\t\t<\/div>\n\t\t\t\t<\/div>\n\t\t\t\t<\/div>\n\t\t\t\t<div class=\"elementor-element elementor-element-2e2c48d7 elementor-grid-mobile-1 elementor-share-buttons--view-icon elementor-share-buttons--shape-circle elementor-share-buttons--align-right elementor-share-buttons--skin-gradient elementor-grid-0 elementor-share-buttons--color-official elementor-widget elementor-widget-share-buttons\" data-id=\"2e2c48d7\" data-element_type=\"widget\" data-settings=\"{&quot;motion_fx_motion_fx_mouse&quot;:&quot;yes&quot;}\" data-widget_type=\"share-buttons.default\">\n\t\t\t\t<div class=\"elementor-widget-container\">\n\t\t\t\t\t<div class=\"elementor-grid\">\n\t\t\t\t\t\t\t\t<div class=\"elementor-grid-item\">\n\t\t\t\t\t\t<div class=\"elementor-share-btn elementor-share-btn_facebook\" tabindex=\"0\" aria-label=\"Partager sur facebook\">\n\t\t\t\t\t\t\t\t\t\t\t\t\t\t\t<span class=\"elementor-share-btn__icon\">\n\t\t\t\t\t\t\t\t<i class=\"fab fa-facebook\" aria-hidden=\"true\">\n","protected":false},"excerpt":{"rendered":"<p>\u00ab&#8230;on atteint maintenant le paroxysme du drame humain, vraiment, malheureusement, ce n&rsquo;est pas la premi\u00e8re fois que je vois ce type de d\u00e9tresse dans le sens o\u00f9 nous avons des [&hellip;]<\/p>\n","protected":false},"author":1,"featured_media":0,"comment_status":"closed","ping_status":"closed","sticky":false,"template":"","format":"standard","meta":{"_lmt_disableupdate":"","_lmt_disable":"","site-sidebar-layout":"default","site-content-layout":"","ast-site-content-layout":"default","site-content-style":"default","site-sidebar-style":"default","ast-global-header-display":"","ast-banner-title-visibility":"","ast-main-header-display":"","ast-hfb-above-header-display":"","ast-hfb-below-header-display":"","ast-hfb-mobile-header-display":"","site-post-title":"","ast-breadcrumbs-content":"","ast-featured-img":"","footer-sml-layout":"","ast-disable-related-posts":"","theme-transparent-header-meta":"","adv-header-id-meta":"","stick-header-meta":"","header-above-stick-meta":"","header-main-stick-meta":"","header-below-stick-meta":"","astra-migrate-meta-layouts":"default","ast-page-background-enabled":"default","ast-page-background-meta":{"desktop":{"background-color":"var(--ast-global-color-4)","background-image":"","background-repeat":"repeat","background-position":"center center","background-size":"auto","background-attachment":"scroll","background-type":"","background-media":"","overlay-type":"","overlay-color":"","overlay-opacity":"","overlay-gradient":""},"tablet":{"background-color":"","background-image":"","background-repeat":"repeat","background-position":"center center","background-size":"auto","background-attachment":"scroll","background-type":"","background-media":"","overlay-type":"","overlay-color":"","overlay-opacity":"","overlay-gradient":""},"mobile":{"background-color":"","background-image":"","background-repeat":"repeat","background-position":"center center","background-size":"auto","background-attachment":"scroll","background-type":"","background-media":"","overlay-type":"","overlay-color":"","overlay-opacity":"","overlay-gradient":""}},"ast-content-background-meta":{"desktop":{"background-color":"var(--ast-global-color-5)","background-image":"","background-repeat":"repeat","background-position":"center center","background-size":"auto","background-attachment":"scroll","background-type":"","background-media":"","overlay-type":"","overlay-color":"","overlay-opacity":"","overlay-gradient":""},"tablet":{"background-color":"var(--ast-global-color-5)","background-image":"","background-repeat":"repeat","background-position":"center center","background-size":"auto","background-attachment":"scroll","background-type":"","background-media":"","overlay-type":"","overlay-color":"","overlay-opacity":"","overlay-gradient":""},"mobile":{"background-color":"var(--ast-global-color-5)","background-image":"","background-repeat":"repeat","background-position":"center center","background-size":"auto","background-attachment":"scroll","background-type":"","background-media":"","overlay-type":"","overlay-color":"","overlay-opacity":"","overlay-gradient":""}},"footnotes":""},"categories":[31],"tags":[],"class_list":["post-644","post","type-post","status-publish","format-standard","hentry","category-actualites-2022-2023"],"modified_by":"slecourtier","_links":{"self":[{"href":"https:\/\/snalc.org\/snalc2023\/index.php?rest_route=\/wp\/v2\/posts\/644","targetHints":{"allow":["GET"]}}],"collection":[{"href":"https:\/\/snalc.org\/snalc2023\/index.php?rest_route=\/wp\/v2\/posts"}],"about":[{"href":"https:\/\/snalc.org\/snalc2023\/index.php?rest_route=\/wp\/v2\/types\/post"}],"author":[{"embeddable":true,"href":"https:\/\/snalc.org\/snalc2023\/index.php?rest_route=\/wp\/v2\/users\/1"}],"replies":[{"embeddable":true,"href":"https:\/\/snalc.org\/snalc2023\/index.php?rest_route=%2Fwp%2Fv2%2Fcomments&post=644"}],"version-history":[{"count":1,"href":"https:\/\/snalc.org\/snalc2023\/index.php?rest_route=\/wp\/v2\/posts\/644\/revisions"}],"predecessor-version":[{"id":645,"href":"https:\/\/snalc.org\/snalc2023\/index.php?rest_route=\/wp\/v2\/posts\/644\/revisions\/645"}],"wp:attachment":[{"href":"https:\/\/snalc.org\/snalc2023\/index.php?rest_route=%2Fwp%2Fv2%2Fmedia&parent=644"}],"wp:term":[{"taxonomy":"category","embeddable":true,"href":"https:\/\/snalc.org\/snalc2023\/index.php?rest_route=%2Fwp%2Fv2%2Fcategories&post=644"},{"taxonomy":"post_tag","embeddable":true,"href":"https:\/\/snalc.org\/snalc2023\/index.php?rest_route=%2Fwp%2Fv2%2Ftags&post=644"}],"curies":[{"name":"wp","href":"https:\/\/api.w.org\/{rel}","templated":true}]}}