{"id":648,"date":"2022-12-01T14:09:06","date_gmt":"2022-12-01T13:09:06","guid":{"rendered":"https:\/\/snalc.org\/snalc2023\/?p=648"},"modified":"2022-12-01T14:09:08","modified_gmt":"2022-12-01T13:09:08","slug":"energie-lecole-nest-pas-facultative","status":"publish","type":"post","link":"https:\/\/snalc.org\/snalc2023\/?p=648","title":{"rendered":"\u00c9nergie\u00a0: l\u2019\u00e9cole n\u2019est pas facultative"},"content":{"rendered":"\n<img loading=\"lazy\" decoding=\"async\" src=\"https:\/\/snalc.fr\/wp-content\/uploads\/froid_istock_nikamata-157565659.jpg\" class=\"attachment-full size-full\" alt=\"\" loading=\"lazy\" srcset=\"https:\/\/snalc.fr\/wp-content\/uploads\/froid_istock_nikamata-157565659.jpg 745w, https:\/\/snalc.fr\/wp-content\/uploads\/froid_istock_nikamata-157565659-300x205.jpg 300w\" sizes=\"auto, (max-width: 745px) 100vw, 745px\" width=\"745\" height=\"510\">\t\t\t\t\t\t\t\t\t\t\t<figcaption class=\"widget-image-caption wp-caption-text\">\u00a9 istock_nikamata-157565659<\/figcaption>\n\t\t\t\t\t\t\t\t\t\t<\/figure>\n\t\t\t\t\t\t\t\t\t<\/div>\n\t\t\t\t<\/div>\n\t\t\t\t<div class=\"elementor-element elementor-element-2987e2d0 elementor-widget elementor-widget-theme-post-content\" data-id=\"2987e2d0\" data-element_type=\"widget\" data-widget_type=\"theme-post-content.default\">\n\t\t\t\t<div class=\"elementor-widget-container\">\n\t\t\t\t\t<div data-elementor-type=\"wp-post\" data-elementor-id=\"22649\" class=\"elementor elementor-22649\">\n\t\t\t\t\t\t\t\t\t<section class=\"elementor-section elementor-top-section elementor-element elementor-element-895b921 elementor-section-boxed elementor-section-height-default elementor-section-height-default\" data-id=\"895b921\" data-element_type=\"section\">\n\t\t\t\t\t\t<div class=\"elementor-container elementor-column-gap-default\">\n\t\t\t\t\t<div class=\"elementor-column elementor-col-100 elementor-top-column elementor-element elementor-element-8c44555\" data-id=\"8c44555\" data-element_type=\"column\">\n\t\t\t<div class=\"elementor-widget-wrap elementor-element-populated\">\n\t\t\t\t\t\t\t\t<div class=\"elementor-element elementor-element-c90d6b5 elementor-widget elementor-widget-text-editor\" data-id=\"c90d6b5\" data-element_type=\"widget\" data-widget_type=\"text-editor.default\">\n\t\t\t\t<div class=\"elementor-widget-container\">\n\t\t\t\t\t\t\t<p class=\"Standard\">Le <strong>SNALC<\/strong> marque sa forte inqui\u00e9tude sur le traitement r\u00e9serv\u00e9 aux \u00e9tablissements scolaires dans le cadre de la politique \u00e9nerg\u00e9tique men\u00e9e cet hiver.<\/p><p class=\"Standard\">Le <strong>SNALC<\/strong> indique qu\u2019aucun \u00e9change concret n\u2019a eu lieu jusqu\u2019\u00e0 pr\u00e9sent au minist\u00e8re de l\u2019\u00c9ducation nationale sur le sujet.<\/p><p class=\"Standard\">Le <strong>SNALC<\/strong> rappelle que l\u2019\u00c9cole n\u2019est pas facultative, et que les premi\u00e8res mesures \u00e9voqu\u00e9es (pas de cours le matin en cas de d\u00e9lestage) seront difficiles voire impossibles \u00e0 mettre en place.<\/p><p class=\"Standard\">Pour le <strong>SNALC,<\/strong> l\u2019\u00c9cole est une priorit\u00e9 qui ne se discute pas. Il demande donc que le sch\u00e9ma pr\u00e9vu par l\u2019\u00c9tat et les collectivit\u00e9s locales permettent le maintien de tous les cours, dans des conditions de travail correctes. Il s\u2019opposera \u00e0 toute mise en place d\u2019une \u00ab&nbsp;continuit\u00e9 p\u00e9dagogique&nbsp;\u00bb \u00e0 distance, qui n\u2019est pas l\u2019\u00c9cole, et qui n\u2019a pas de base juridique.<\/p><p class=\"Standard\">Le <strong>SNALC<\/strong> demande enfin que les organisations repr\u00e9sentatives des personnels de l\u2019\u00c9ducation nationale soient d\u00e8s \u00e0 pr\u00e9sents associ\u00e9es \u00e0 la r\u00e9flexion d\u2019ensemble, et que des choix soient faits \u00e0 tous les niveaux pour chauffer correctement nos \u00e9tablissements.<\/p>\n","protected":false},"excerpt":{"rendered":"<p>\u00a9 istock_nikamata-157565659 Le SNALC marque sa forte inqui\u00e9tude sur le traitement r\u00e9serv\u00e9 aux \u00e9tablissements scolaires dans le cadre de la politique \u00e9nerg\u00e9tique men\u00e9e cet hiver. Le SNALC indique qu\u2019aucun \u00e9change [&hellip;]<\/p>\n","protected":false},"author":1,"featured_media":0,"comment_status":"closed","ping_status":"closed","sticky":false,"template":"","format":"standard","meta":{"_lmt_disableupdate":"","_lmt_disable":"","site-sidebar-layout":"default","site-content-layout":"","ast-site-content-layout":"default","site-content-style":"default","site-sidebar-style":"default","ast-global-header-display":"","ast-banner-title-visibility":"","ast-main-header-display":"","ast-hfb-above-header-display":"","ast-hfb-below-header-display":"","ast-hfb-mobile-header-display":"","site-post-title":"","ast-breadcrumbs-content":"","ast-featured-img":"","footer-sml-layout":"","ast-disable-related-posts":"","theme-transparent-header-meta":"","adv-header-id-meta":"","stick-header-meta":"","header-above-stick-meta":"","header-main-stick-meta":"","header-below-stick-meta":"","astra-migrate-meta-layouts":"default","ast-page-background-enabled":"default","ast-page-background-meta":{"desktop":{"background-color":"var(--ast-global-color-4)","background-image":"","background-repeat":"repeat","background-position":"center center","background-size":"auto","background-attachment":"scroll","background-type":"","background-media":"","overlay-type":"","overlay-color":"","overlay-opacity":"","overlay-gradient":""},"tablet":{"background-color":"","background-image":"","background-repeat":"repeat","background-position":"center center","background-size":"auto","background-attachment":"scroll","background-type":"","background-media":"","overlay-type":"","overlay-color":"","overlay-opacity":"","overlay-gradient":""},"mobile":{"background-color":"","background-image":"","background-repeat":"repeat","background-position":"center center","background-size":"auto","background-attachment":"scroll","background-type":"","background-media":"","overlay-type":"","overlay-color":"","overlay-opacity":"","overlay-gradient":""}},"ast-content-background-meta":{"desktop":{"background-color":"var(--ast-global-color-5)","background-image":"","background-repeat":"repeat","background-position":"center center","background-size":"auto","background-attachment":"scroll","background-type":"","background-media":"","overlay-type":"","overlay-color":"","overlay-opacity":"","overlay-gradient":""},"tablet":{"background-color":"var(--ast-global-color-5)","background-image":"","background-repeat":"repeat","background-position":"center center","background-size":"auto","background-attachment":"scroll","background-type":"","background-media":"","overlay-type":"","overlay-color":"","overlay-opacity":"","overlay-gradient":""},"mobile":{"background-color":"var(--ast-global-color-5)","background-image":"","background-repeat":"repeat","background-position":"center center","background-size":"auto","background-attachment":"scroll","background-type":"","background-media":"","overlay-type":"","overlay-color":"","overlay-opacity":"","overlay-gradient":""}},"footnotes":""},"categories":[31],"tags":[],"class_list":["post-648","post","type-post","status-publish","format-standard","hentry","category-actualites-2022-2023"],"modified_by":"slecourtier","_links":{"self":[{"href":"https:\/\/snalc.org\/snalc2023\/index.php?rest_route=\/wp\/v2\/posts\/648","targetHints":{"allow":["GET"]}}],"collection":[{"href":"https:\/\/snalc.org\/snalc2023\/index.php?rest_route=\/wp\/v2\/posts"}],"about":[{"href":"https:\/\/snalc.org\/snalc2023\/index.php?rest_route=\/wp\/v2\/types\/post"}],"author":[{"embeddable":true,"href":"https:\/\/snalc.org\/snalc2023\/index.php?rest_route=\/wp\/v2\/users\/1"}],"replies":[{"embeddable":true,"href":"https:\/\/snalc.org\/snalc2023\/index.php?rest_route=%2Fwp%2Fv2%2Fcomments&post=648"}],"version-history":[{"count":1,"href":"https:\/\/snalc.org\/snalc2023\/index.php?rest_route=\/wp\/v2\/posts\/648\/revisions"}],"predecessor-version":[{"id":649,"href":"https:\/\/snalc.org\/snalc2023\/index.php?rest_route=\/wp\/v2\/posts\/648\/revisions\/649"}],"wp:attachment":[{"href":"https:\/\/snalc.org\/snalc2023\/index.php?rest_route=%2Fwp%2Fv2%2Fmedia&parent=648"}],"wp:term":[{"taxonomy":"category","embeddable":true,"href":"https:\/\/snalc.org\/snalc2023\/index.php?rest_route=%2Fwp%2Fv2%2Fcategories&post=648"},{"taxonomy":"post_tag","embeddable":true,"href":"https:\/\/snalc.org\/snalc2023\/index.php?rest_route=%2Fwp%2Fv2%2Ftags&post=648"}],"curies":[{"name":"wp","href":"https:\/\/api.w.org\/{rel}","templated":true}]}}