{"id":653,"date":"2022-12-04T19:41:53","date_gmt":"2022-12-04T18:41:53","guid":{"rendered":"https:\/\/snalc.org\/snalc2023\/?p=653"},"modified":"2022-12-04T19:41:56","modified_gmt":"2022-12-04T18:41:56","slug":"delestage-et-coupures-de-courant-reunion-ministerielle-du-2-decembre-2022","status":"publish","type":"post","link":"https:\/\/snalc.org\/snalc2023\/?p=653","title":{"rendered":"D\u00e9lestage et coupures de courant : r\u00e9union minist\u00e9rielle du 2 d\u00e9cembre 2022"},"content":{"rendered":"\n<img loading=\"lazy\" decoding=\"async\" src=\"https:\/\/snalc.fr\/wp-content\/uploads\/froid_istock_kjekol-171571532.jpg\" class=\"attachment-full size-full\" alt=\"\" loading=\"lazy\" srcset=\"https:\/\/snalc.fr\/wp-content\/uploads\/froid_istock_kjekol-171571532.jpg 996w, https:\/\/snalc.fr\/wp-content\/uploads\/froid_istock_kjekol-171571532-300x201.jpg 300w, https:\/\/snalc.fr\/wp-content\/uploads\/froid_istock_kjekol-171571532-768x515.jpg 768w\" sizes=\"auto, (max-width: 996px) 100vw, 996px\" width=\"996\" height=\"668\">\t\t\t\t\t\t\t\t\t\t\t<figcaption class=\"widget-image-caption wp-caption-text\">\u00a9 istock_kjekol-171571532<\/figcaption>\n\t\t\t\t\t\t\t\t\t\t<\/figure>\n\t\t\t\t\t\t\t\t\t<\/div>\n\t\t\t\t<\/div>\n\t\t\t\t<div class=\"elementor-element elementor-element-2987e2d0 elementor-widget elementor-widget-theme-post-content\" data-id=\"2987e2d0\" data-element_type=\"widget\" data-widget_type=\"theme-post-content.default\">\n\t\t\t\t<div class=\"elementor-widget-container\">\n\t\t\t\t\t<div data-elementor-type=\"wp-post\" data-elementor-id=\"22760\" class=\"elementor elementor-22760\">\n\t\t\t\t\t\t\t\t\t<section class=\"elementor-section elementor-top-section elementor-element elementor-element-c6946ee elementor-section-boxed elementor-section-height-default elementor-section-height-default\" data-id=\"c6946ee\" data-element_type=\"section\">\n\t\t\t\t\t\t<div class=\"elementor-container elementor-column-gap-default\">\n\t\t\t\t\t<div class=\"elementor-column elementor-col-100 elementor-top-column elementor-element elementor-element-8d93796\" data-id=\"8d93796\" data-element_type=\"column\">\n\t\t\t<div class=\"elementor-widget-wrap elementor-element-populated\">\n\t\t\t\t\t\t\t\t<div class=\"elementor-element elementor-element-8103a62 elementor-widget elementor-widget-text-editor\" data-id=\"8103a62\" data-element_type=\"widget\" data-widget_type=\"text-editor.default\">\n\t\t\t\t<div class=\"elementor-widget-container\">\n\t\t\t\t\t\t\t<p style=\"text-align: center;\"><strong>R\u00e9union minist\u00e9rielle du 2 d\u00e9cembre 2022<\/strong><\/p><p style=\"text-align: center;\"><strong>Compte rendu du SNALC<\/strong><\/p>\t\t\t\t\t\t<\/div>\n\t\t\t\t<\/div>\n\t\t\t\t\t<\/div>\n\t\t<\/div>\n\t\t\t\t\t\t\t<\/div>\n\t\t<\/section>\n\t\t\t\t<section class=\"elementor-section elementor-top-section elementor-element elementor-element-ef88bbf elementor-section-boxed elementor-section-height-default elementor-section-height-default\" data-id=\"ef88bbf\" data-element_type=\"section\">\n\t\t\t\t\t\t<div class=\"elementor-container elementor-column-gap-default\">\n\t\t\t\t\t<div class=\"elementor-column elementor-col-100 elementor-top-column elementor-element elementor-element-a38cfd4\" data-id=\"a38cfd4\" data-element_type=\"column\">\n\t\t\t<div class=\"elementor-widget-wrap elementor-element-populated\">\n\t\t\t\t\t\t\t\t<div class=\"elementor-element elementor-element-db70b89 elementor-widget elementor-widget-text-editor\" data-id=\"db70b89\" data-element_type=\"widget\" data-widget_type=\"text-editor.default\">\n\t\t\t\t<div class=\"elementor-widget-container\">\n\t\t\t\t\t\t\t<p><span style=\"color: #ff6600;\"><strong>LE TH\u00c8ME<\/strong><\/span><\/p><hr><p>Coupures ponctuelles d\u2019\u00e9lectricit\u00e9 dans les \u00e9tablissements scolaires cet hiver<\/p>\t\t\t\t\t\t<\/div>\n\t\t\t\t<\/div>\n\t\t\t\t\t<\/div>\n\t\t<\/div>\n\t\t\t\t\t\t\t<\/div>\n\t\t<\/section>\n\t\t\t\t<section class=\"elementor-section elementor-top-section elementor-element elementor-element-40373e1 elementor-section-boxed elementor-section-height-default elementor-section-height-default\" data-id=\"40373e1\" data-element_type=\"section\">\n\t\t\t\t\t\t<div class=\"elementor-container elementor-column-gap-default\">\n\t\t\t\t\t<div class=\"elementor-column elementor-col-100 elementor-top-column elementor-element elementor-element-c923446\" data-id=\"c923446\" data-element_type=\"column\">\n\t\t\t<div class=\"elementor-widget-wrap elementor-element-populated\">\n\t\t\t\t\t\t\t\t<div class=\"elementor-element elementor-element-b65ade7 elementor-widget elementor-widget-text-editor\" data-id=\"b65ade7\" data-element_type=\"widget\" data-widget_type=\"text-editor.default\">\n\t\t\t\t<div class=\"elementor-widget-container\">\n\t\t\t\t\t\t\t<p><span style=\"color: #ff6600;\"><strong>L\u2019ESSENTIEL<\/strong><\/span><\/p><hr><p>Le minist\u00e8re a plaid\u00e9 que les \u00e9tablissements scolaires soient exon\u00e9r\u00e9s de d\u00e9lestage, mais ce n\u2019\u00e9tait techniquement pas possible. D\u2019o\u00f9 cette suspension de l\u2019accueil des \u00e9l\u00e8ves s\u2019il y a des coupures \u00e9lectriques. Les risques sont plut\u00f4t \u00e0 partir de janvier (pas de risques outre-mer ni en Corse).<\/p><p>Syst\u00e8me tournant, avec coupures de 2h maximum&nbsp;: une m\u00eame \u00e9cole\/un m\u00eame \u00e9tablissement n\u2019aura pas + de 2 ou 3 coupures \u00ab&nbsp;au pire du pire&nbsp;\u00bb. Aucune zone ne sera d\u00e9lest\u00e9e deux fois dans une m\u00eame journ\u00e9e. Ces coupures sont soit sur une plage entre 8h et 13h, soit entre 18h et 20h. \u00c0 chaque op\u00e9ration, cela pourrait concerner 10&nbsp;% de nos \u00e9tablissements. Les communications \u00e9lectroniques (y compris internet) pourraient \u00eatre interrompues. Dans ce cas, il faudra passer par le 112 pour les communications urgentes.<\/p><p>Question de la s\u00e9curit\u00e9 des \u00e9l\u00e8ves et des personnels (dispositifs d\u2019acc\u00e8s, vid\u00e9osurveillance, \u00e9clairages, s\u00e9curit\u00e9 incendie, etc.), donc il n\u2019\u00e9tait pas raisonnable d\u2019accueillir des \u00e9l\u00e8ves dans ces dispositions.<\/p><p>Les d\u00e9lais de pr\u00e9venance de la plage de d\u00e9lestage sont extr\u00eamement courts (la veille \u00e0 15h, et information des usagers \u2014 y compris les personnels de l\u2019\u00c9ducation nationale \u2014 \u00e0 partir de 17h).<\/p><p>En cas de d\u00e9lestage le matin, les cours reprennent en d\u00e9but d\u2019apr\u00e8s-midi, avec ou non une cantine (si cela est possible). N\u00e9cessit\u00e9 d\u2019anticiper la sortie dans certains \u00e9tablissements en cas de d\u00e9lestage \u00e0 partir de 18h.<\/p><p>Les internats resteront ouverts&nbsp;: ils doivent avoir un syst\u00e8me de s\u00e9curit\u00e9 incendie\/\u00e9clairage qui peut tenir une coupure de 5h. On va y refaire un exercice incendie.<\/p><p>Il est demand\u00e9 d\u2019organis\u00e9 un accueil pour les enfants des personnels qui travaillent dans les sites non d\u00e9lest\u00e9s (h\u00f4pitaux, forces de s\u00e9curit\u00e9 int\u00e9rieure, centres p\u00e9nitentiaires, entreprises\/structures identifi\u00e9es comme ayant une importance vitale) \u2192 cet accueil n\u2019est pas encore stabilis\u00e9. Question aussi de la situation des personnels ne pouvant rejoindre leur lieu de travail, o\u00f9 dont les enfants sont dans une \u00e9cole qui est d\u00e9lest\u00e9e.<\/p><p>Tout n\u2019est pas encore pr\u00e9cis\u00e9\/stabilis\u00e9&nbsp;: une circulaire plus compl\u00e8te devrait \u00eatre distribu\u00e9e en d\u00e9but de semaine prochaine, accompagn\u00e9e de fiches conseils (pour les chefs d\u2019\u00e9tablissement\/directions d\u2019\u00e9cole). Attente d\u2019\u00e9l\u00e9ments de la fonction publique sur la question des droits des personnels.<\/p><p>Les repr\u00e9sentants des collectivit\u00e9s et ceux des parents seront vus la semaine prochaine.<\/p>\t\t\t\t\t\t<\/div>\n\t\t\t\t<\/div>\n\t\t\t\t\t<\/div>\n\t\t<\/div>\n\t\t\t\t\t\t\t<\/div>\n\t\t<\/section>\n\t\t\t\t<section class=\"elementor-section elementor-top-section elementor-element elementor-element-f8437a8 elementor-section-boxed elementor-section-height-default elementor-section-height-default\" data-id=\"f8437a8\" data-element_type=\"section\">\n\t\t\t\t\t\t<div class=\"elementor-container elementor-column-gap-default\">\n\t\t\t\t\t<div class=\"elementor-column elementor-col-100 elementor-top-column elementor-element elementor-element-7442dad\" data-id=\"7442dad\" data-element_type=\"column\">\n\t\t\t<div class=\"elementor-widget-wrap elementor-element-populated\">\n\t\t\t\t\t\t\t\t<div class=\"elementor-element elementor-element-f5d8e6f elementor-widget elementor-widget-text-editor\" data-id=\"f5d8e6f\" data-element_type=\"widget\" data-widget_type=\"text-editor.default\">\n\t\t\t\t<div class=\"elementor-widget-container\">\n\t\t\t\t\t\t\t<p><span style=\"color: #ff6600;\"><strong>LE SNALC A INSIT\u00c9 SUR\u2026<\/strong><\/span><\/p><hr><ul><li>La n\u00e9cessit\u00e9 de trouver des solutions o\u00f9 les \u00e9coles et \u00e9tablissements sont consid\u00e9r\u00e9s comme prioritaires, ou du moins n\u2019ont pas \u00e0 \u00eatre soumis aux coupures de courant. Il est hallucinant qu\u2019un pays comme la France ne soient pas en mesure de maintenir le courant dans son syst\u00e8me scolaire.<\/li><li>Le manque de concertation en amont, associ\u00e9 \u00e0 une communication m\u00e9diatique qui ne passe pas.<\/li><li>L\u2019incapacit\u00e9 des collectivit\u00e9s \u00e0 modifier les horaires des transports scolaires du jour au lendemain pour assurer la pr\u00e9sence des \u00e9l\u00e8ves l\u2019apr\u00e8s-midi \u2192 confirmation par les collectivit\u00e9s elles-m\u00eames au minist\u00e8re.<\/li><li>La question de la gestion des internats en cas de coupure plac\u00e9e au mauvais moment.<\/li><li>Le manque de pr\u00e9paration concernant les annonces sur le maintien de la cantine et sur l\u2019accueil des enfants de travailleurs dits essentiels.<\/li><li>La n\u00e9cessit\u00e9 de pr\u00e9ciser qu\u2019il n\u2019y aura pas de pseudo \u00ab&nbsp;enseignement en distance&nbsp;\u00bb, qui ne repose sur aucune base juridique.<\/li><li>Les cons\u00e9quences concr\u00e8tes d\u2019une coupure le matin sur le fonctionnement d\u2019un \u00e9tablissement (ENT, serveurs, chaudi\u00e8re, etc.) \u2192 des consignes seront donn\u00e9es.<\/li><li>La n\u00e9cessit\u00e9 pour les collectivit\u00e9s de prioriser le chauffage des \u00e9coles et \u00e9tablissements scolaires durant toute la p\u00e9riode, au-del\u00e0 des mesures ponctuelles de d\u00e9lestage.<\/li><\/ul>\t\t\t\t\t\t<\/div>\n\t\t\t\t<\/div>\n\t\t\t\t\t<\/div>\n\t\t<\/div>\n\t\t\t\t\t\t\t<\/div>\n\t\t<\/section>\n\t\t\t\t<section class=\"elementor-section elementor-top-section elementor-element elementor-element-fd7478e elementor-section-boxed elementor-section-height-default elementor-section-height-default\" data-id=\"fd7478e\" data-element_type=\"section\">\n\t\t\t\t\t\t<div class=\"elementor-container elementor-column-gap-default\">\n\t\t\t\t\t<div class=\"elementor-column elementor-col-100 elementor-top-column elementor-element elementor-element-810e307\" data-id=\"810e307\" data-element_type=\"column\">\n\t\t\t<div class=\"elementor-widget-wrap elementor-element-populated\">\n\t\t\t\t\t\t\t\t<div class=\"elementor-element elementor-element-5c10004 elementor-widget elementor-widget-text-editor\" data-id=\"5c10004\" data-element_type=\"widget\" data-widget_type=\"text-editor.default\">\n\t\t\t\t<div class=\"elementor-widget-container\">\n\t\t\t\t\t\t\t<p><span style=\"color: #ff6600;\"><strong>L\u2019AVIS DU SNALC<\/strong><\/span><\/p><hr><p>Le SNALC constate que le probl\u00e8me majeur est le manque d\u2019anticipation. Si l\u2019objet de notre syndicat n\u2019est pas de commenter la politique \u00e9nerg\u00e9tique de l\u2019\u00c9tat, force est de constater que le probl\u00e8me qui risque de se poser n\u2019a pas \u00e9t\u00e9 d\u00e9couvert il y a deux jours, et que la r\u00e9ponse technique apport\u00e9e se pr\u00e9occupe assez peu et assez tard de l\u2019importance de l\u2019\u00c9cole. On demande de plus une fois encore \u00e0 l\u2019\u00c9cole de servir de garderie, sans s\u2019\u00eatre pr\u00e9occup\u00e9 encore des conditions de r\u00e9alisation du fameux accueil.<\/p><p>Si le SNALC comprend bien qu\u2019on ne va pas ouvrir nos \u00e9tablissements sans \u00e9lectricit\u00e9 (et nous ne le demandons pas), il demande que tout soit mis en place pour que cela n\u2019arrive pas, y compris via un travail de \u00ab&nbsp;sobri\u00e9t\u00e9 \u00e9nerg\u00e9tique&nbsp;\u00bb des collectivit\u00e9s locales comme des acteurs priv\u00e9s.<\/p>\t\t\t\t\t\t<\/div>\n\t\t\t\t<\/div>\n\t\t\t\t\t<\/div>\n\t\t<\/div>\n\t\t\t\t\t\t\t<\/div>\n\t\t<\/section>\n\t\t\t\t<section class=\"elementor-section elementor-top-section elementor-element elementor-element-3c95fe7 elementor-section-boxed elementor-section-height-default elementor-section-height-default\" data-id=\"3c95fe7\" data-element_type=\"section\">\n\t\t\t\t\t\t<div class=\"elementor-container elementor-column-gap-default\">\n\t\t\t\t\t<div class=\"elementor-column elementor-col-100 elementor-top-column elementor-element elementor-element-d4f9da4\" data-id=\"d4f9da4\" data-element_type=\"column\">\n\t\t\t<div class=\"elementor-widget-wrap elementor-element-populated\">\n\t\t\t\t\t\t\t\t<div class=\"elementor-element elementor-element-619d34c elementor-align-center elementor-widget elementor-widget-button\" data-id=\"619d34c\" data-element_type=\"widget\" data-widget_type=\"button.default\">\n\t\t\t\t<div class=\"elementor-widget-container\">\n\t\t\t\t\t<div class=\"elementor-button-wrapper\">\n\t\t\t<a href=\"https:\/\/snalc.fr\/wp-content\/uploads\/SNALC_CHAUFFAGE_CR_20221202.pdf\" class=\"elementor-button-link elementor-button elementor-size-sm\" role=\"button\">\n\t\t\t\t\t\t<span class=\"elementor-button-content-wrapper\">\n\t\t\t\t\t\t\t<span class=\"elementor-button-icon elementor-align-icon-left\">\n\t\t\t\t<i aria-hidden=\"true\" class=\"fas fa-file-download\"><\/i>\t\t\t<\/span>\n\t\t\t\t\t\t<span class=\"elementor-button-text\">T\u00e9l\u00e9charger<\/span>\n","protected":false},"excerpt":{"rendered":"<p>\u00a9 istock_kjekol-171571532 R\u00e9union minist\u00e9rielle du 2 d\u00e9cembre 2022 Compte rendu du SNALC LE TH\u00c8ME Coupures ponctuelles d\u2019\u00e9lectricit\u00e9 dans les \u00e9tablissements scolaires cet hiver L\u2019ESSENTIEL Le minist\u00e8re a plaid\u00e9 que les [&hellip;]<\/p>\n","protected":false},"author":1,"featured_media":0,"comment_status":"closed","ping_status":"closed","sticky":false,"template":"","format":"standard","meta":{"_lmt_disableupdate":"","_lmt_disable":"","site-sidebar-layout":"default","site-content-layout":"","ast-site-content-layout":"default","site-content-style":"default","site-sidebar-style":"default","ast-global-header-display":"","ast-banner-title-visibility":"","ast-main-header-display":"","ast-hfb-above-header-display":"","ast-hfb-below-header-display":"","ast-hfb-mobile-header-display":"","site-post-title":"","ast-breadcrumbs-content":"","ast-featured-img":"","footer-sml-layout":"","ast-disable-related-posts":"","theme-transparent-header-meta":"","adv-header-id-meta":"","stick-header-meta":"","header-above-stick-meta":"","header-main-stick-meta":"","header-below-stick-meta":"","astra-migrate-meta-layouts":"default","ast-page-background-enabled":"default","ast-page-background-meta":{"desktop":{"background-color":"var(--ast-global-color-4)","background-image":"","background-repeat":"repeat","background-position":"center center","background-size":"auto","background-attachment":"scroll","background-type":"","background-media":"","overlay-type":"","overlay-color":"","overlay-opacity":"","overlay-gradient":""},"tablet":{"background-color":"","background-image":"","background-repeat":"repeat","background-position":"center center","background-size":"auto","background-attachment":"scroll","background-type":"","background-media":"","overlay-type":"","overlay-color":"","overlay-opacity":"","overlay-gradient":""},"mobile":{"background-color":"","background-image":"","background-repeat":"repeat","background-position":"center center","background-size":"auto","background-attachment":"scroll","background-type":"","background-media":"","overlay-type":"","overlay-color":"","overlay-opacity":"","overlay-gradient":""}},"ast-content-background-meta":{"desktop":{"background-color":"var(--ast-global-color-5)","background-image":"","background-repeat":"repeat","background-position":"center center","background-size":"auto","background-attachment":"scroll","background-type":"","background-media":"","overlay-type":"","overlay-color":"","overlay-opacity":"","overlay-gradient":""},"tablet":{"background-color":"var(--ast-global-color-5)","background-image":"","background-repeat":"repeat","background-position":"center center","background-size":"auto","background-attachment":"scroll","background-type":"","background-media":"","overlay-type":"","overlay-color":"","overlay-opacity":"","overlay-gradient":""},"mobile":{"background-color":"var(--ast-global-color-5)","background-image":"","background-repeat":"repeat","background-position":"center center","background-size":"auto","background-attachment":"scroll","background-type":"","background-media":"","overlay-type":"","overlay-color":"","overlay-opacity":"","overlay-gradient":""}},"footnotes":""},"categories":[31],"tags":[],"class_list":["post-653","post","type-post","status-publish","format-standard","hentry","category-actualites-2022-2023"],"modified_by":"slecourtier","_links":{"self":[{"href":"https:\/\/snalc.org\/snalc2023\/index.php?rest_route=\/wp\/v2\/posts\/653","targetHints":{"allow":["GET"]}}],"collection":[{"href":"https:\/\/snalc.org\/snalc2023\/index.php?rest_route=\/wp\/v2\/posts"}],"about":[{"href":"https:\/\/snalc.org\/snalc2023\/index.php?rest_route=\/wp\/v2\/types\/post"}],"author":[{"embeddable":true,"href":"https:\/\/snalc.org\/snalc2023\/index.php?rest_route=\/wp\/v2\/users\/1"}],"replies":[{"embeddable":true,"href":"https:\/\/snalc.org\/snalc2023\/index.php?rest_route=%2Fwp%2Fv2%2Fcomments&post=653"}],"version-history":[{"count":1,"href":"https:\/\/snalc.org\/snalc2023\/index.php?rest_route=\/wp\/v2\/posts\/653\/revisions"}],"predecessor-version":[{"id":654,"href":"https:\/\/snalc.org\/snalc2023\/index.php?rest_route=\/wp\/v2\/posts\/653\/revisions\/654"}],"wp:attachment":[{"href":"https:\/\/snalc.org\/snalc2023\/index.php?rest_route=%2Fwp%2Fv2%2Fmedia&parent=653"}],"wp:term":[{"taxonomy":"category","embeddable":true,"href":"https:\/\/snalc.org\/snalc2023\/index.php?rest_route=%2Fwp%2Fv2%2Fcategories&post=653"},{"taxonomy":"post_tag","embeddable":true,"href":"https:\/\/snalc.org\/snalc2023\/index.php?rest_route=%2Fwp%2Fv2%2Ftags&post=653"}],"curies":[{"name":"wp","href":"https:\/\/api.w.org\/{rel}","templated":true}]}}