{"id":701,"date":"2022-12-12T08:39:01","date_gmt":"2022-12-12T07:39:01","guid":{"rendered":"https:\/\/snalc.org\/snalc2023\/?p=701"},"modified":"2022-12-12T08:39:28","modified_gmt":"2022-12-12T07:39:28","slug":"education-prioritaire-extension-de-la-prime-rep","status":"publish","type":"post","link":"https:\/\/snalc.org\/snalc2023\/?p=701","title":{"rendered":"\u00c9ducation prioritaire\u00a0: Extension de la prime Rep"},"content":{"rendered":"\n\n<\/noscript>Le d\u00e9cret portant extension de la prime Rep est paru au JO du 9 d\u00e9cembre. Il \u00e9tend le b\u00e9n\u00e9fice de l\u2019indemnit\u00e9 de suj\u00e9tions aux psychologues de l\u2019\u00e9ducation nationale de la sp\u00e9cialit\u00e9 \u00ab \u00e9ducation, d\u00e9veloppement et conseil en orientation scolaire et professionnelle \u00bb (PsyEN-EDO), aux personnels sociaux et de sant\u00e9 (corps des assistants de service social, corps des conseillers techniques de service social, corps des m\u00e9decins de l\u2019\u00e9ducation nationale et les deux corps d\u2019infirmiers), non affect\u00e9s, mais qui exercent leurs fonctions dans les \u00e9coles ou \u00e9tablissements REP et REP+, aux assistants d\u2019\u00e9ducation et aux accompagnants des \u00e9l\u00e8ves en situation de handicap ainsi qu\u2019aux inspecteurs en charge du pilotage d\u2019au moins un r\u00e9seau REP ou REP+, aux conseillers p\u00e9dagogiques de circonscription qui assurent l\u2019animation p\u00e9dagogique d\u2019au moins un r\u00e9seau REP ou REP+ et aux inspecteurs d\u2019acad\u00e9mie-inspecteurs p\u00e9dagogiques r\u00e9gionaux r\u00e9f\u00e9rents et aux inspecteurs de l\u2019\u00e9ducation nationale r\u00e9f\u00e9rents d\u2019au moins un r\u00e9seau REP ou REP+. Mais les montants varient de 702 \u00e0 5 114 \u20ac annuels selon les cas\u2026<\/p>\n<p><a href=\"https:\/\/www.legifrance.gouv.fr\/jorf\/id\/JORFTEXT000046711260\">Le d\u00e9cret<\/a><\/p>\n<p><a href=\"https:\/\/www.legifrance.gouv.fr\/jorf\/id\/JORFTEXT000046711303\">L\u2019arr\u00eat\u00e9<\/a>\n","protected":false},"excerpt":{"rendered":"<p>Le d\u00e9cret portant extension de la prime Rep est paru au JO du 9 d\u00e9cembre. Il \u00e9tend le b\u00e9n\u00e9fice de l\u2019indemnit\u00e9 de suj\u00e9tions aux psychologues de l\u2019\u00e9ducation nationale de la [&hellip;]<\/p>\n","protected":false},"author":1,"featured_media":0,"comment_status":"closed","ping_status":"closed","sticky":false,"template":"","format":"standard","meta":{"_lmt_disableupdate":"","_lmt_disable":"","site-sidebar-layout":"default","site-content-layout":"","ast-site-content-layout":"default","site-content-style":"default","site-sidebar-style":"default","ast-global-header-display":"","ast-banner-title-visibility":"","ast-main-header-display":"","ast-hfb-above-header-display":"","ast-hfb-below-header-display":"","ast-hfb-mobile-header-display":"","site-post-title":"","ast-breadcrumbs-content":"","ast-featured-img":"","footer-sml-layout":"","ast-disable-related-posts":"","theme-transparent-header-meta":"","adv-header-id-meta":"","stick-header-meta":"","header-above-stick-meta":"","header-main-stick-meta":"","header-below-stick-meta":"","astra-migrate-meta-layouts":"default","ast-page-background-enabled":"default","ast-page-background-meta":{"desktop":{"background-color":"var(--ast-global-color-4)","background-image":"","background-repeat":"repeat","background-position":"center center","background-size":"auto","background-attachment":"scroll","background-type":"","background-media":"","overlay-type":"","overlay-color":"","overlay-opacity":"","overlay-gradient":""},"tablet":{"background-color":"","background-image":"","background-repeat":"repeat","background-position":"center center","background-size":"auto","background-attachment":"scroll","background-type":"","background-media":"","overlay-type":"","overlay-color":"","overlay-opacity":"","overlay-gradient":""},"mobile":{"background-color":"","background-image":"","background-repeat":"repeat","background-position":"center center","background-size":"auto","background-attachment":"scroll","background-type":"","background-media":"","overlay-type":"","overlay-color":"","overlay-opacity":"","overlay-gradient":""}},"ast-content-background-meta":{"desktop":{"background-color":"var(--ast-global-color-5)","background-image":"","background-repeat":"repeat","background-position":"center center","background-size":"auto","background-attachment":"scroll","background-type":"","background-media":"","overlay-type":"","overlay-color":"","overlay-opacity":"","overlay-gradient":""},"tablet":{"background-color":"var(--ast-global-color-5)","background-image":"","background-repeat":"repeat","background-position":"center center","background-size":"auto","background-attachment":"scroll","background-type":"","background-media":"","overlay-type":"","overlay-color":"","overlay-opacity":"","overlay-gradient":""},"mobile":{"background-color":"var(--ast-global-color-5)","background-image":"","background-repeat":"repeat","background-position":"center center","background-size":"auto","background-attachment":"scroll","background-type":"","background-media":"","overlay-type":"","overlay-color":"","overlay-opacity":"","overlay-gradient":""}},"footnotes":""},"categories":[31],"tags":[],"class_list":["post-701","post","type-post","status-publish","format-standard","hentry","category-actualites-2022-2023"],"modified_by":"slecourtier","_links":{"self":[{"href":"https:\/\/snalc.org\/snalc2023\/index.php?rest_route=\/wp\/v2\/posts\/701","targetHints":{"allow":["GET"]}}],"collection":[{"href":"https:\/\/snalc.org\/snalc2023\/index.php?rest_route=\/wp\/v2\/posts"}],"about":[{"href":"https:\/\/snalc.org\/snalc2023\/index.php?rest_route=\/wp\/v2\/types\/post"}],"author":[{"embeddable":true,"href":"https:\/\/snalc.org\/snalc2023\/index.php?rest_route=\/wp\/v2\/users\/1"}],"replies":[{"embeddable":true,"href":"https:\/\/snalc.org\/snalc2023\/index.php?rest_route=%2Fwp%2Fv2%2Fcomments&post=701"}],"version-history":[{"count":2,"href":"https:\/\/snalc.org\/snalc2023\/index.php?rest_route=\/wp\/v2\/posts\/701\/revisions"}],"predecessor-version":[{"id":703,"href":"https:\/\/snalc.org\/snalc2023\/index.php?rest_route=\/wp\/v2\/posts\/701\/revisions\/703"}],"wp:attachment":[{"href":"https:\/\/snalc.org\/snalc2023\/index.php?rest_route=%2Fwp%2Fv2%2Fmedia&parent=701"}],"wp:term":[{"taxonomy":"category","embeddable":true,"href":"https:\/\/snalc.org\/snalc2023\/index.php?rest_route=%2Fwp%2Fv2%2Fcategories&post=701"},{"taxonomy":"post_tag","embeddable":true,"href":"https:\/\/snalc.org\/snalc2023\/index.php?rest_route=%2Fwp%2Fv2%2Ftags&post=701"}],"curies":[{"name":"wp","href":"https:\/\/api.w.org\/{rel}","templated":true}]}}