{"id":722,"date":"2022-12-16T13:49:51","date_gmt":"2022-12-16T12:49:51","guid":{"rendered":"https:\/\/snalc.org\/snalc2023\/?p=722"},"modified":"2022-12-16T13:49:53","modified_gmt":"2022-12-16T12:49:53","slug":"titularisation-des-aesh-le-ministre-derape","status":"publish","type":"post","link":"https:\/\/snalc.org\/snalc2023\/?p=722","title":{"rendered":"Titularisation des AESH : le ministre d\u00e9rape"},"content":{"rendered":"\n<img loading=\"lazy\" decoding=\"async\" src=\"https:\/\/snalc.fr\/wp-content\/uploads\/mensonge_AESH_istock_malerapaso-1345269476.jpg\" class=\"attachment-full size-full\" alt=\"\" loading=\"lazy\" srcset=\"https:\/\/snalc.fr\/wp-content\/uploads\/mensonge_AESH_istock_malerapaso-1345269476.jpg 406w, https:\/\/snalc.fr\/wp-content\/uploads\/mensonge_AESH_istock_malerapaso-1345269476-300x240.jpg 300w\" sizes=\"auto, (max-width: 406px) 100vw, 406px\" width=\"406\" height=\"325\">\t\t\t\t\t\t\t\t\t\t\t<figcaption class=\"widget-image-caption wp-caption-text\">\u00a9 istock_malerapaso-1345269476<\/figcaption>\n\t\t\t\t\t\t\t\t\t\t<\/figure>\n\t\t\t\t\t\t\t\t\t<\/div>\n\t\t\t\t<\/div>\n\t\t\t\t<div class=\"elementor-element elementor-element-2987e2d0 elementor-widget elementor-widget-theme-post-content\" data-id=\"2987e2d0\" data-element_type=\"widget\" data-widget_type=\"theme-post-content.default\">\n\t\t\t\t<div class=\"elementor-widget-container\">\n\t\t\t\t\t<div data-elementor-type=\"wp-post\" data-elementor-id=\"22992\" class=\"elementor elementor-22992\">\n\t\t\t\t\t\t\t\t\t<section class=\"elementor-section elementor-top-section elementor-element elementor-element-2519c61 elementor-section-boxed elementor-section-height-default elementor-section-height-default\" data-id=\"2519c61\" data-element_type=\"section\">\n\t\t\t\t\t\t<div class=\"elementor-container elementor-column-gap-default\">\n\t\t\t\t\t<div class=\"elementor-column elementor-col-100 elementor-top-column elementor-element elementor-element-b961e76\" data-id=\"b961e76\" data-element_type=\"column\">\n\t\t\t<div class=\"elementor-widget-wrap elementor-element-populated\">\n\t\t\t\t\t\t\t\t<div class=\"elementor-element elementor-element-7484eb1 elementor-widget elementor-widget-text-editor\" data-id=\"7484eb1\" data-element_type=\"widget\" data-widget_type=\"text-editor.default\">\n\t\t\t\t<div class=\"elementor-widget-container\">\n\t\t\t\t\t\t\t<p><strong><em>Mardi 22 novembre, lors de la s\u00e9ance des questions au gouvernement \u00e0 l\u2019Assembl\u00e9e nationale <\/em><\/strong><em>(1)<strong>,<\/strong><\/em><strong><em> non seulement notre ministre s\u2019est montr\u00e9 extr\u00eamement agac\u00e9 par l\u2019interpellation d\u2019une d\u00e9put\u00e9e de la NUPES, mais plus inqui\u00e9tant encore, ses propos ont pu \u00eatre per\u00e7us comme refl\u00e9tant soit une extraordinaire mauvaise foi, soit une absence totale de connaissance des profils et conditions d\u2019emploi des AESH.&nbsp;<\/em><\/strong><\/p><p>En effet, Madame Nad\u00e8ge ABOMANGOLI, rapporteur de la proposition de loi visant \u00e0 cr\u00e9er un corps de fonctionnaires de cat\u00e9gorie B pour les AESH (2) demandait au ministre de cesser de voir les AESH comme des femmes \u00e0 tout faire. Cr\u00e9er un corps de fonctionnaires pour ces personnels qui remplissent une fonction essentielle, p\u00e9renne et exigeant des comp\u00e9tences sp\u00e9cifiques est plus que l\u00e9gitime. Comment pr\u00e9tendre d\u00e9velopper l\u2019\u00e9cole inclusive si les agents publics qui sont en premi\u00e8re ligne ont des conditions d\u2019emploi et de travail extr\u00eamement pr\u00e9caires (temps incomplets, salaires indigents, manque de formation, cumul d\u2019activit\u00e9s, essor des AESH priv\u00e9s\u2026) ? Apr\u00e8s avoir ironis\u00e9 sur le go\u00fbt et l\u2019apparence du progr\u00e8s de la proposition de loi, le ministre a affirm\u00e9 qu\u2019actuellement 80% des AESH n\u2019\u00e9taient pas titulaires du baccalaur\u00e9at et que beaucoup d\u2019entre eux n\u2019avaient pas la nationalit\u00e9 fran\u00e7aise.&nbsp;<\/p><p>Or, ces deux conditions sont n\u00e9cessaires&nbsp;pour devenir fonctionnaire de cat\u00e9gorie&nbsp;B. La donn\u00e9e sur la proportion&nbsp;de bacheliers est&nbsp;fausse, au moins 84%&nbsp;des AESH ont le bac&nbsp;(donn\u00e9es minist\u00e9rielles&nbsp;\u2013 f\u00e9vrier 2020). De plus,&nbsp;les deux obstacles \u00e9num\u00e9r\u00e9s&nbsp;peuvent \u00eatre lev\u00e9s.&nbsp;<\/p><p>Enfin, toujours selon&nbsp;Pap Ndiaye, le minist\u00e8re&nbsp;favoriserait le passage&nbsp;en CDI apr\u00e8s trois ans&nbsp;d\u2019exercice, avec des&nbsp;formations en appui.&nbsp;L\u00e0 encore, \u00e0 la date du&nbsp;22 novembre 2022, ces&nbsp;deux all\u00e9gations sont&nbsp;mensong\u00e8res !&nbsp;<\/p><p>Le SNALC s\u2019insurge contre le caract\u00e8re&nbsp;grotesque et r\u00e9voltant de la prestation&nbsp;du ministre&nbsp;<\/p><p>&nbsp;<\/p><hr><p style=\"text-align: left;\"><em>(1) <a href=\"https:\/\/www.assemblee-nationale.fr\/dyn\/16\/comptes-rendus\/seance\/session-ordinaire-de-2022-2023\/deuxieme-seancedu-mardi-22-novembre-2022\">https:\/\/www.assemblee-nationale.fr\/dyn\/16\/comptes-rendus\/seance\/session-ordinaire-de-2022-2023\/deuxieme-seancedu-mardi-22-novembre-2022<\/a>&nbsp; ;&nbsp;<\/em><\/p><p style=\"text-align: left;\"><em>(2) Un article sur cette proposition de loi est disponible sur le site du SNALC : <a href=\"https:\/\/snalc.fr\/aesh-corps-defonctionnaires-cr-20221109\/\">https:\/\/snalc.fr\/aesh-corps-defonctionnaires-cr-20221109\/&nbsp;<\/a><\/em><\/p>\t\t\t\t\t\t<\/div>\n\t\t\t\t<\/div>\n\t\t\t\t\t<\/div>\n\t\t<\/div>\n\t\t\t\t\t\t\t<\/div>\n\t\t<\/section>\n\t\t\t\t<section class=\"elementor-section elementor-top-section elementor-element elementor-element-b850b84 elementor-section-boxed elementor-section-height-default elementor-section-height-default\" data-id=\"b850b84\" data-element_type=\"section\">\n\t\t\t\t\t\t<div class=\"elementor-container elementor-column-gap-default\">\n\t\t\t\t\t<div class=\"elementor-column elementor-col-100 elementor-top-column elementor-element elementor-element-6c5dd07\" data-id=\"6c5dd07\" data-element_type=\"column\">\n\t\t\t<div class=\"elementor-widget-wrap elementor-element-populated\">\n\t\t\t\t\t\t\t\t<div class=\"elementor-element elementor-element-8c2aa85 elementor-widget elementor-widget-text-editor\" data-id=\"8c2aa85\" data-element_type=\"widget\" data-widget_type=\"text-editor.default\">\n\t\t\t\t<div class=\"elementor-widget-container\">\n\t\t\t\t\t\t\t<hr><p><em>Article paru dans la revue <a href=\"https:\/\/snalc.fr\/quinzaine-universitaire-n1471\/\" target=\"_blank\" rel=\"noopener\">Quinzaine universitaire n\u00b01471<\/a> du 13 d\u00e9cembre 2022<\/em>\n","protected":false},"excerpt":{"rendered":"<p>\u00a9 istock_malerapaso-1345269476 Mardi 22 novembre, lors de la s\u00e9ance des questions au gouvernement \u00e0 l\u2019Assembl\u00e9e nationale (1), non seulement notre ministre s\u2019est montr\u00e9 extr\u00eamement agac\u00e9 par l\u2019interpellation d\u2019une d\u00e9put\u00e9e de [&hellip;]<\/p>\n","protected":false},"author":1,"featured_media":0,"comment_status":"closed","ping_status":"closed","sticky":false,"template":"","format":"standard","meta":{"_lmt_disableupdate":"","_lmt_disable":"","site-sidebar-layout":"default","site-content-layout":"","ast-site-content-layout":"default","site-content-style":"default","site-sidebar-style":"default","ast-global-header-display":"","ast-banner-title-visibility":"","ast-main-header-display":"","ast-hfb-above-header-display":"","ast-hfb-below-header-display":"","ast-hfb-mobile-header-display":"","site-post-title":"","ast-breadcrumbs-content":"","ast-featured-img":"","footer-sml-layout":"","ast-disable-related-posts":"","theme-transparent-header-meta":"","adv-header-id-meta":"","stick-header-meta":"","header-above-stick-meta":"","header-main-stick-meta":"","header-below-stick-meta":"","astra-migrate-meta-layouts":"default","ast-page-background-enabled":"default","ast-page-background-meta":{"desktop":{"background-color":"var(--ast-global-color-4)","background-image":"","background-repeat":"repeat","background-position":"center center","background-size":"auto","background-attachment":"scroll","background-type":"","background-media":"","overlay-type":"","overlay-color":"","overlay-opacity":"","overlay-gradient":""},"tablet":{"background-color":"","background-image":"","background-repeat":"repeat","background-position":"center center","background-size":"auto","background-attachment":"scroll","background-type":"","background-media":"","overlay-type":"","overlay-color":"","overlay-opacity":"","overlay-gradient":""},"mobile":{"background-color":"","background-image":"","background-repeat":"repeat","background-position":"center center","background-size":"auto","background-attachment":"scroll","background-type":"","background-media":"","overlay-type":"","overlay-color":"","overlay-opacity":"","overlay-gradient":""}},"ast-content-background-meta":{"desktop":{"background-color":"var(--ast-global-color-5)","background-image":"","background-repeat":"repeat","background-position":"center center","background-size":"auto","background-attachment":"scroll","background-type":"","background-media":"","overlay-type":"","overlay-color":"","overlay-opacity":"","overlay-gradient":""},"tablet":{"background-color":"var(--ast-global-color-5)","background-image":"","background-repeat":"repeat","background-position":"center center","background-size":"auto","background-attachment":"scroll","background-type":"","background-media":"","overlay-type":"","overlay-color":"","overlay-opacity":"","overlay-gradient":""},"mobile":{"background-color":"var(--ast-global-color-5)","background-image":"","background-repeat":"repeat","background-position":"center center","background-size":"auto","background-attachment":"scroll","background-type":"","background-media":"","overlay-type":"","overlay-color":"","overlay-opacity":"","overlay-gradient":""}},"footnotes":""},"categories":[31,13],"tags":[],"class_list":["post-722","post","type-post","status-publish","format-standard","hentry","category-actualites-2022-2023","category-aesh"],"modified_by":"slecourtier","_links":{"self":[{"href":"https:\/\/snalc.org\/snalc2023\/index.php?rest_route=\/wp\/v2\/posts\/722","targetHints":{"allow":["GET"]}}],"collection":[{"href":"https:\/\/snalc.org\/snalc2023\/index.php?rest_route=\/wp\/v2\/posts"}],"about":[{"href":"https:\/\/snalc.org\/snalc2023\/index.php?rest_route=\/wp\/v2\/types\/post"}],"author":[{"embeddable":true,"href":"https:\/\/snalc.org\/snalc2023\/index.php?rest_route=\/wp\/v2\/users\/1"}],"replies":[{"embeddable":true,"href":"https:\/\/snalc.org\/snalc2023\/index.php?rest_route=%2Fwp%2Fv2%2Fcomments&post=722"}],"version-history":[{"count":1,"href":"https:\/\/snalc.org\/snalc2023\/index.php?rest_route=\/wp\/v2\/posts\/722\/revisions"}],"predecessor-version":[{"id":723,"href":"https:\/\/snalc.org\/snalc2023\/index.php?rest_route=\/wp\/v2\/posts\/722\/revisions\/723"}],"wp:attachment":[{"href":"https:\/\/snalc.org\/snalc2023\/index.php?rest_route=%2Fwp%2Fv2%2Fmedia&parent=722"}],"wp:term":[{"taxonomy":"category","embeddable":true,"href":"https:\/\/snalc.org\/snalc2023\/index.php?rest_route=%2Fwp%2Fv2%2Fcategories&post=722"},{"taxonomy":"post_tag","embeddable":true,"href":"https:\/\/snalc.org\/snalc2023\/index.php?rest_route=%2Fwp%2Fv2%2Ftags&post=722"}],"curies":[{"name":"wp","href":"https:\/\/api.w.org\/{rel}","templated":true}]}}