{"id":724,"date":"2022-12-16T13:50:37","date_gmt":"2022-12-16T12:50:37","guid":{"rendered":"https:\/\/snalc.org\/snalc2023\/?p=724"},"modified":"2022-12-16T13:50:40","modified_gmt":"2022-12-16T12:50:40","slug":"ecole-inclusive-bilan-et-perspectives","status":"publish","type":"post","link":"https:\/\/snalc.org\/snalc2023\/?p=724","title":{"rendered":"\u00c9cole inclusive : bilan et perspectives"},"content":{"rendered":"\n<img loading=\"lazy\" decoding=\"async\" src=\"https:\/\/snalc.fr\/wp-content\/uploads\/eleve_istock_oneblink-cj-689670068.jpg\" class=\"attachment-full size-full\" alt=\"\" loading=\"lazy\" srcset=\"https:\/\/snalc.fr\/wp-content\/uploads\/eleve_istock_oneblink-cj-689670068.jpg 634w, https:\/\/snalc.fr\/wp-content\/uploads\/eleve_istock_oneblink-cj-689670068-300x200.jpg 300w\" sizes=\"auto, (max-width: 634px) 100vw, 634px\" width=\"634\" height=\"422\">\t\t\t\t\t\t\t\t\t\t\t<figcaption class=\"widget-image-caption wp-caption-text\">\u00a9 istock_oneblink-cj-689670068<\/figcaption>\n\t\t\t\t\t\t\t\t\t\t<\/figure>\n\t\t\t\t\t\t\t\t\t<\/div>\n\t\t\t\t<\/div>\n\t\t\t\t<div class=\"elementor-element elementor-element-2987e2d0 elementor-widget elementor-widget-theme-post-content\" data-id=\"2987e2d0\" data-element_type=\"widget\" data-widget_type=\"theme-post-content.default\">\n\t\t\t\t<div class=\"elementor-widget-container\">\n\t\t\t\t\t<div data-elementor-type=\"wp-post\" data-elementor-id=\"22951\" class=\"elementor elementor-22951\">\n\t\t\t\t\t\t\t\t\t<section class=\"elementor-section elementor-top-section elementor-element elementor-element-2519c61 elementor-section-boxed elementor-section-height-default elementor-section-height-default\" data-id=\"2519c61\" data-element_type=\"section\">\n\t\t\t\t\t\t<div class=\"elementor-container elementor-column-gap-default\">\n\t\t\t\t\t<div class=\"elementor-column elementor-col-100 elementor-top-column elementor-element elementor-element-b961e76\" data-id=\"b961e76\" data-element_type=\"column\">\n\t\t\t<div class=\"elementor-widget-wrap elementor-element-populated\">\n\t\t\t\t\t\t\t\t<div class=\"elementor-element elementor-element-7484eb1 elementor-widget elementor-widget-text-editor\" data-id=\"7484eb1\" data-element_type=\"widget\" data-widget_type=\"text-editor.default\">\n\t\t\t\t<div class=\"elementor-widget-container\">\n\t\t\t\t\t\t\t<p><em><strong>Le 25 octobre dernier, le SNALC a \u00e9t\u00e9 re\u00e7u en&nbsp;audience1 au minist\u00e8re pour un bilan sur l\u2019\u00e9cole&nbsp;inclusive.&nbsp;<\/strong><\/em><\/p><p>Ce dernier nous a \u00e9t\u00e9 pr\u00e9sent\u00e9 comme un succ\u00e8s de&nbsp;l\u2019institution et de ses personnels, reposant principalement&nbsp;sur un investissement budg\u00e9taire de 3,5 milliards&nbsp;d\u2019euros l\u2019an dernier, tous dispositifs confondus, dont des&nbsp;recrutements importants d\u2019AESH.&nbsp;<\/p><p>Mais le minist\u00e8re a cependant \u00e9t\u00e9 contraint de reconna\u00eetre&nbsp;certaines failles, car des probl\u00e8mes persistent,&nbsp;notamment l\u2019explosion des notifications MDPH, les&nbsp;temps incomplets et la difficult\u00e9 \u00e0 articuler le scolaire&nbsp;et le m\u00e9dico-social a aussi \u00e9t\u00e9 soulign\u00e9e. Accueillir dans&nbsp;une classe plusieurs adultes accompagnant des \u00e9l\u00e8ves&nbsp;en situation de handicap n\u2019est pas simple. Et la situation&nbsp;n\u2019est pas meilleure lorsque ces \u00e9l\u00e8ves manquent&nbsp;d\u2019accompagnants\u2026&nbsp;<\/p><p>Suite \u00e0 cette premi\u00e8re rencontre, des groupes de travail&nbsp;ou d\u00e9bats devraient suivre sur le processus d\u2019\u00e9valuation&nbsp;des besoins des \u00e9l\u00e8ves&nbsp;en situation de handicap et&nbsp;leur orientation. L\u2019articulation&nbsp;entre le m\u00e9dico-social et&nbsp;l\u2019\u00c9ducation nationale, le statut&nbsp;des AESH, leurs missions&nbsp;et l\u2019articulation avec le p\u00e9riscolaire\u2026&nbsp;<\/p><p>Pour le SNALC, les graves&nbsp;dysfonctionnements de&nbsp;l\u2019\u00e9cole inclusive proviennent,&nbsp;faute d\u2019une r\u00e9flexion men\u00e9e en amont, d\u2019une mauvaise&nbsp;gestion de la massification de l\u2019inclusion, en raison&nbsp;d\u2019\u00e9conomies budg\u00e9taires, via entre autres la fermeture&nbsp;de structures sp\u00e9cialis\u00e9es comme les IME.&nbsp;<\/p><p>Il faut trouver des solutions \u00e0 la souffrance au travail et&nbsp;\u00e0 l\u2019absence de reconnaissance de la compensation du&nbsp;handicap (financi\u00e8rement ou en termes de taille des&nbsp;classes, de temps lib\u00e9r\u00e9\u2026) de tous les personnels.&nbsp;D\u2019autant plus qu\u2019on assiste actuellement \u00e0 une radicalisation&nbsp;des positions du c\u00f4t\u00e9 des associations de parents&nbsp;d\u2019\u00e9l\u00e8ves comme du c\u00f4t\u00e9 des personnels de l\u2019\u00c9ducation&nbsp;nationale.&nbsp;<\/p><p>Le SNALC demande donc que cette premi\u00e8re r\u00e9union&nbsp;soit urgemment suivie de l\u2019instauration d\u2019une structure&nbsp;de dialogue entre tous les acteurs de l\u2019\u00e9cole inclusive.&nbsp;&nbsp;<\/p>\t\t\t\t\t\t<\/div>\n\t\t\t\t<\/div>\n\t\t\t\t\t<\/div>\n\t\t<\/div>\n\t\t\t\t\t\t\t<\/div>\n\t\t<\/section>\n\t\t\t\t<section class=\"elementor-section elementor-top-section elementor-element elementor-element-b850b84 elementor-section-boxed elementor-section-height-default elementor-section-height-default\" data-id=\"b850b84\" data-element_type=\"section\">\n\t\t\t\t\t\t<div class=\"elementor-container elementor-column-gap-default\">\n\t\t\t\t\t<div class=\"elementor-column elementor-col-100 elementor-top-column elementor-element elementor-element-6c5dd07\" data-id=\"6c5dd07\" data-element_type=\"column\">\n\t\t\t<div class=\"elementor-widget-wrap elementor-element-populated\">\n\t\t\t\t\t\t\t\t<div class=\"elementor-element elementor-element-8c2aa85 elementor-widget elementor-widget-text-editor\" data-id=\"8c2aa85\" data-element_type=\"widget\" data-widget_type=\"text-editor.default\">\n\t\t\t\t<div class=\"elementor-widget-container\">\n\t\t\t\t\t\t\t<hr><p><em>Article paru dans la revue <a href=\"https:\/\/snalc.fr\/quinzaine-universitaire-n1471\/\" target=\"_blank\" rel=\"noopener\">Quinzaine universitaire n\u00b01471<\/a> du 13 d\u00e9cembre 2022<\/em>\n","protected":false},"excerpt":{"rendered":"<p>\u00a9 istock_oneblink-cj-689670068 Le 25 octobre dernier, le SNALC a \u00e9t\u00e9 re\u00e7u en&nbsp;audience1 au minist\u00e8re pour un bilan sur l\u2019\u00e9cole&nbsp;inclusive.&nbsp; Ce dernier nous a \u00e9t\u00e9 pr\u00e9sent\u00e9 comme un succ\u00e8s de&nbsp;l\u2019institution et [&hellip;]<\/p>\n","protected":false},"author":1,"featured_media":0,"comment_status":"closed","ping_status":"closed","sticky":false,"template":"","format":"standard","meta":{"_lmt_disableupdate":"","_lmt_disable":"","site-sidebar-layout":"default","site-content-layout":"","ast-site-content-layout":"default","site-content-style":"default","site-sidebar-style":"default","ast-global-header-display":"","ast-banner-title-visibility":"","ast-main-header-display":"","ast-hfb-above-header-display":"","ast-hfb-below-header-display":"","ast-hfb-mobile-header-display":"","site-post-title":"","ast-breadcrumbs-content":"","ast-featured-img":"","footer-sml-layout":"","ast-disable-related-posts":"","theme-transparent-header-meta":"","adv-header-id-meta":"","stick-header-meta":"","header-above-stick-meta":"","header-main-stick-meta":"","header-below-stick-meta":"","astra-migrate-meta-layouts":"default","ast-page-background-enabled":"default","ast-page-background-meta":{"desktop":{"background-color":"var(--ast-global-color-4)","background-image":"","background-repeat":"repeat","background-position":"center center","background-size":"auto","background-attachment":"scroll","background-type":"","background-media":"","overlay-type":"","overlay-color":"","overlay-opacity":"","overlay-gradient":""},"tablet":{"background-color":"","background-image":"","background-repeat":"repeat","background-position":"center center","background-size":"auto","background-attachment":"scroll","background-type":"","background-media":"","overlay-type":"","overlay-color":"","overlay-opacity":"","overlay-gradient":""},"mobile":{"background-color":"","background-image":"","background-repeat":"repeat","background-position":"center center","background-size":"auto","background-attachment":"scroll","background-type":"","background-media":"","overlay-type":"","overlay-color":"","overlay-opacity":"","overlay-gradient":""}},"ast-content-background-meta":{"desktop":{"background-color":"var(--ast-global-color-5)","background-image":"","background-repeat":"repeat","background-position":"center center","background-size":"auto","background-attachment":"scroll","background-type":"","background-media":"","overlay-type":"","overlay-color":"","overlay-opacity":"","overlay-gradient":""},"tablet":{"background-color":"var(--ast-global-color-5)","background-image":"","background-repeat":"repeat","background-position":"center center","background-size":"auto","background-attachment":"scroll","background-type":"","background-media":"","overlay-type":"","overlay-color":"","overlay-opacity":"","overlay-gradient":""},"mobile":{"background-color":"var(--ast-global-color-5)","background-image":"","background-repeat":"repeat","background-position":"center center","background-size":"auto","background-attachment":"scroll","background-type":"","background-media":"","overlay-type":"","overlay-color":"","overlay-opacity":"","overlay-gradient":""}},"footnotes":""},"categories":[31],"tags":[],"class_list":["post-724","post","type-post","status-publish","format-standard","hentry","category-actualites-2022-2023"],"modified_by":"slecourtier","_links":{"self":[{"href":"https:\/\/snalc.org\/snalc2023\/index.php?rest_route=\/wp\/v2\/posts\/724","targetHints":{"allow":["GET"]}}],"collection":[{"href":"https:\/\/snalc.org\/snalc2023\/index.php?rest_route=\/wp\/v2\/posts"}],"about":[{"href":"https:\/\/snalc.org\/snalc2023\/index.php?rest_route=\/wp\/v2\/types\/post"}],"author":[{"embeddable":true,"href":"https:\/\/snalc.org\/snalc2023\/index.php?rest_route=\/wp\/v2\/users\/1"}],"replies":[{"embeddable":true,"href":"https:\/\/snalc.org\/snalc2023\/index.php?rest_route=%2Fwp%2Fv2%2Fcomments&post=724"}],"version-history":[{"count":1,"href":"https:\/\/snalc.org\/snalc2023\/index.php?rest_route=\/wp\/v2\/posts\/724\/revisions"}],"predecessor-version":[{"id":725,"href":"https:\/\/snalc.org\/snalc2023\/index.php?rest_route=\/wp\/v2\/posts\/724\/revisions\/725"}],"wp:attachment":[{"href":"https:\/\/snalc.org\/snalc2023\/index.php?rest_route=%2Fwp%2Fv2%2Fmedia&parent=724"}],"wp:term":[{"taxonomy":"category","embeddable":true,"href":"https:\/\/snalc.org\/snalc2023\/index.php?rest_route=%2Fwp%2Fv2%2Fcategories&post=724"},{"taxonomy":"post_tag","embeddable":true,"href":"https:\/\/snalc.org\/snalc2023\/index.php?rest_route=%2Fwp%2Fv2%2Ftags&post=724"}],"curies":[{"name":"wp","href":"https:\/\/api.w.org\/{rel}","templated":true}]}}