{"id":728,"date":"2022-12-16T13:53:30","date_gmt":"2022-12-16T12:53:30","guid":{"rendered":"https:\/\/snalc.org\/snalc2023\/?p=728"},"modified":"2022-12-16T13:53:33","modified_gmt":"2022-12-16T12:53:33","slug":"najoutez-pas-linsulte","status":"publish","type":"post","link":"https:\/\/snalc.org\/snalc2023\/?p=728","title":{"rendered":"N\u2019ajoutez pas l\u2019insulte"},"content":{"rendered":"\n<img loading=\"lazy\" decoding=\"async\" src=\"https:\/\/snalc.fr\/wp-content\/uploads\/argent_istock_atiatiati-471401881.jpg\" class=\"attachment-full size-full\" alt=\"\" loading=\"lazy\" srcset=\"https:\/\/snalc.fr\/wp-content\/uploads\/argent_istock_atiatiati-471401881.jpg 630w, https:\/\/snalc.fr\/wp-content\/uploads\/argent_istock_atiatiati-471401881-300x203.jpg 300w\" sizes=\"auto, (max-width: 630px) 100vw, 630px\" width=\"630\" height=\"427\">\t\t\t\t\t\t\t\t\t\t\t<figcaption class=\"widget-image-caption wp-caption-text\">\u00a9 istock_atiatiati-471401881<\/figcaption>\n\t\t\t\t\t\t\t\t\t\t<\/figure>\n\t\t\t\t\t\t\t\t\t<\/div>\n\t\t\t\t<\/div>\n\t\t\t\t<div class=\"elementor-element elementor-element-2987e2d0 elementor-widget elementor-widget-theme-post-content\" data-id=\"2987e2d0\" data-element_type=\"widget\" data-widget_type=\"theme-post-content.default\">\n\t\t\t\t<div class=\"elementor-widget-container\">\n\t\t\t\t\t<div data-elementor-type=\"wp-post\" data-elementor-id=\"22985\" class=\"elementor elementor-22985\">\n\t\t\t\t\t\t\t\t\t<section class=\"elementor-section elementor-top-section elementor-element elementor-element-2519c61 elementor-section-boxed elementor-section-height-default elementor-section-height-default\" data-id=\"2519c61\" data-element_type=\"section\">\n\t\t\t\t\t\t<div class=\"elementor-container elementor-column-gap-default\">\n\t\t\t\t\t<div class=\"elementor-column elementor-col-100 elementor-top-column elementor-element elementor-element-b961e76\" data-id=\"b961e76\" data-element_type=\"column\">\n\t\t\t<div class=\"elementor-widget-wrap elementor-element-populated\">\n\t\t\t\t\t\t\t\t<div class=\"elementor-element elementor-element-7484eb1 elementor-widget elementor-widget-text-editor\" data-id=\"7484eb1\" data-element_type=\"widget\" data-widget_type=\"text-editor.default\">\n\t\t\t\t<div class=\"elementor-widget-container\">\n\t\t\t\t\t\t\t<p><strong><em>Le ministre a (un peu) dessin\u00e9 les contours&nbsp;du pacte qu\u2019il entend proposer aux professeurs.&nbsp;D\u2019aucuns d\u00e9celaient dans ses&nbsp;derni\u00e8res prises de parole une certaine&nbsp;m\u00e9connaissance des r\u00e9alit\u00e9s du m\u00e9tier&nbsp;d\u2019enseignant. D\u00e9sormais, ils peuvent se&nbsp;sentir insult\u00e9s.&nbsp;<\/em><\/strong><\/p><p>Face \u00e0 son micro, alors qu\u2019on vient de lui signifier&nbsp;que les professeurs travaillent 43 heures par&nbsp;semaine, le ministre de l\u2019\u00c9ducation nationale&nbsp;semble, \u00e0 grands renforts de gestes, se d\u00e9battre avec&nbsp;ses mots pour d\u00e9fendre le pacte \u00e0 venir.&nbsp;<\/p><p>Il commence par r\u00e9pondre qu\u2019il sait que nous travaillons&nbsp;beaucoup et ajoute que certaines missions r\u00e9mun\u00e9r\u00e9es&nbsp;en \u00ab Indemnit\u00e9s pour missions particuli\u00e8res \u00bb&nbsp;(IMP) feront partie du fameux pacte. Sachant qu\u2019il&nbsp;s\u2019agit principalement de coordination, de missions de&nbsp;r\u00e9f\u00e9rents au sein de l\u2019\u00e9tablissement, on en vient \u00e0 se&nbsp;demander si, pour rester coordonnateur de discipline&nbsp;ou pour s\u2019occuper du d\u00e9crochage scolaire, du num\u00e9rique&nbsp;dans son \u00e9tablissement, il faudra signer un bout&nbsp;de papier nous engageant \u00e0 vie \u00e0 accepter des t\u00e2ches&nbsp;suppl\u00e9mentaires.&nbsp;<\/p><p>On se dit aussi que le ministre occulte voire ignore&nbsp;compl\u00e8tement une partie non n\u00e9gligeable d\u2019entre&nbsp;nous. En effet, les professeurs des \u00e9coles n\u2019ont pas&nbsp;d\u2019IMP, jusqu\u2019\u00e0 preuve du contraire. Mais l\u00e0 n\u2019est pas&nbsp;le pire.&nbsp;<\/p><p>Le ministre ajoute que la charge de travail n\u2019est pas&nbsp;la m\u00eame selon le moment de la carri\u00e8re et, tombant&nbsp;dans le clich\u00e9 le plus \u00e9cul\u00e9 du monde, il conclut qu\u2019un&nbsp;professeur exp\u00e9riment\u00e9 a \u00ab en r\u00e9serve des cours.\u00bb&nbsp;<\/p><p>L\u2019image d\u2019\u00c9pinal du vieux professeur avec ses feuilles&nbsp;jaunies par le temps est donc l\u00e2ch\u00e9e.&nbsp;<\/p><p>\u00c0 l\u2019ignorance viennent s\u2019ajouter le m\u00e9pris et, serait-on&nbsp;tent\u00e9 de dire, l\u2019insulte.&nbsp;<\/p><p>Alors que la DEPP, organe du minist\u00e8re, a r\u00e9cemment&nbsp;montr\u00e9 combien les professeurs travaillent dur, un&nbsp;poncif qui fleure bon le caf\u00e9 du commerce permet de&nbsp;balayer notre implication du revers de la main pour&nbsp;pr\u00e9tendre nous en faire faire encore plus.&nbsp;<\/p><p>Que sera-ce la prochaine fois ? Peut-\u00eatre la&nbsp;notation de copies via le lancer dans les escaliers ?\u2026&nbsp;<\/p><p>Nous avons h\u00e2te.&nbsp;<\/p>\t\t\t\t\t\t<\/div>\n\t\t\t\t<\/div>\n\t\t\t\t\t<\/div>\n\t\t<\/div>\n\t\t\t\t\t\t\t<\/div>\n\t\t<\/section>\n\t\t\t\t<section class=\"elementor-section elementor-top-section elementor-element elementor-element-b850b84 elementor-section-boxed elementor-section-height-default elementor-section-height-default\" data-id=\"b850b84\" data-element_type=\"section\">\n\t\t\t\t\t\t<div class=\"elementor-container elementor-column-gap-default\">\n\t\t\t\t\t<div class=\"elementor-column elementor-col-100 elementor-top-column elementor-element elementor-element-6c5dd07\" data-id=\"6c5dd07\" data-element_type=\"column\">\n\t\t\t<div class=\"elementor-widget-wrap elementor-element-populated\">\n\t\t\t\t\t\t\t\t<div class=\"elementor-element elementor-element-8c2aa85 elementor-widget elementor-widget-text-editor\" data-id=\"8c2aa85\" data-element_type=\"widget\" data-widget_type=\"text-editor.default\">\n\t\t\t\t<div class=\"elementor-widget-container\">\n\t\t\t\t\t\t\t<hr><p><em>Article paru dans la revue <a href=\"https:\/\/snalc.fr\/quinzaine-universitaire-n1471\/\" target=\"_blank\" rel=\"noopener\">Quinzaine universitaire n\u00b01471<\/a> du 13 d\u00e9cembre 2022<\/em>\n","protected":false},"excerpt":{"rendered":"<p>\u00a9 istock_atiatiati-471401881 Le ministre a (un peu) dessin\u00e9 les contours&nbsp;du pacte qu\u2019il entend proposer aux professeurs.&nbsp;D\u2019aucuns d\u00e9celaient dans ses&nbsp;derni\u00e8res prises de parole une certaine&nbsp;m\u00e9connaissance des r\u00e9alit\u00e9s du m\u00e9tier&nbsp;d\u2019enseignant. D\u00e9sormais, ils [&hellip;]<\/p>\n","protected":false},"author":1,"featured_media":0,"comment_status":"closed","ping_status":"closed","sticky":false,"template":"","format":"standard","meta":{"_lmt_disableupdate":"","_lmt_disable":"","site-sidebar-layout":"default","site-content-layout":"","ast-site-content-layout":"default","site-content-style":"default","site-sidebar-style":"default","ast-global-header-display":"","ast-banner-title-visibility":"","ast-main-header-display":"","ast-hfb-above-header-display":"","ast-hfb-below-header-display":"","ast-hfb-mobile-header-display":"","site-post-title":"","ast-breadcrumbs-content":"","ast-featured-img":"","footer-sml-layout":"","ast-disable-related-posts":"","theme-transparent-header-meta":"","adv-header-id-meta":"","stick-header-meta":"","header-above-stick-meta":"","header-main-stick-meta":"","header-below-stick-meta":"","astra-migrate-meta-layouts":"default","ast-page-background-enabled":"default","ast-page-background-meta":{"desktop":{"background-color":"var(--ast-global-color-4)","background-image":"","background-repeat":"repeat","background-position":"center center","background-size":"auto","background-attachment":"scroll","background-type":"","background-media":"","overlay-type":"","overlay-color":"","overlay-opacity":"","overlay-gradient":""},"tablet":{"background-color":"","background-image":"","background-repeat":"repeat","background-position":"center center","background-size":"auto","background-attachment":"scroll","background-type":"","background-media":"","overlay-type":"","overlay-color":"","overlay-opacity":"","overlay-gradient":""},"mobile":{"background-color":"","background-image":"","background-repeat":"repeat","background-position":"center center","background-size":"auto","background-attachment":"scroll","background-type":"","background-media":"","overlay-type":"","overlay-color":"","overlay-opacity":"","overlay-gradient":""}},"ast-content-background-meta":{"desktop":{"background-color":"var(--ast-global-color-5)","background-image":"","background-repeat":"repeat","background-position":"center center","background-size":"auto","background-attachment":"scroll","background-type":"","background-media":"","overlay-type":"","overlay-color":"","overlay-opacity":"","overlay-gradient":""},"tablet":{"background-color":"var(--ast-global-color-5)","background-image":"","background-repeat":"repeat","background-position":"center center","background-size":"auto","background-attachment":"scroll","background-type":"","background-media":"","overlay-type":"","overlay-color":"","overlay-opacity":"","overlay-gradient":""},"mobile":{"background-color":"var(--ast-global-color-5)","background-image":"","background-repeat":"repeat","background-position":"center center","background-size":"auto","background-attachment":"scroll","background-type":"","background-media":"","overlay-type":"","overlay-color":"","overlay-opacity":"","overlay-gradient":""}},"footnotes":""},"categories":[31,25],"tags":[],"class_list":["post-728","post","type-post","status-publish","format-standard","hentry","category-actualites-2022-2023","category-remuneration"],"modified_by":"slecourtier","_links":{"self":[{"href":"https:\/\/snalc.org\/snalc2023\/index.php?rest_route=\/wp\/v2\/posts\/728","targetHints":{"allow":["GET"]}}],"collection":[{"href":"https:\/\/snalc.org\/snalc2023\/index.php?rest_route=\/wp\/v2\/posts"}],"about":[{"href":"https:\/\/snalc.org\/snalc2023\/index.php?rest_route=\/wp\/v2\/types\/post"}],"author":[{"embeddable":true,"href":"https:\/\/snalc.org\/snalc2023\/index.php?rest_route=\/wp\/v2\/users\/1"}],"replies":[{"embeddable":true,"href":"https:\/\/snalc.org\/snalc2023\/index.php?rest_route=%2Fwp%2Fv2%2Fcomments&post=728"}],"version-history":[{"count":1,"href":"https:\/\/snalc.org\/snalc2023\/index.php?rest_route=\/wp\/v2\/posts\/728\/revisions"}],"predecessor-version":[{"id":729,"href":"https:\/\/snalc.org\/snalc2023\/index.php?rest_route=\/wp\/v2\/posts\/728\/revisions\/729"}],"wp:attachment":[{"href":"https:\/\/snalc.org\/snalc2023\/index.php?rest_route=%2Fwp%2Fv2%2Fmedia&parent=728"}],"wp:term":[{"taxonomy":"category","embeddable":true,"href":"https:\/\/snalc.org\/snalc2023\/index.php?rest_route=%2Fwp%2Fv2%2Fcategories&post=728"},{"taxonomy":"post_tag","embeddable":true,"href":"https:\/\/snalc.org\/snalc2023\/index.php?rest_route=%2Fwp%2Fv2%2Ftags&post=728"}],"curies":[{"name":"wp","href":"https:\/\/api.w.org\/{rel}","templated":true}]}}