{"id":732,"date":"2022-12-16T13:56:26","date_gmt":"2022-12-16T12:56:26","guid":{"rendered":"https:\/\/snalc.org\/snalc2023\/?p=732"},"modified":"2022-12-16T13:56:29","modified_gmt":"2022-12-16T12:56:29","slug":"trop-de-priorites-tuent-les-priorites","status":"publish","type":"post","link":"https:\/\/snalc.org\/snalc2023\/?p=732","title":{"rendered":"Trop de priorit\u00e9s tuent les priorit\u00e9s"},"content":{"rendered":"\n<img loading=\"lazy\" decoding=\"async\" src=\"https:\/\/snalc.fr\/wp-content\/uploads\/pression_istock_aydinynr-638655584.jpg\" class=\"attachment-full size-full\" alt=\"\" loading=\"lazy\" srcset=\"https:\/\/snalc.fr\/wp-content\/uploads\/pression_istock_aydinynr-638655584.jpg 636w, https:\/\/snalc.fr\/wp-content\/uploads\/pression_istock_aydinynr-638655584-300x200.jpg 300w\" sizes=\"auto, (max-width: 636px) 100vw, 636px\" width=\"636\" height=\"424\">\t\t\t\t\t\t\t\t\t\t\t<figcaption class=\"widget-image-caption wp-caption-text\">\u00a9 istock_aydinynr-638655584<\/figcaption>\n\t\t\t\t\t\t\t\t\t\t<\/figure>\n\t\t\t\t\t\t\t\t\t<\/div>\n\t\t\t\t<\/div>\n\t\t\t\t<div class=\"elementor-element elementor-element-2987e2d0 elementor-widget elementor-widget-theme-post-content\" data-id=\"2987e2d0\" data-element_type=\"widget\" data-widget_type=\"theme-post-content.default\">\n\t\t\t\t<div class=\"elementor-widget-container\">\n\t\t\t\t\t<div data-elementor-type=\"wp-post\" data-elementor-id=\"22937\" class=\"elementor elementor-22937\">\n\t\t\t\t\t\t\t\t\t<section class=\"elementor-section elementor-top-section elementor-element elementor-element-2519c61 elementor-section-boxed elementor-section-height-default elementor-section-height-default\" data-id=\"2519c61\" data-element_type=\"section\">\n\t\t\t\t\t\t<div class=\"elementor-container elementor-column-gap-default\">\n\t\t\t\t\t<div class=\"elementor-column elementor-col-100 elementor-top-column elementor-element elementor-element-b961e76\" data-id=\"b961e76\" data-element_type=\"column\">\n\t\t\t<div class=\"elementor-widget-wrap elementor-element-populated\">\n\t\t\t\t\t\t\t\t<div class=\"elementor-element elementor-element-7484eb1 elementor-widget elementor-widget-text-editor\" data-id=\"7484eb1\" data-element_type=\"widget\" data-widget_type=\"text-editor.default\">\n\t\t\t\t<div class=\"elementor-widget-container\">\n\t\t\t\t\t\t\t<p><strong><em>Pour le minist\u00e8re, la r\u00e9conciliation des \u00e9l\u00e8ves avec les&nbsp;math\u00e9matiques doit devenir une priorit\u00e9. Le SNALC&nbsp;est favorable aux math\u00e9matiques, mais il y a d\u00e9j\u00e0 tellement&nbsp;de priorit\u00e9s que le discours devient inaudible.&nbsp;<\/em><\/strong><\/p><p>Dans le premier degr\u00e9,&nbsp;il s\u2019est r\u00e9cemment&nbsp;agi de mettre&nbsp;l\u2019accent sur les fondamentaux,&nbsp;c\u2019est\u00e0-&nbsp;dire sur le fran\u00e7ais et les&nbsp;math\u00e9matiques. Un grand plan&nbsp;de formation a donc \u00e9t\u00e9 mis en&nbsp;place pour am\u00e9liorer la ma\u00eetrise&nbsp;des coll\u00e8gues dans ces deux&nbsp;domaines.&nbsp;<\/p><p>Or, dans le nouveau plan national&nbsp;de formation (PNF), au plan&nbsp;Fran\u00e7ais et au plan Math\u00e9matiques&nbsp;vient s\u2019ajouter un&nbsp;plan Sciences, faisant donc&nbsp;de cet enseignement une troisi\u00e8me&nbsp;priorit\u00e9.&nbsp;<\/p><p>Cela ne s\u2019arr\u00eate pas l\u00e0. Le&nbsp;minist\u00e8re s\u2019est rendu compte&nbsp;que les jeunes fran\u00e7ais sont de&nbsp;plus en plus s\u00e9dentaires ; et la&nbsp;pratique physique deviens\u2026&nbsp;une priorit\u00e9.&nbsp;<\/p><p>Que se passera-t-il lorsqu\u2019on&nbsp;se rendra compte que beaucoup&nbsp;de jeunes sont de moins&nbsp;en moins capables de situer&nbsp;des rep\u00e8res g\u00e9ographiques&nbsp;?&nbsp;Ou qu\u2019ils ignorent des \u00e9l\u00e9ments&nbsp;historiques&nbsp;importants ?&nbsp;<\/p><p>On pourrait \u00e9tendre&nbsp;ce raisonnement&nbsp;aux autres enseignements&nbsp;dispens\u00e9s&nbsp;en primaire,&nbsp;mais \u00e9largissons&nbsp;notre r\u00e9flexion au&nbsp;syst\u00e8me dans son&nbsp;ensemble. Lorsque&nbsp;les nouveaux programmes&nbsp;du lyc\u00e9e&nbsp;ont \u00e9t\u00e9 r\u00e9dig\u00e9s,&nbsp;deux pr\u00e9occupations&nbsp;majeures chatouillaient&nbsp;l\u2019occiput&nbsp;des concepteurs : le&nbsp;vivre-ensemble&nbsp;et le num\u00e9rique.&nbsp;Ces deux notions&nbsp;ont donc \u00e9t\u00e9 mises&nbsp;en avant dans l\u2019immense majorit\u00e9 des programmes.&nbsp;<\/p><p>Par la suite, par un tardif \u00e9veil&nbsp;des consciences, une pr\u00e9occupation&nbsp;climatique majeure a&nbsp;vu le jour. De la maternelle \u00e0 la&nbsp;terminale, les programmes ont&nbsp;donc \u00e9t\u00e9 modifi\u00e9s pour faire du&nbsp;d\u00e9veloppement durable un&nbsp;th\u00e8me central, ou \u2014 osons le&nbsp;terme \u2014 une priorit\u00e9.&nbsp;Le SNALC n\u2019a \u00e9videmment&nbsp;rien contre les math\u00e9matiques,&nbsp;le fran\u00e7ais, les sciences, l\u2019EPS,&nbsp;le vivre-ensemble, le num\u00e9rique&nbsp;\u2014 quoique \u2014 ni l\u2019environnement.&nbsp;Mais, pour notre&nbsp;syndicat, l\u2019\u00e9cole est faite pour&nbsp;pr\u00e9parer l\u2019\u00e0 venir, pas pour&nbsp;varier dans une perp\u00e9tuelle&nbsp;urgence au gr\u00e9 des th\u00e8mes&nbsp;\u00e9mergeant dans la soci\u00e9t\u00e9.&nbsp;<\/p><p>Il conviendrait donc de concevoir&nbsp;une architecture et des&nbsp;programmes plus durables,&nbsp;visant \u00e0 instruire et \u00e9lever, dans&nbsp;le meilleur sens du terme, les&nbsp;citoyens de demain.&nbsp;<\/p>\t\t\t\t\t\t<\/div>\n\t\t\t\t<\/div>\n\t\t\t\t\t<\/div>\n\t\t<\/div>\n\t\t\t\t\t\t\t<\/div>\n\t\t<\/section>\n\t\t\t\t<section class=\"elementor-section elementor-top-section elementor-element elementor-element-b850b84 elementor-section-boxed elementor-section-height-default elementor-section-height-default\" data-id=\"b850b84\" data-element_type=\"section\">\n\t\t\t\t\t\t<div class=\"elementor-container elementor-column-gap-default\">\n\t\t\t\t\t<div class=\"elementor-column elementor-col-100 elementor-top-column elementor-element elementor-element-6c5dd07\" data-id=\"6c5dd07\" data-element_type=\"column\">\n\t\t\t<div class=\"elementor-widget-wrap elementor-element-populated\">\n\t\t\t\t\t\t\t\t<div class=\"elementor-element elementor-element-8c2aa85 elementor-widget elementor-widget-text-editor\" data-id=\"8c2aa85\" data-element_type=\"widget\" data-widget_type=\"text-editor.default\">\n\t\t\t\t<div class=\"elementor-widget-container\">\n\t\t\t\t\t\t\t<hr><p><em>Article paru dans la revue <a href=\"https:\/\/snalc.fr\/quinzaine-universitaire-n1471\/\" target=\"_blank\" rel=\"noopener\">Quinzaine universitaire n\u00b01471<\/a> du 13 d\u00e9cembre 2022<\/em>\n","protected":false},"excerpt":{"rendered":"<p>\u00a9 istock_aydinynr-638655584 Pour le minist\u00e8re, la r\u00e9conciliation des \u00e9l\u00e8ves avec les&nbsp;math\u00e9matiques doit devenir une priorit\u00e9. Le SNALC&nbsp;est favorable aux math\u00e9matiques, mais il y a d\u00e9j\u00e0 tellement&nbsp;de priorit\u00e9s que le discours [&hellip;]<\/p>\n","protected":false},"author":1,"featured_media":0,"comment_status":"closed","ping_status":"closed","sticky":false,"template":"","format":"standard","meta":{"_lmt_disableupdate":"","_lmt_disable":"","site-sidebar-layout":"default","site-content-layout":"","ast-site-content-layout":"default","site-content-style":"default","site-sidebar-style":"default","ast-global-header-display":"","ast-banner-title-visibility":"","ast-main-header-display":"","ast-hfb-above-header-display":"","ast-hfb-below-header-display":"","ast-hfb-mobile-header-display":"","site-post-title":"","ast-breadcrumbs-content":"","ast-featured-img":"","footer-sml-layout":"","ast-disable-related-posts":"","theme-transparent-header-meta":"","adv-header-id-meta":"","stick-header-meta":"","header-above-stick-meta":"","header-main-stick-meta":"","header-below-stick-meta":"","astra-migrate-meta-layouts":"default","ast-page-background-enabled":"default","ast-page-background-meta":{"desktop":{"background-color":"var(--ast-global-color-4)","background-image":"","background-repeat":"repeat","background-position":"center center","background-size":"auto","background-attachment":"scroll","background-type":"","background-media":"","overlay-type":"","overlay-color":"","overlay-opacity":"","overlay-gradient":""},"tablet":{"background-color":"","background-image":"","background-repeat":"repeat","background-position":"center center","background-size":"auto","background-attachment":"scroll","background-type":"","background-media":"","overlay-type":"","overlay-color":"","overlay-opacity":"","overlay-gradient":""},"mobile":{"background-color":"","background-image":"","background-repeat":"repeat","background-position":"center center","background-size":"auto","background-attachment":"scroll","background-type":"","background-media":"","overlay-type":"","overlay-color":"","overlay-opacity":"","overlay-gradient":""}},"ast-content-background-meta":{"desktop":{"background-color":"var(--ast-global-color-5)","background-image":"","background-repeat":"repeat","background-position":"center center","background-size":"auto","background-attachment":"scroll","background-type":"","background-media":"","overlay-type":"","overlay-color":"","overlay-opacity":"","overlay-gradient":""},"tablet":{"background-color":"var(--ast-global-color-5)","background-image":"","background-repeat":"repeat","background-position":"center center","background-size":"auto","background-attachment":"scroll","background-type":"","background-media":"","overlay-type":"","overlay-color":"","overlay-opacity":"","overlay-gradient":""},"mobile":{"background-color":"var(--ast-global-color-5)","background-image":"","background-repeat":"repeat","background-position":"center center","background-size":"auto","background-attachment":"scroll","background-type":"","background-media":"","overlay-type":"","overlay-color":"","overlay-opacity":"","overlay-gradient":""}},"footnotes":""},"categories":[31],"tags":[],"class_list":["post-732","post","type-post","status-publish","format-standard","hentry","category-actualites-2022-2023"],"modified_by":"slecourtier","_links":{"self":[{"href":"https:\/\/snalc.org\/snalc2023\/index.php?rest_route=\/wp\/v2\/posts\/732","targetHints":{"allow":["GET"]}}],"collection":[{"href":"https:\/\/snalc.org\/snalc2023\/index.php?rest_route=\/wp\/v2\/posts"}],"about":[{"href":"https:\/\/snalc.org\/snalc2023\/index.php?rest_route=\/wp\/v2\/types\/post"}],"author":[{"embeddable":true,"href":"https:\/\/snalc.org\/snalc2023\/index.php?rest_route=\/wp\/v2\/users\/1"}],"replies":[{"embeddable":true,"href":"https:\/\/snalc.org\/snalc2023\/index.php?rest_route=%2Fwp%2Fv2%2Fcomments&post=732"}],"version-history":[{"count":1,"href":"https:\/\/snalc.org\/snalc2023\/index.php?rest_route=\/wp\/v2\/posts\/732\/revisions"}],"predecessor-version":[{"id":733,"href":"https:\/\/snalc.org\/snalc2023\/index.php?rest_route=\/wp\/v2\/posts\/732\/revisions\/733"}],"wp:attachment":[{"href":"https:\/\/snalc.org\/snalc2023\/index.php?rest_route=%2Fwp%2Fv2%2Fmedia&parent=732"}],"wp:term":[{"taxonomy":"category","embeddable":true,"href":"https:\/\/snalc.org\/snalc2023\/index.php?rest_route=%2Fwp%2Fv2%2Fcategories&post=732"},{"taxonomy":"post_tag","embeddable":true,"href":"https:\/\/snalc.org\/snalc2023\/index.php?rest_route=%2Fwp%2Fv2%2Ftags&post=732"}],"curies":[{"name":"wp","href":"https:\/\/api.w.org\/{rel}","templated":true}]}}