{"id":778,"date":"2023-01-04T07:21:21","date_gmt":"2023-01-04T06:21:21","guid":{"rendered":"https:\/\/snalc.org\/snalc2023\/?p=778"},"modified":"2023-01-04T07:21:24","modified_gmt":"2023-01-04T06:21:24","slug":"acces-au-corps-des-professeurs-agreges-par-liste-daptitude","status":"publish","type":"post","link":"https:\/\/snalc.org\/snalc2023\/?p=778","title":{"rendered":"Acc\u00e8s au corps des professeurs agr\u00e9g\u00e9s par liste d\u2019aptitude"},"content":{"rendered":"\n\t\t\t<div class=\"elementor-toc__header-title\">\n\t\t\t\tSommaire\t\t\t<\/div>\n\t\t\t\t\t\t\t<div class=\"elementor-toc__toggle-button elementor-toc__toggle-button--expand\"><i class=\"fas fa-chevron-down\"><\/i><\/div>\n\t\t\t\t<div class=\"elementor-toc__toggle-button elementor-toc__toggle-button--collapse\"><i class=\"fas fa-chevron-up\"><\/i><\/div>\n\t\t\t\t\t<\/div>\n\t\t<div class=\"elementor-toc__body\"><ul class=\"elementor-toc__list-wrapper\"><li class=\"elementor-toc__list-item\"><div class=\"elementor-toc__list-item-text-wrapper\"><i class=\"fas fa-circle\"><\/i><a href=\"#projet\" class=\"elementor-toc__list-item-text elementor-toc__top-level\">Comment concevoir un nouveau projet professionnel ?<\/a><\/div><\/li><li class=\"elementor-toc__list-item\"><div class=\"elementor-toc__list-item-text-wrapper\"><i class=\"fas fa-circle\"><\/i><a href=\"#conditions\" class=\"elementor-toc__list-item-text elementor-toc__top-level\">Conditions d&rsquo;acc\u00e8s<\/a><\/div><\/li><li class=\"elementor-toc__list-item\"><div class=\"elementor-toc__list-item-text-wrapper\"><i class=\"fas fa-circle\"><\/i><a href=\"#conseils\" class=\"elementor-toc__list-item-text elementor-toc__top-level\">Conseils pour r\u00e9diger votre lettre de motivation<\/a><\/div><\/li><li class=\"elementor-toc__list-item\"><div class=\"elementor-toc__list-item-text-wrapper\"><i class=\"fas fa-circle\"><\/i><a href=\"#a-faire\" class=\"elementor-toc__list-item-text elementor-toc__top-level\">Ce que vous avez \u00e0 faire<\/a><\/div><\/li><li class=\"elementor-toc__list-item\"><div class=\"elementor-toc__list-item-text-wrapper\"><i class=\"fas fa-circle\"><\/i><a href=\"#elementor-toc__heading-anchor-4\" class=\"elementor-toc__list-item-text elementor-toc__top-level\">\u00c0 l\u2019issue de la p\u00e9riode de candidature<\/a><\/div><\/li><li class=\"elementor-toc__list-item\"><div class=\"elementor-toc__list-item-text-wrapper\"><i class=\"fas fa-circle\"><\/i><a href=\"#elementor-toc__heading-anchor-5\" class=\"elementor-toc__list-item-text elementor-toc__top-level\">Les contingents de promotions pour 2022 &#8211; Mise \u00e0 jour 2023 : en attente<\/a><\/div><\/li><li class=\"elementor-toc__list-item\"><div class=\"elementor-toc__list-item-text-wrapper\"><i class=\"fas fa-circle\"><\/i><a href=\"#suivi\" class=\"elementor-toc__list-item-text elementor-toc__top-level elementor-item-active\">Fiche de suivi syndical<\/a><\/div><\/li><\/ul><\/div>\n\t\t\t\t<\/div>\n\t\t\t\t<\/div>\n\t\t\t\t\t<\/div>\n\t\t<\/div>\n\t\t\t\t\t\t\t<\/div>\n\t\t<\/section>\n\t\t\t\t<section class=\"elementor-section elementor-top-section elementor-element elementor-element-959bf19 elementor-section-boxed elementor-section-height-default elementor-section-height-default\" data-id=\"959bf19\" data-element_type=\"section\">\n\t\t\t\t\t\t<div class=\"elementor-container elementor-column-gap-default\">\n\t\t\t\t\t<div class=\"elementor-column elementor-col-100 elementor-top-column elementor-element elementor-element-4a3a712\" data-id=\"4a3a712\" data-element_type=\"column\">\n\t\t\t<div class=\"elementor-widget-wrap elementor-element-populated\">\n\t\t\t\t\t\t\t\t<div class=\"elementor-element elementor-element-a462ba8 elementor-widget elementor-widget-spacer\" data-id=\"a462ba8\" data-element_type=\"widget\" data-widget_type=\"spacer.default\">\n\t\t\t\t<div class=\"elementor-widget-container\">\n\t\t\t\t\t<div class=\"elementor-spacer\">\n\t\t\t<div class=\"elementor-spacer-inner\"><\/div>\n\t\t<\/div>\n\t\t\t\t<\/div>\n\t\t\t\t<\/div>\n\t\t\t\t<div class=\"elementor-element elementor-element-9438c2e elementor-widget elementor-widget-heading\" data-id=\"9438c2e\" data-element_type=\"widget\" id=\"projet\" data-widget_type=\"heading.default\">\n\t\t\t\t<div class=\"elementor-widget-container\">\n\t\t\t<h5 class=\"elementor-heading-title elementor-size-default\">Comment concevoir un nouveau projet professionnel ?<\/h5>\t\t<\/div>\n\t\t\t\t<\/div>\n\t\t\t\t<div class=\"elementor-element elementor-element-931982c elementor-widget elementor-widget-text-editor\" data-id=\"931982c\" data-element_type=\"widget\" data-widget_type=\"text-editor.default\">\n\t\t\t\t<div class=\"elementor-widget-container\">\n\t\t\t\t\t\t\t<p><strong>Comment concevoir un nouveau projet professionnel en le fondant sur la richesse de son parcours ?<\/strong><\/p><p><strong style=\"font-family: var( --e-global-typography-text-font-family ), Sans-serif; color: var( --e-global-color-c94e945 ); letter-spacing: 0px;\">Les \u00e9lus du SNALC, forts de leur longue exp\u00e9rience, continuent de mettre \u00e0 votre disposition leurs conseils et leur aide.<\/strong><\/p><p><strong>La p\u00e9riode de candidature \u00e0 l\u2019acc\u00e8s \u00e0 l\u2019agr\u00e9gation par voie de liste d\u2019aptitude se d\u00e9roule jusqu\u2019au<span style=\"color: #ff6600;\">&nbsp;23 janvier inclus<\/span>. N\u2019h\u00e9sitez pas \u00e0 contacter la section du SNALC de votre acad\u00e9mie.<\/strong><\/p><p>Les dispositions pr\u00e9vues par les&nbsp;<a href=\"https:\/\/www.education.gouv.fr\/bo\/20\/Special9\/MENH2028692X.htm\" target=\"_blank\" rel=\"noopener\">lignes directrices de gestion<\/a>&nbsp;minist\u00e9rielles du 22 octobre 2020 relatives aux promotions et \u00e0 la valorisation des parcours professionnels des personnels pr\u00e9cisent, \u00e0 propos de la promotion \u00e0 l\u2019agr\u00e9gation par voie de liste d\u2019aptitude, que les agr\u00e9g\u00e9s exercent principalement dans les classes de lyc\u00e9e, dans les classes pr\u00e9paratoires aux grandes \u00e9coles et dans les \u00e9tablissements d\u2019enseignement sup\u00e9rieur.&nbsp;<strong>L\u2019accent est mis, en particulier, sur la motivation du candidat \u00e0 enrichir son parcours et \u00e0 concevoir un nouveau projet professionnel qui corresponde aux missions exerc\u00e9es par les agr\u00e9g\u00e9s.<\/strong><\/p><p>C\u2019est pour apporter des conseils aux professeurs qui souhaitent atteindre cet objectif et les aider \u00e0 mieux mettre en valeur leurs atouts, en vue de cette promotion, que le SNALC diffuse cette lettre d\u2019information. Nous leur en souhaitons le meilleur usage.<\/p>\t\t\t\t\t\t<\/div>\n\t\t\t\t<\/div>\n\t\t\t\t<div class=\"elementor-element elementor-element-4f697c4 elementor-widget-divider--view-line elementor-widget elementor-widget-divider\" data-id=\"4f697c4\" data-element_type=\"widget\" data-widget_type=\"divider.default\">\n\t\t\t\t<div class=\"elementor-widget-container\">\n\t\t\t\t\t<div class=\"elementor-divider\">\n\t\t\t<span class=\"elementor-divider-separator\">\n\t\t\t\t\t\t<\/span>\n\t\t<\/div>\n\t\t\t\t<\/div>\n\t\t\t\t<\/div>\n\t\t\t\t\t<\/div>\n\t\t<\/div>\n\t\t\t\t\t\t\t<\/div>\n\t\t<\/section>\n\t\t\t\t<section class=\"elementor-section elementor-top-section elementor-element elementor-element-4d8ea55 elementor-section-boxed elementor-section-height-default elementor-section-height-default\" data-id=\"4d8ea55\" data-element_type=\"section\">\n\t\t\t\t\t\t<div class=\"elementor-container elementor-column-gap-default\">\n\t\t\t\t\t<div class=\"elementor-column elementor-col-100 elementor-top-column elementor-element elementor-element-8ee3505\" data-id=\"8ee3505\" data-element_type=\"column\">\n\t\t\t<div class=\"elementor-widget-wrap elementor-element-populated\">\n\t\t\t\t\t\t\t\t<div class=\"elementor-element elementor-element-5e98d53 elementor-widget elementor-widget-heading\" data-id=\"5e98d53\" data-element_type=\"widget\" id=\"conditions\" data-widget_type=\"heading.default\">\n\t\t\t\t<div class=\"elementor-widget-container\">\n\t\t\t<h5 class=\"elementor-heading-title elementor-size-default\">Conditions d&rsquo;acc\u00e8s<\/h5>\t\t<\/div>\n\t\t\t\t<\/div>\n\t\t\t\t<div class=\"elementor-element elementor-element-81f192a elementor-widget elementor-widget-text-editor\" data-id=\"81f192a\" data-element_type=\"widget\" data-widget_type=\"text-editor.default\">\n\t\t\t\t<div class=\"elementor-widget-container\">\n\t\t\t\t\t\t\t<p>L\u2019acc\u00e8s au corps des professeurs agr\u00e9g\u00e9s par voie de liste d\u2019aptitude est conditionn\u00e9 par un acte de candidature, lequel peut se faire dans toutes les disciplines d\u2019agr\u00e9gation, y compris dans celles pour lesquelles aucun concours de recrutement n\u2019a \u00e9t\u00e9 organis\u00e9 au cours des ann\u00e9es pr\u00e9c\u00e9dentes.<\/p><p>Les nominations prennent effet au 1er septembre 2023.<\/p><p><span style=\"color: #ff6600;\"><strong>Peuvent se porter candidats les agents qui remplissent les conditions suivantes&nbsp;:<\/strong><\/span><\/p><ul><li><em><strong>Etre professeur certifi\u00e9, professeur de lyc\u00e9e professionnel ou professeur d\u2019\u00e9ducation physique et sportive<\/strong><\/em>. Les PLP doivent \u00eatre propos\u00e9s dans la discipline dans laquelle ils justifient du dipl\u00f4me le plus \u00e9lev\u00e9, sauf avis circonstanci\u00e9 des corps d\u2019inspection. Il en est de m\u00eame pour tous les professeurs certifi\u00e9s relevant d\u2019une discipline pour laquelle il n\u2019y a pas d\u2019agr\u00e9gation.<\/li><li><em><strong>\u00eatre \u00e2g\u00e9 de quarante ans au moins au 1er octobre 2023<\/strong><\/em><\/li><li><em><strong>justifier \u00e0 cette m\u00eame date de dix ann\u00e9es de services effectifs d\u2019enseignement, dont cinq dans son corps<\/strong><\/em>. Les services accomplis en qualit\u00e9 de directeur d\u00e9l\u00e9gu\u00e9 aux formations professionnelles et technologiques ou de chef de travaux sont assimil\u00e9s \u00e0 des services d\u2019enseignement. Les services effectu\u00e9s \u00e0 temps partiel sont comptabilis\u00e9s comme des services \u00e0 temps plein.<\/li><\/ul><p><strong><span style=\"color: #ff6600;\">Sont pris en compte \u00e0 partir du moment o\u00f9 ce sont des services d\u2019enseignement&nbsp;:<\/span><\/strong><\/p><ul><li><strong><em>l\u2019ann\u00e9e ou les ann\u00e9es de stage accomplies en situation<\/em><\/strong> (en pr\u00e9sence d\u2019\u00e9l\u00e8ves)&nbsp;;<\/li><\/ul><ul><li><em><strong>les services effectu\u00e9s<\/strong><\/em> dans un \u00e9tablissement public d\u2019enseignement relevant du minist\u00e8re de l\u2019\u00e9ducation nationale, dans un autre \u00e9tablissement public d\u2019enseignement, dans un \u00e9tablissement priv\u00e9 d\u2019enseignement sous contrat d\u2019association, ainsi que les services effectifs d\u2019enseignement accomplis dans les conditions fix\u00e9es aux 1\u00b0 et 2\u00b0 de l\u2019article 74 de la <a href=\"about:blank\">loi du 11 janvier 1984<\/a> (services effectu\u00e9s dans le cadre d\u2019une coop\u00e9ration culturelle, scientifique et technique aupr\u00e8s d\u2019Etats \u00e9trangers ou dans des \u00e9tablissements et organismes de diffusion culturelle ou d\u2019enseignement situ\u00e9s \u00e0 l\u2019\u00e9tranger et consid\u00e9r\u00e9s comme des services d\u00e9concentr\u00e9s du minist\u00e8re des relations ext\u00e9rieures).<\/li><\/ul><ul><li><strong><em>les services de documentation<\/em><\/strong> effectu\u00e9s dans un CDI&nbsp;;<\/li><li><em><strong>les services effectu\u00e9s en qualit\u00e9 de lecteur ou d\u2019assistant \u00e0 l\u2019\u00e9tranger<\/strong><\/em>. Ces services sont consid\u00e9r\u00e9s comme effectu\u00e9s en qualit\u00e9 de titulaire si le candidat avait ant\u00e9rieurement la qualit\u00e9 de titulaire d\u2019un corps enseignant relevant du minist\u00e8re charg\u00e9 de l\u2019\u00e9ducation nationale&nbsp;;<\/li><li><em><strong>les services effectu\u00e9s au titre de la formation continue<\/strong><\/em>&nbsp;;<\/li><li><strong><em>les services&nbsp; accomplis dans un \u00c9tat membre de l\u2019Union europ\u00e9enne<\/em><\/strong> ou \u00c9tat partie \u00e0 l\u2019accord sur l\u2019espace \u00e9conomique europ\u00e9en autre que la France, ou \u00e0 l\u2019\u00e9tranger, pris en compte lors du classement.<\/li><\/ul><p><strong><span style=\"color: #ff6600;\">Sont en particulier exclus du d\u00e9compte des services effectifs d\u2019enseignement&nbsp;:<\/span><\/strong><\/p><ul><li><em><strong>la dur\u00e9e du service national<\/strong><\/em>&nbsp;;<\/li><li><strong><em>le temps pass\u00e9 en qualit\u00e9 d\u2019\u00e9l\u00e8ve d\u2019un IPES<\/em><\/strong> ou de tout \u00e9tablissement de formation, sauf si le candidat avait ant\u00e9rieurement la qualit\u00e9 de titulaire d\u2019un corps enseignant relevant du minist\u00e8re charg\u00e9 de l\u2019\u00e9ducation nationale&nbsp;;<\/li><li><em><strong>les services accomplis en qualit\u00e9 de CE-CPE<\/strong><\/em>, de surveillant g\u00e9n\u00e9ral&nbsp;;<\/li><li><em><strong>les services de ma\u00eetre d\u2019internat, de surveillant d\u2019externat<\/strong><\/em>&nbsp;;<\/li><li><strong><em>les services d\u2019assistant d\u2019\u00e9ducation<\/em><\/strong>&nbsp;;<\/li><li><em><strong>les services accomplis en qualit\u00e9 de professeur adjoint d\u2019\u00e9ducation physique et sportive stagiaire issu du&nbsp;concours<\/strong><\/em>.<\/li><\/ul><p style=\"text-align: right;\">&nbsp;<\/p>\t\t\t\t\t\t<\/div>\n\t\t\t\t<\/div>\n\t\t\t\t<div class=\"elementor-element elementor-element-04d5d20 elementor-widget-divider--view-line elementor-widget elementor-widget-divider\" data-id=\"04d5d20\" data-element_type=\"widget\" data-widget_type=\"divider.default\">\n\t\t\t\t<div class=\"elementor-widget-container\">\n\t\t\t\t\t<div class=\"elementor-divider\">\n\t\t\t<span class=\"elementor-divider-separator\">\n\t\t\t\t\t\t<\/span>\n\t\t<\/div>\n\t\t\t\t<\/div>\n\t\t\t\t<\/div>\n\t\t\t\t\t<\/div>\n\t\t<\/div>\n\t\t\t\t\t\t\t<\/div>\n\t\t<\/section>\n\t\t\t\t<section class=\"elementor-section elementor-top-section elementor-element elementor-element-2a3a414 elementor-section-boxed elementor-section-height-default elementor-section-height-default\" data-id=\"2a3a414\" data-element_type=\"section\">\n\t\t\t\t\t\t<div class=\"elementor-container elementor-column-gap-default\">\n\t\t\t\t\t<div class=\"elementor-column elementor-col-100 elementor-top-column elementor-element elementor-element-3233e0d\" data-id=\"3233e0d\" data-element_type=\"column\">\n\t\t\t<div class=\"elementor-widget-wrap elementor-element-populated\">\n\t\t\t\t\t\t\t\t<div class=\"elementor-element elementor-element-81d40b3 elementor-widget elementor-widget-heading\" data-id=\"81d40b3\" data-element_type=\"widget\" id=\"conseils\" data-widget_type=\"heading.default\">\n\t\t\t\t<div class=\"elementor-widget-container\">\n\t\t\t<h5 class=\"elementor-heading-title elementor-size-default\">Conseils pour r\u00e9diger votre lettre de motivation<\/h5>\t\t<\/div>\n\t\t\t\t<\/div>\n\t\t\t\t<div class=\"elementor-element elementor-element-37bf150 elementor-widget elementor-widget-text-editor\" data-id=\"37bf150\" data-element_type=\"widget\" data-widget_type=\"text-editor.default\">\n\t\t\t\t<div class=\"elementor-widget-container\">\n\t\t\t\t\t\t\t<p><em>La lettre de motivation est un \u00e9l\u00e9ment essentiel du dossier de candidature. Elle est lue tr\u00e8s attentivement tant par les inspecteurs d\u2019acad\u00e9mie et g\u00e9n\u00e9raux que par les bureaux des rectorats et de la <strong>D<\/strong>irection <strong>G<\/strong>\u00e9n\u00e9rale des <strong>R<\/strong>essources <strong>H<\/strong>umaines (DGRH) du Minist\u00e8re de l\u2019Education nationale, de la Jeunesse et des Sports. En effet, elle joue un r\u00f4le tr\u00e8s important pour s\u00e9lectionner et, le cas \u00e9ch\u00e9ant, d\u00e9partager les candidats.<\/em><\/p><p><strong>Quels sont les \u00e9cueils \u00e0 \u00e9viter, les principes et la m\u00e9thode \u00e0 suivre pour la r\u00e9diger&nbsp;?<\/strong><\/p><p><span style=\"color: #ff6600;\"><strong>Les \u00e9cueils \u00e0 \u00e9viter<\/strong><\/span><\/p><ul><li><strong><em>Les maladresses<\/em> <\/strong>\u00e0 bannir absolument : l\u2019\u00e9vocation des \u00e9checs successifs au concours, le constat que vous \u00eates dans l\u2019impossibilit\u00e9 de le pr\u00e9parer en raison de vos obligations professionnelles ou familiales, l\u2019espoir, en cas d\u2019int\u00e9gration, d\u2019un service moins fatigant, car ramen\u00e9 de 18 \u00e0 15 heures. Vous ne demandez tout de m\u00eame pas un temps partiel&nbsp;!<\/li><\/ul><ul><li><strong><em>Le discours ronflant<\/em><\/strong>&nbsp;: l\u2019exaltation lyrique de l\u2019\u00e9cole r\u00e9publicaine, le souvenir \u00e9mu des premiers ma\u00eetres, de la naissance de votre vocation, de vos premiers pas dans le m\u00e9tier, les appr\u00e9ciations dithyrambiques de vos sup\u00e9rieurs hi\u00e9rarchiques. Soyez pr\u00e9cis quant \u00e0 vos engagements en restant modeste. Vous pouvez parler de votre vocation bien s\u00fbr, mais avec mesure.<\/li><\/ul><ul><li><strong><em>La reprise du C V<\/em> <\/strong>sous la forme d\u2019une narration conclue artificiellement par une formule du type \u00ab&nbsp;Pour ces raisons, je sollicite mon acc\u00e8s au corps des agr\u00e9g\u00e9s par liste d\u2019aptitude&nbsp;\u00bb. L\u2019agr\u00e9gation n\u2019est pas un b\u00e2ton de mar\u00e9chal obtenu en fin de carri\u00e8re.<\/li><li><strong><em>L\u2019\u00e9num\u00e9ration <\/em><\/strong>de vos activit\u00e9s p\u00e9dagogiques et p\u00e9ri-p\u00e9dagogiques, l\u2019une apr\u00e8s l\u2019autre, sans encha\u00eenement logique. Ce genre de catalogue cr\u00e9e chez le lecteur une impression f\u00e2cheuse de confusion, de papillonnage.<\/li><\/ul><div>&nbsp;<\/div><p><span style=\"color: #ff6600;\"><strong>Une lettre de motivation est une d\u00e9monstration<\/strong><\/span><\/p><p>Vous devez montrer<\/p><ol><li><strong>que la plus-value professionnelle que vous avez retir\u00e9e de vos exp\u00e9rience et de vos formations vous a permis d\u2019acqu\u00e9rir un<\/strong> <strong>niveau de qualification \u00e9quivalant \u00e0 celui d\u2019un agr\u00e9g\u00e9.<\/strong> Ce sont en effet toutes ces qualit\u00e9s (connaissances, exp\u00e9riences, m\u00e9thodes, expertises) que vous allez apporter au corps des agr\u00e9g\u00e9s et qui vont vous permettre de l\u2019int\u00e9grer.<\/li><li><strong>que vous avez une id\u00e9e claire du projet que l\u2019obtention de l\u2019agr\u00e9gation vous permettra de r\u00e9aliser<\/strong>.<\/li><\/ol><div>&nbsp;<\/div><p>Si vous sollicitez l\u2019agr\u00e9gation, c\u2019est pour des fonctions ou des missions pr\u00e9cises, pour lesquelles les qualifications de l\u2019agr\u00e9gation jouent un r\u00f4le essentiel. Il vous faut donc en derni\u00e8re partie de la lettre de motivation d\u00e9finir clairement ce projet. N\u2019\u00e9voquez pas de projets pour lesquels l\u2019agr\u00e9gation n\u2019est pas indispensable.<\/p><p>&nbsp;<\/p><p>&nbsp;<\/p><p><span style=\"color: #ff6600;\"><strong>Comment construire votre lettre de motivation&nbsp;? <\/strong><\/span><\/p><p>Votre carri\u00e8re vous en fournit la mati\u00e8re. Mais il faut parvenir \u00e0 en extraire les \u00e9l\u00e9ments que vous mettrez en valeur et qui seront vos atouts. Pour mener votre recherche efficacement, nous vous sugg\u00e9rons de proc\u00e9der avec m\u00e9thode, en suivant plusieurs axes.<\/p><ol><li><strong>L\u2019axe p\u00e9dagogique :<\/strong><\/li><\/ol><ul><li><strong><em>exercice dans des classes dont le niveau s\u2019\u00e9l\u00e8ve progressivement<\/em><\/strong>&nbsp;: classes finales des coll\u00e8ges ou terminales des lyc\u00e9es, BTS, voire classes pr\u00e9paratoires aux grandes \u00e9coles.<\/li><li><em><strong>responsabilit\u00e9 de projets p\u00e9dagogiques<\/strong><\/em>. Il s\u2019agit de projets disciplinaires ou interdisciplinaires contribuant \u00e0 \u00e9lever le niveau de connaissances et de formation des \u00e9l\u00e8ves. Si vous faites \u00e9tat, par exemple, de l\u2019organisation de voyages ou d\u2019\u00e9changes scolaires, montrez comment ils ont contribu\u00e9 \u00e0 approfondir et \u00e0 \u00e9toffer, chez vos \u00e9l\u00e8ves ou vos \u00e9tudiants, leur connaissance de la langue, de la vie quotidienne, de la culture, de l\u2019histoire du pays partenaire.<\/li><li><strong><em>formations suivies<\/em><\/strong> pour augmenter votre niveau de comp\u00e9tence, pour le b\u00e9n\u00e9fice des \u00e9l\u00e8ves<\/li><li><strong><em>enseignement en Education prioritaire<\/em><\/strong>. Il ne faut pas vous contenter de l\u2019\u00e9voquer. Montrez ce que vous en retirez, par exemple, sur le plan de vos m\u00e9thodes p\u00e9dagogiques, de votre travail en \u00e9quipe. Indiquez les r\u00e9sultats obtenus.<\/li><\/ul><div>&nbsp;<\/div><ol start=\"2\"><li><strong>L\u2019axe scientifique:<\/strong><\/li><\/ol><ul><li><em><strong>Travaux de recherche, articles, publications, th\u00e8se<\/strong><\/em>. Montrez que vous r\u00e9investissez tout ce savoir acquis dans vos cours. Cela est valable autant pour les professeurs du sup\u00e9rieur que pour ceux du secondaire.<\/li><\/ul><ul><li><em><strong>L\u2019admissibilit\u00e9 \u00e0 l\u2019agr\u00e9gation<\/strong><\/em>. A mentionner car elle valide un effort d\u2019\u00e9tude et d\u2019approfondissement des connaissances.<\/li><\/ul><div>&nbsp;<\/div><ol start=\"3\"><li><strong>Le rayonnement<\/strong><\/li><\/ol><ul><li><strong><em>rayonnement dans l\u2019\u00e9tablissement<\/em><\/strong> (travail en \u00e9quipe, aide \u00e0 l\u2019orientation des \u00e9l\u00e8ves).Si vous participez aux instances de l\u2019\u00e9tablissement, indiquez les r\u00e9alisations auxquelles vous avez contribu\u00e9 : installation et renouvellement d\u2019\u00e9quipements p\u00e9dagogiques, maintien ou cr\u00e9ation d\u2019options. Dans le cas des professeurs du sup\u00e9rieur est prise en compte l\u2019importance des niveaux d\u2019enseignement et des charges administratives, comme, par exemple, le degr\u00e9 d\u2019expertise requis par les cours dont ils sont en charge, la cr\u00e9ation de nouveaux dipl\u00f4mes, de nouvelles formations, la gestion de d\u00e9partements d\u2019enseignement et de recherche.<\/li><li><strong><em>rayonnement au service de la discipline<\/em><\/strong>: responsabilit\u00e9s p\u00e9dagogiques et disciplinaires, tutorat de stagiaires, missions de formateur en INSPE, publications disciplinaires, sur le site de l\u2019\u00e9tablissement, de l\u2019acad\u00e9mie, participation \u00e0 l\u2019\u00e9dition d\u2019ouvrages scolaires.<\/li><li><strong><em>rayonnement au service de l\u2019institution<\/em><\/strong>&nbsp;: missions d\u2019appui \u00e0 l\u2019inspection, jury de concours (acad\u00e9miques ou nationaux), missions acad\u00e9miques et nationales valid\u00e9es par l\u2019inspection r\u00e9gionale ou g\u00e9n\u00e9rale.<\/li><\/ul><div>&nbsp;<\/div><div>&nbsp;<\/div><p>Une fois les \u00e9l\u00e9ments rassembl\u00e9s, il faut r\u00e9diger une lettre adress\u00e9e \u00e0 <em>Monsieur Le Ministre de l\u2019Education nationale, de la Jeunesse et des Sports. <\/em>Il n\u2019y a pas de mod\u00e8le ni de plan passe-partout. Les uns conservent l\u2019ordre chronologique et montrent comment leur exp\u00e9rience professionnelle s\u2019est compl\u00e9t\u00e9e et enrichie au fil de leur carri\u00e8re. D\u2019autres choisissent un plan purement argumentatif. Quoi qu\u2019il en soit, la pr\u00e9sentation de votre projet professionnel doit venir s\u2019encha\u00eener logiquement en derni\u00e8re partie, car ce dernier est l\u2019\u00e9l\u00e9ment moteur de votre candidature et en montre la l\u00e9gitimit\u00e9.<\/p><p><strong>N\u2019h\u00e9sitez pas \u00e0 contacter la section du <a href=\"http:\/\/snalc.fr\/contact\">SNALC de votre acad\u00e9mie<\/a>.<\/strong> Les commissaires paritaires acad\u00e9miques agr\u00e9g\u00e9s ont si\u00e9g\u00e9 en CAPA et ont l\u2019exp\u00e9rience des lettres de motivation. Ils sauront vous aider.<\/p>\t\t\t\t\t\t<\/div>\n\t\t\t\t<\/div>\n\t\t\t\t<div class=\"elementor-element elementor-element-28000ec elementor-widget-divider--view-line elementor-widget elementor-widget-divider\" data-id=\"28000ec\" data-element_type=\"widget\" data-widget_type=\"divider.default\">\n\t\t\t\t<div class=\"elementor-widget-container\">\n\t\t\t\t\t<div class=\"elementor-divider\">\n\t\t\t<span class=\"elementor-divider-separator\">\n\t\t\t\t\t\t<\/span>\n\t\t<\/div>\n\t\t\t\t<\/div>\n\t\t\t\t<\/div>\n\t\t\t\t\t<\/div>\n\t\t<\/div>\n\t\t\t\t\t\t\t<\/div>\n\t\t<\/section>\n\t\t\t\t<section class=\"elementor-section elementor-top-section elementor-element elementor-element-f7151f2 elementor-section-boxed elementor-section-height-default elementor-section-height-default\" data-id=\"f7151f2\" data-element_type=\"section\">\n\t\t\t\t\t\t<div class=\"elementor-container elementor-column-gap-default\">\n\t\t\t\t\t<div class=\"elementor-column elementor-col-100 elementor-top-column elementor-element elementor-element-7348326\" data-id=\"7348326\" data-element_type=\"column\">\n\t\t\t<div class=\"elementor-widget-wrap elementor-element-populated\">\n\t\t\t\t\t\t\t\t<div class=\"elementor-element elementor-element-22651b4 elementor-widget elementor-widget-heading\" data-id=\"22651b4\" data-element_type=\"widget\" id=\"a-faire\" data-widget_type=\"heading.default\">\n\t\t\t\t<div class=\"elementor-widget-container\">\n\t\t\t<h5 class=\"elementor-heading-title elementor-size-default\">Ce que vous avez \u00e0 faire<\/h5>\t\t<\/div>\n\t\t\t\t<\/div>\n\t\t\t\t<div class=\"elementor-element elementor-element-4cbb703 elementor-widget elementor-widget-text-editor\" data-id=\"4cbb703\" data-element_type=\"widget\" data-widget_type=\"text-editor.default\">\n\t\t\t\t<div class=\"elementor-widget-container\">\n\t\t\t\t\t\t\t<p style=\"text-align: left;\">&nbsp;<\/p><ul style=\"text-align: left;\"><li><strong>Candidatures et constitution de dossiers <\/strong><\/li><\/ul><p style=\"padding-left: 40px; text-align: left;\">uniquement via le portail de service i-Prof&nbsp;\u00e0 l\u2019adresse suivante&nbsp;:<\/p><p style=\"padding-left: 40px; text-align: left;\"><a href=\"https:\/\/www.education.gouv.fr\/i-prof-l-assistant-carriere-12194\">https:\/\/www.education.gouv.fr\/i-prof-l-assistant-carriere-12194<\/a><\/p><p style=\"padding-left: 40px; text-align: left;\"><strong>jusqu\u2019au 23 janvier 2023<\/strong>, que vous soyez affect\u00e9 dans le secondaire ou le sup\u00e9rieur.<\/p><p style=\"text-align: left;\">&nbsp;<\/p><ul style=\"text-align: left;\"><li><strong>Personnels hors acad\u00e9mie<\/strong><\/li><\/ul><p style=\"padding-left: 40px; text-align: left;\">g\u00e9r\u00e9s par le bureau B2-4 de la <strong>D<\/strong>irection <strong>G<\/strong>\u00e9n\u00e9rale des <strong>R<\/strong>essources <strong>H<\/strong>umaines (DGRH) du Minist\u00e8re de l\u2019Education nationale, de la Jeunesse et des Sports.<\/p><p style=\"padding-left: 40px; text-align: left;\">Dossier \u00e0 compl\u00e9ter et acte de candidature via le portail i-Prof, \u00e0 partir du menu Vous \u00eates enseignant du second degr\u00e9 hors acad\u00e9mie.<\/p><p style=\"padding-left: 40px; text-align: left;\">Faire parvenir au bureau B2-4 de la DGRH, au plus tard le 2 f\u00e9vrier<strong>,<\/strong> la <strong>fiche d\u2019avis<\/strong>, d\u00fbment renseign\u00e9e et vis\u00e9e par le sup\u00e9rieur hi\u00e9rarchique, t\u00e9l\u00e9chargeable sur Siap \u00e0 l\u2019adresse suivante&nbsp;: <a href=\"about:blank\">https:\/\/www.education.gouv.fr\/personnels-enseignants-d-education-et-d-orientation-s-inscrire-pour-une-promotion-siap-11696<\/a> .<\/p><p style=\"padding-left: 40px; text-align: left;\">Cette fiche d\u2019avis est \u00e9galement disponible aupr\u00e8s du bureau B2-4 de la DGRH.<\/p><p style=\"text-align: left;\">&nbsp;<\/p><ul style=\"text-align: left;\"><li><strong>Personnels affect\u00e9s \u00e0 Wallis-et-Futuna<\/strong><\/li><\/ul><p style=\"padding-left: 40px; text-align: left;\">Dossier de candidature <strong>sous format papier<\/strong> \u00e0 transmettre au vice-recteur avec la fiche rev\u00eatue de l\u2019avis du chef d\u2019\u00e9tablissement. Le vice-recteur de Wallis-et-Futuna formule un avis sur chacun des dossiers et les transmet au bureau B2-4.<\/p><p style=\"padding-left: 40px; text-align: left;\"><strong>Pour de l\u2019aide et des conseils, contactez <\/strong><a href=\"mailto:detom@snalc.fr\">detom@snalc.fr<\/a><\/p><p style=\"text-align: left;\"><strong>&nbsp;<\/strong><\/p><ul style=\"text-align: left;\"><li><strong>V\u00e9rifiez que vous remplissez les conditions pour \u00eatre candidat<\/strong><\/li><\/ul><ul style=\"text-align: left;\"><li><strong>Compl\u00e9tez et enrichissez votre curriculum vitae<\/strong><\/li><\/ul><p style=\"padding-left: 40px; text-align: left;\">en saisissant dans&nbsp;i-Prof (menu \u00ab Votre CV \u00bb) les diff\u00e9rentes informations qui concernent ce dernier. Ces donn\u00e9es alimenteront automatiquement le CV sp\u00e9cifique de candidature. En cas d\u2019informations erron\u00e9es, il vous appartient de les signaler \u00e0 votre correspondant de gestion acad\u00e9mique.<\/p><p style=\"text-align: left;\">&nbsp;<\/p><ul style=\"text-align: left;\"><li><strong>Saisissez votre lettre de motivation ainsi que votre CV et n\u2019oubliez pas de les valider.<\/strong><\/li><\/ul><ul style=\"text-align: left;\"><li><strong>Consultez votre messagerie i-Prof<\/strong><\/li><\/ul><p style=\"padding-left: 40px; text-align: left;\">pour v\u00e9rifier que vous avez bien re\u00e7u un accus\u00e9 de r\u00e9ception d\u00e8s la validation de votre candidature<\/p><p style=\"text-align: left;\">&nbsp;<\/p><ul style=\"text-align: left;\"><li><strong>Pr\u00e9voir les cons\u00e9quences sur votre carri\u00e8re<\/strong> d\u2019une \u00e9ventuelle promotion dans le corps des agr\u00e9g\u00e9s, en v\u00e9rifiant les conditions de reclassement qui s\u2019appliquent \u00e0 votre cas.<\/li><\/ul><p style=\"padding-left: 40px; text-align: left;\">Ne pas h\u00e9siter \u00e0 contacter les \u00e9lus du <a href=\"http:\/\/snalc.fr\/contact\">SNALC de votre acad\u00e9mie<\/a>.<\/p><p style=\"text-align: left;\">&nbsp;<\/p>\t\t\t\t\t\t<\/div>\n\t\t\t\t<\/div>\n\t\t\t\t<div class=\"elementor-element elementor-element-341a123 elementor-widget-divider--view-line elementor-widget elementor-widget-divider\" data-id=\"341a123\" data-element_type=\"widget\" data-widget_type=\"divider.default\">\n\t\t\t\t<div class=\"elementor-widget-container\">\n\t\t\t\t\t<div class=\"elementor-divider\">\n\t\t\t<span class=\"elementor-divider-separator\">\n\t\t\t\t\t\t<\/span>\n\t\t<\/div>\n\t\t\t\t<\/div>\n\t\t\t\t<\/div>\n\t\t\t\t\t<\/div>\n\t\t<\/div>\n\t\t\t\t\t\t\t<\/div>\n\t\t<\/section>\n\t\t\t\t<section class=\"elementor-section elementor-top-section elementor-element elementor-element-558b57d elementor-section-boxed elementor-section-height-default elementor-section-height-default\" data-id=\"558b57d\" data-element_type=\"section\">\n\t\t\t\t\t\t<div class=\"elementor-container elementor-column-gap-default\">\n\t\t\t\t\t<div class=\"elementor-column elementor-col-100 elementor-top-column elementor-element elementor-element-6a83e4c\" data-id=\"6a83e4c\" data-element_type=\"column\">\n\t\t\t<div class=\"elementor-widget-wrap elementor-element-populated\">\n\t\t\t\t\t\t\t\t<div class=\"elementor-element elementor-element-a750233 elementor-widget elementor-widget-heading\" data-id=\"a750233\" data-element_type=\"widget\" data-widget_type=\"heading.default\">\n\t\t\t\t<div class=\"elementor-widget-container\">\n\t\t\t<span id=\"elementor-toc__heading-anchor-4\" class=\"elementor-menu-anchor \"><\/span><h5 class=\"elementor-heading-title elementor-size-default\">\u00c0 l\u2019issue de la p\u00e9riode de candidature<\/h5>\t\t<\/div>\n\t\t\t\t<\/div>\n\t\t\t\t<div class=\"elementor-element elementor-element-128a1bc elementor-widget elementor-widget-text-editor\" data-id=\"128a1bc\" data-element_type=\"widget\" data-widget_type=\"text-editor.default\">\n\t\t\t\t<div class=\"elementor-widget-container\">\n\t\t\t\t\t\t\t<p>\u00c0 l\u2019issue de la p\u00e9riode de candidature, 2 phases s\u2019ouvrent pour les int\u00e9ress\u00e9s&nbsp;:<\/p>\n<p><span style=\"color: #000080;\"><strong>1. RECEVABILIT\u00c9 DES CANDIDATURES<\/strong><\/span><\/p>\n<p>La recevabilit\u00e9 de chaque candidature est \u00e9tudi\u00e9e.<\/p>\n<p>Les candidatures jug\u00e9es non recevables sont signifi\u00e9es aux int\u00e9ress\u00e9s.<\/p>\n<p>Dans ce cas, conform\u00e9ment aux&nbsp;<em>Lignes directrices de gestion<\/em>&nbsp;du 22-10-2020 publi\u00e9es dans le Bulletin officiel sp\u00e9cial n\u00b09 du 5 novembre 2020, s\u2019agissant de l\u2019acc\u00e8s par voie de liste d\u2019aptitude aux corps des professeurs agr\u00e9g\u00e9s, l\u2019irrecevabilit\u00e9 de la candidature \u00e9tant assimil\u00e9e \u00e0 une d\u00e9cision d\u00e9favorable,<strong>&nbsp;les personnels peuvent former un recours administratif&nbsp;<\/strong>en application de l\u2019article 14 bis de la loi du 11 janvier 1984.<\/p>\n<p>Dans ce cadre, ils peuvent choisir un repr\u00e9sentant d\u00e9sign\u00e9 par une organisation syndicale&nbsp;<span style=\"text-decoration: underline;\"><strong>repr\u00e9sentative<\/strong><\/span><strong>&nbsp;<\/strong>de leur choix pour les assister.<\/p>\n<p><strong>Le SNALC est une organisation repr\u00e9sentative.<\/strong><\/p>\n<p><strong><span style=\"color: #000080;\">2. EXAMEN DES CANDIDATURES<\/span><\/strong><\/p>\n<p>Les candidatures jug\u00e9es recevables sont examin\u00e9es&nbsp;par <strong>le recteur<\/strong>&nbsp;en recueillant au pr\u00e9alable&nbsp;<strong>l\u2019avis des corps d\u2019inspection<\/strong>&nbsp;et du&nbsp;<strong>chef d\u2019\u00e9tablissement&nbsp;<\/strong>(ou de l\u2019autorit\u00e9 hi\u00e9rarchique comp\u00e9tente) et par le ministre pour les personnels affect\u00e9s hors acad\u00e9mie.<\/p>\n<p>Ces avis, formul\u00e9s \u00e0 partir des \u00e9l\u00e9ments du curriculum vitae et de la lettre de motivation du candidat, se d\u00e9clinent en quatre degr\u00e9s :<\/p>\n<ul>\n<li>tr\u00e8s favorable,<\/li>\n<li>favorable,<\/li>\n<li>r\u00e9serv\u00e9,<\/li>\n<li>d\u00e9favorable.<\/li>\n<\/ul>\n<p><strong>Les avis modifi\u00e9s d\u00e9favorablement d\u2019une campagne \u00e0 l\u2019autre doivent \u00eatre justifi\u00e9s et expliqu\u00e9s aux int\u00e9ress\u00e9s.<\/strong><\/p>\n<p>Les avis des recteurs sont transmis au minist\u00e8re au plus tard le 10 mars 2023.<\/p>\n<p>La publication des promotions est pr\u00e9vue le<strong> 6 juillet 2023<\/strong>.<\/p>\t\t\t\t\t\t<\/div>\n\t\t\t\t<\/div>\n\t\t\t\t<div class=\"elementor-element elementor-element-47a3177 elementor-widget-divider--view-line elementor-widget elementor-widget-divider\" data-id=\"47a3177\" data-element_type=\"widget\" data-widget_type=\"divider.default\">\n\t\t\t\t<div class=\"elementor-widget-container\">\n\t\t\t\t\t<div class=\"elementor-divider\">\n\t\t\t<span class=\"elementor-divider-separator\">\n\t\t\t\t\t\t<\/span>\n\t\t<\/div>\n\t\t\t\t<\/div>\n\t\t\t\t<\/div>\n\t\t\t\t\t<\/div>\n\t\t<\/div>\n\t\t\t\t\t\t\t<\/div>\n\t\t<\/section>\n\t\t\t\t<section class=\"elementor-section elementor-top-section elementor-element elementor-element-47210d6 elementor-section-boxed elementor-section-height-default elementor-section-height-default\" data-id=\"47210d6\" data-element_type=\"section\">\n\t\t\t\t\t\t<div class=\"elementor-container elementor-column-gap-default\">\n\t\t\t\t\t<div class=\"elementor-column elementor-col-100 elementor-top-column elementor-element elementor-element-05a9924\" data-id=\"05a9924\" data-element_type=\"column\">\n\t\t\t<div class=\"elementor-widget-wrap elementor-element-populated\">\n\t\t\t\t\t\t\t\t<div class=\"elementor-element elementor-element-058578b elementor-widget elementor-widget-heading\" data-id=\"058578b\" data-element_type=\"widget\" data-widget_type=\"heading.default\">\n\t\t\t\t<div class=\"elementor-widget-container\">\n\t\t\t<span id=\"elementor-toc__heading-anchor-5\" class=\"elementor-menu-anchor \"><\/span><h5 class=\"elementor-heading-title elementor-size-default\">Les contingents de promotions pour 2022 &#8211; Mise \u00e0 jour 2023 : en attente<\/h5>\t\t<\/div>\n\t\t\t\t<\/div>\n\t\t\t\t<div class=\"elementor-element elementor-element-26ccb97 elementor-widget elementor-widget-image\" data-id=\"26ccb97\" data-element_type=\"widget\" data-widget_type=\"image.default\">\n\t\t\t\t<div class=\"elementor-widget-container\">\n\t\t\t\t\t\t\t\t\t\t\t\t\t\t\t\t<a href=\"https:\/\/snalc.fr\/wp-content\/uploads\/LA_AGR_contingents_2022.pdf\" target=\"_blank\" rel=\"noopener\">\n\t\t\t\t\t\t\t<img loading=\"lazy\" decoding=\"async\" src=\"https:\/\/snalc.fr\/wp-content\/uploads\/LA_AGR_contingents_2022-879x1024.jpg\" class=\"attachment-large size-large\" alt=\"\" loading=\"lazy\" srcset=\"https:\/\/snalc.fr\/wp-content\/uploads\/LA_AGR_contingents_2022-879x1024.jpg 879w, https:\/\/snalc.fr\/wp-content\/uploads\/LA_AGR_contingents_2022-257x300.jpg 257w, https:\/\/snalc.fr\/wp-content\/uploads\/LA_AGR_contingents_2022-768x895.jpg 768w, https:\/\/snalc.fr\/wp-content\/uploads\/LA_AGR_contingents_2022.jpg 1266w\" sizes=\"auto, (max-width: 800px) 100vw, 800px\" width=\"800\" height=\"932\">\t\t\t\t\t\t\t\t<\/a>\n\t\t\t\t\t\t\t\t\t\t\t\t\t\t\t<\/div>\n\t\t\t\t<\/div>\n\t\t\t\t<div class=\"elementor-element elementor-element-7dd7bb9 elementor-widget-divider--view-line elementor-widget elementor-widget-divider\" data-id=\"7dd7bb9\" data-element_type=\"widget\" data-widget_type=\"divider.default\">\n\t\t\t\t<div class=\"elementor-widget-container\">\n\t\t\t\t\t<div class=\"elementor-divider\">\n\t\t\t<span class=\"elementor-divider-separator\">\n\t\t\t\t\t\t<\/span>\n\t\t<\/div>\n\t\t\t\t<\/div>\n\t\t\t\t<\/div>\n\t\t\t\t\t<\/div>\n\t\t<\/div>\n\t\t\t\t\t\t\t<\/div>\n\t\t<\/section>\n\t\t\t\t<section class=\"elementor-section elementor-top-section elementor-element elementor-element-11ce6c7 elementor-section-boxed elementor-section-height-default elementor-section-height-default\" data-id=\"11ce6c7\" data-element_type=\"section\">\n\t\t\t\t\t\t<div class=\"elementor-container elementor-column-gap-default\">\n\t\t\t\t\t<div class=\"elementor-column elementor-col-100 elementor-top-column elementor-element elementor-element-94b4940\" data-id=\"94b4940\" data-element_type=\"column\">\n\t\t\t<div class=\"elementor-widget-wrap elementor-element-populated\">\n\t\t\t\t\t\t\t\t<div class=\"elementor-element elementor-element-6de5e7d elementor-widget elementor-widget-heading\" data-id=\"6de5e7d\" data-element_type=\"widget\" id=\"suivi\" data-widget_type=\"heading.default\">\n\t\t\t\t<div class=\"elementor-widget-container\">\n\t\t\t<h5 class=\"elementor-heading-title elementor-size-default\">Fiche de suivi syndical<\/h5>\t\t<\/div>\n\t\t\t\t<\/div>\n\t\t\t\t<div class=\"elementor-element elementor-element-2401eb2 elementor-widget elementor-widget-text-editor\" data-id=\"2401eb2\" data-element_type=\"widget\" data-widget_type=\"text-editor.default\">\n\t\t\t\t<div class=\"elementor-widget-container\">\n\t\t\t\t\t\t\t<p>Compl\u00e9tez la fiche de suivi syndical ci-dessous<\/p><p><span style=\"background-color: transparent; font-family: var( --e-global-typography-text-font-family ), Sans-serif; font-weight: var( --e-global-typography-text-font-weight ); color: var( --e-global-color-c94e945 ); letter-spacing: 0px;\">Elle sera transmise \u00e0 vos repr\u00e9sentants acad\u00e9miques du SNALC.<\/span><\/p><p>Pour retrouver les coordonn\u00e9es de votre section acad\u00e9mique du SNALC, cliquez sur <a href=\"http:\/\/snalc.fr\/contact\">snalc.fr\/contact<\/a><\/p>\t\t\t\t\t\t<\/div>\n\t\t\t\t<\/div>\n\t\t\t\t<div class=\"elementor-element elementor-element-25e8b40 elementor-align-center elementor-widget elementor-widget-button\" data-id=\"25e8b40\" data-element_type=\"widget\" data-widget_type=\"button.default\">\n\t\t\t\t<div class=\"elementor-widget-container\">\n\t\t\t\t\t<div class=\"elementor-button-wrapper\">\n\t\t\t<a href=\"https:\/\/oxiforms.com\/?RkLm8\" class=\"elementor-button-link elementor-button elementor-size-sm\" role=\"button\">\n\t\t\t\t\t\t<span class=\"elementor-button-content-wrapper\">\n\t\t\t\t\t\t<span class=\"elementor-button-text\">Remplir la fiche de suivi en ligne<\/span>\n","protected":false},"excerpt":{"rendered":"<p>Sommaire Comment concevoir un nouveau projet professionnel ? Conditions d&rsquo;acc\u00e8s Conseils pour r\u00e9diger votre lettre de motivation Ce que vous avez \u00e0 faire \u00c0 l\u2019issue de la p\u00e9riode de candidature [&hellip;]<\/p>\n","protected":false},"author":1,"featured_media":0,"comment_status":"closed","ping_status":"closed","sticky":false,"template":"","format":"standard","meta":{"_lmt_disableupdate":"","_lmt_disable":"","site-sidebar-layout":"default","site-content-layout":"","ast-site-content-layout":"default","site-content-style":"default","site-sidebar-style":"default","ast-global-header-display":"","ast-banner-title-visibility":"","ast-main-header-display":"","ast-hfb-above-header-display":"","ast-hfb-below-header-display":"","ast-hfb-mobile-header-display":"","site-post-title":"","ast-breadcrumbs-content":"","ast-featured-img":"","footer-sml-layout":"","ast-disable-related-posts":"","theme-transparent-header-meta":"","adv-header-id-meta":"","stick-header-meta":"","header-above-stick-meta":"","header-main-stick-meta":"","header-below-stick-meta":"","astra-migrate-meta-layouts":"default","ast-page-background-enabled":"default","ast-page-background-meta":{"desktop":{"background-color":"var(--ast-global-color-4)","background-image":"","background-repeat":"repeat","background-position":"center center","background-size":"auto","background-attachment":"scroll","background-type":"","background-media":"","overlay-type":"","overlay-color":"","overlay-opacity":"","overlay-gradient":""},"tablet":{"background-color":"","background-image":"","background-repeat":"repeat","background-position":"center center","background-size":"auto","background-attachment":"scroll","background-type":"","background-media":"","overlay-type":"","overlay-color":"","overlay-opacity":"","overlay-gradient":""},"mobile":{"background-color":"","background-image":"","background-repeat":"repeat","background-position":"center center","background-size":"auto","background-attachment":"scroll","background-type":"","background-media":"","overlay-type":"","overlay-color":"","overlay-opacity":"","overlay-gradient":""}},"ast-content-background-meta":{"desktop":{"background-color":"var(--ast-global-color-5)","background-image":"","background-repeat":"repeat","background-position":"center center","background-size":"auto","background-attachment":"scroll","background-type":"","background-media":"","overlay-type":"","overlay-color":"","overlay-opacity":"","overlay-gradient":""},"tablet":{"background-color":"var(--ast-global-color-5)","background-image":"","background-repeat":"repeat","background-position":"center center","background-size":"auto","background-attachment":"scroll","background-type":"","background-media":"","overlay-type":"","overlay-color":"","overlay-opacity":"","overlay-gradient":""},"mobile":{"background-color":"var(--ast-global-color-5)","background-image":"","background-repeat":"repeat","background-position":"center center","background-size":"auto","background-attachment":"scroll","background-type":"","background-media":"","overlay-type":"","overlay-color":"","overlay-opacity":"","overlay-gradient":""}},"footnotes":""},"categories":[31,24,11],"tags":[],"class_list":["post-778","post","type-post","status-publish","format-standard","hentry","category-actualites-2022-2023","category-parcours-carriere","category-professeurs-2nd-degre"],"modified_by":"slecourtier","_links":{"self":[{"href":"https:\/\/snalc.org\/snalc2023\/index.php?rest_route=\/wp\/v2\/posts\/778","targetHints":{"allow":["GET"]}}],"collection":[{"href":"https:\/\/snalc.org\/snalc2023\/index.php?rest_route=\/wp\/v2\/posts"}],"about":[{"href":"https:\/\/snalc.org\/snalc2023\/index.php?rest_route=\/wp\/v2\/types\/post"}],"author":[{"embeddable":true,"href":"https:\/\/snalc.org\/snalc2023\/index.php?rest_route=\/wp\/v2\/users\/1"}],"replies":[{"embeddable":true,"href":"https:\/\/snalc.org\/snalc2023\/index.php?rest_route=%2Fwp%2Fv2%2Fcomments&post=778"}],"version-history":[{"count":1,"href":"https:\/\/snalc.org\/snalc2023\/index.php?rest_route=\/wp\/v2\/posts\/778\/revisions"}],"predecessor-version":[{"id":779,"href":"https:\/\/snalc.org\/snalc2023\/index.php?rest_route=\/wp\/v2\/posts\/778\/revisions\/779"}],"wp:attachment":[{"href":"https:\/\/snalc.org\/snalc2023\/index.php?rest_route=%2Fwp%2Fv2%2Fmedia&parent=778"}],"wp:term":[{"taxonomy":"category","embeddable":true,"href":"https:\/\/snalc.org\/snalc2023\/index.php?rest_route=%2Fwp%2Fv2%2Fcategories&post=778"},{"taxonomy":"post_tag","embeddable":true,"href":"https:\/\/snalc.org\/snalc2023\/index.php?rest_route=%2Fwp%2Fv2%2Ftags&post=778"}],"curies":[{"name":"wp","href":"https:\/\/api.w.org\/{rel}","templated":true}]}}