{"id":781,"date":"2023-01-04T12:53:21","date_gmt":"2023-01-04T11:53:21","guid":{"rendered":"https:\/\/snalc.org\/snalc2023\/?p=781"},"modified":"2023-01-04T12:53:24","modified_gmt":"2023-01-04T11:53:24","slug":"revalorisation-college-on-ny-comprend-plus-rien","status":"publish","type":"post","link":"https:\/\/snalc.org\/snalc2023\/?p=781","title":{"rendered":"Revalorisation, coll\u00e8ge\u00a0: on n\u2019y comprend plus rien"},"content":{"rendered":"\n<img loading=\"lazy\" decoding=\"async\" src=\"https:\/\/snalc.fr\/wp-content\/uploads\/incomprehension_istock_Mariia-Demchenko-1365826430.jpg\" class=\"attachment-full size-full\" alt=\"\" loading=\"lazy\" srcset=\"https:\/\/snalc.fr\/wp-content\/uploads\/incomprehension_istock_Mariia-Demchenko-1365826430.jpg 749w, https:\/\/snalc.fr\/wp-content\/uploads\/incomprehension_istock_Mariia-Demchenko-1365826430-300x204.jpg 300w\" sizes=\"auto, (max-width: 749px) 100vw, 749px\" width=\"749\" height=\"510\">\t\t\t\t\t\t\t\t\t\t\t<figcaption class=\"widget-image-caption wp-caption-text\">\u00a9 istock_Mariia-Demchenko-1365826430<\/figcaption>\n\t\t\t\t\t\t\t\t\t\t<\/figure>\n\t\t\t\t\t\t\t\t\t<\/div>\n\t\t\t\t<\/div>\n\t\t\t\t<div class=\"elementor-element elementor-element-2987e2d0 elementor-widget elementor-widget-theme-post-content\" data-id=\"2987e2d0\" data-element_type=\"widget\" data-widget_type=\"theme-post-content.default\">\n\t\t\t\t<div class=\"elementor-widget-container\">\n\t\t\t\t\t<div data-elementor-type=\"wp-post\" data-elementor-id=\"23133\" class=\"elementor elementor-23133\">\n\t\t\t\t\t\t\t\t\t<section class=\"elementor-section elementor-top-section elementor-element elementor-element-1a2053d elementor-section-boxed elementor-section-height-default elementor-section-height-default\" data-id=\"1a2053d\" data-element_type=\"section\">\n\t\t\t\t\t\t<div class=\"elementor-container elementor-column-gap-default\">\n\t\t\t\t\t<div class=\"elementor-column elementor-col-100 elementor-top-column elementor-element elementor-element-f6e9fed\" data-id=\"f6e9fed\" data-element_type=\"column\">\n\t\t\t<div class=\"elementor-widget-wrap elementor-element-populated\">\n\t\t\t\t\t\t\t\t<div class=\"elementor-element elementor-element-b1122cd elementor-widget elementor-widget-text-editor\" data-id=\"b1122cd\" data-element_type=\"widget\" data-widget_type=\"text-editor.default\">\n\t\t\t\t<div class=\"elementor-widget-container\">\n\t\t\t\t\t\t\t<p>Le <strong>SNALC<\/strong> a \u00e9cout\u00e9 le propos du ministre ce matin.<\/p><p>Sur la revalorisation, le ministre a parl\u00e9 d\u2019une \u00ab&nbsp;augmentation socle pour tous les enseignants&nbsp;\u00bb, contredisant ce qu\u2019il avait exprim\u00e9 le 16 octobre dernier (\u00ab&nbsp;les 20 \u00e0 25 premi\u00e8res ann\u00e9es de carri\u00e8re&nbsp;\u00bb). Il est temps que le minist\u00e8re arr\u00eate de faire de la com\u2019 sur cette pseudo-revalorisation et entre dans le r\u00e9el des chiffres. Le <strong>SNALC<\/strong> rappelle qu\u2019il d\u00e9fend un rattrapage salarial pour tous sans contrepartie, l\u2019abandon du pacte et une revalorisation pluriannuelle. Le budget de 2023 est en effet tr\u00e8s loin de permettre de payer les personnels \u00e0 leur juste valeur.<\/p><p>Alors que le ministre avait d\u00e9clar\u00e9 au <strong>SNALC<\/strong> \u00e0 la rentr\u00e9e de septembre vouloir faire une r\u00e9forme structurelle du coll\u00e8ge, le <strong>SNALC<\/strong> ne saisit pas bien l\u2019usine \u00e0 gaz qu\u2019on est en train de monter pour mettre en place une heure d\u2019accompagnement en fran\u00e7ais OU en math\u00e9matiques en classe de sixi\u00e8me. Cette heure est-elle financ\u00e9e en plus, ou bien retire-t-on quelque chose de l\u2019emploi du temps pour la mettre en place ?<\/p><p>Le <strong>SNALC<\/strong> rappelle qu\u2019il demande en sixi\u00e8me une heure de fran\u00e7ais ET une heure de math\u00e9matiques en plus, avec les moyens permettant de faire des groupes \u00e0 effectifs r\u00e9duits, assur\u00e9es par les professeurs du coll\u00e8ge et non par des professeurs des \u00e9coles, qui ne sont pas demandeurs. Alors m\u00eame que le ministre a dress\u00e9 un constat plut\u00f4t objectif de la situation tr\u00e8s d\u00e9grad\u00e9e sur le niveau scolaire de nos \u00e9l\u00e8ves, appuy\u00e9 sur les \u00e9tudes de la DEPP<a href=\"#_ftn1\" name=\"_ftnref1\">[1]<\/a> , les r\u00e9ponses propos\u00e9es ne nous semblent pas \u00e0 la hauteur, et ne prennent pas en compte les classes surcharg\u00e9es ni les difficult\u00e9s d\u2019exercice du m\u00e9tier.<\/p><p>Le <strong>SNALC<\/strong> note au passage qu\u2019on ne perd pas les mauvaises habitudes \u00e0 l\u2019\u00c9ducation nationale, puisqu\u2019une fois encore, une \u00ab&nbsp;exp\u00e9rimentation&nbsp;\u00bb (la sixi\u00e8me tremplin dans l\u2019acad\u00e9mie d\u2019Amiens) est g\u00e9n\u00e9ralis\u00e9e avant d\u2019\u00eatre \u00e9valu\u00e9e, et qui plus est avec des \u00ab&nbsp;modalit\u00e9s diff\u00e9rentes&nbsp;\u00bb (donc probablement au rabais).<\/p><p>&nbsp;<\/p><hr><p><em><a href=\"#_ftnref1\" name=\"_ftn1\">[1]<\/a> &nbsp;Direction de l\u2019\u00c9valuation, de la Prospective et de la Performance<\/em><\/p><p>&nbsp;<\/p><p>&nbsp;<\/p>\t\t\t\t\t\t<\/div>\n\t\t\t\t<\/div>\n\t\t\t\t\t<\/div>\n\t\t<\/div>\n\t\t\t\t\t\t\t<\/div>\n\t\t<\/section>\n\t\t\t\t<section class=\"elementor-section elementor-top-section elementor-element elementor-element-6dc2eff elementor-section-boxed elementor-section-height-default elementor-section-height-default\" data-id=\"6dc2eff\" data-element_type=\"section\">\n\t\t\t\t\t\t<div class=\"elementor-container elementor-column-gap-default\">\n\t\t\t\t\t<div class=\"elementor-column elementor-col-100 elementor-top-column elementor-element elementor-element-3bef8c4\" data-id=\"3bef8c4\" data-element_type=\"column\">\n\t\t\t<div class=\"elementor-widget-wrap elementor-element-populated\">\n\t\t\t\t\t\t\t\t<div class=\"elementor-element elementor-element-536417c elementor-align-center elementor-widget elementor-widget-button\" data-id=\"536417c\" data-element_type=\"widget\" data-widget_type=\"button.default\">\n\t\t\t\t<div class=\"elementor-widget-container\">\n\t\t\t\t\t<div class=\"elementor-button-wrapper\">\n\t\t\t<a href=\"https:\/\/snalc.fr\/wp-content\/uploads\/20230104_compresse_revalo_college.pdf\" class=\"elementor-button-link elementor-button elementor-size-sm\" role=\"button\">\n\t\t\t\t\t\t<span class=\"elementor-button-content-wrapper\">\n\t\t\t\t\t\t\t<span class=\"elementor-button-icon elementor-align-icon-left\">\n\t\t\t\t<i aria-hidden=\"true\" class=\"fas fa-file-download\"><\/i>\t\t\t<\/span>\n\t\t\t\t\t\t<span class=\"elementor-button-text\">T\u00e9l\u00e9charger<\/span>\n","protected":false},"excerpt":{"rendered":"<p>\u00a9 istock_Mariia-Demchenko-1365826430 Le SNALC a \u00e9cout\u00e9 le propos du ministre ce matin. Sur la revalorisation, le ministre a parl\u00e9 d\u2019une \u00ab&nbsp;augmentation socle pour tous les enseignants&nbsp;\u00bb, contredisant ce qu\u2019il avait [&hellip;]<\/p>\n","protected":false},"author":1,"featured_media":0,"comment_status":"closed","ping_status":"closed","sticky":false,"template":"","format":"standard","meta":{"_lmt_disableupdate":"","_lmt_disable":"","site-sidebar-layout":"default","site-content-layout":"","ast-site-content-layout":"default","site-content-style":"default","site-sidebar-style":"default","ast-global-header-display":"","ast-banner-title-visibility":"","ast-main-header-display":"","ast-hfb-above-header-display":"","ast-hfb-below-header-display":"","ast-hfb-mobile-header-display":"","site-post-title":"","ast-breadcrumbs-content":"","ast-featured-img":"","footer-sml-layout":"","ast-disable-related-posts":"","theme-transparent-header-meta":"","adv-header-id-meta":"","stick-header-meta":"","header-above-stick-meta":"","header-main-stick-meta":"","header-below-stick-meta":"","astra-migrate-meta-layouts":"default","ast-page-background-enabled":"default","ast-page-background-meta":{"desktop":{"background-color":"var(--ast-global-color-4)","background-image":"","background-repeat":"repeat","background-position":"center center","background-size":"auto","background-attachment":"scroll","background-type":"","background-media":"","overlay-type":"","overlay-color":"","overlay-opacity":"","overlay-gradient":""},"tablet":{"background-color":"","background-image":"","background-repeat":"repeat","background-position":"center center","background-size":"auto","background-attachment":"scroll","background-type":"","background-media":"","overlay-type":"","overlay-color":"","overlay-opacity":"","overlay-gradient":""},"mobile":{"background-color":"","background-image":"","background-repeat":"repeat","background-position":"center center","background-size":"auto","background-attachment":"scroll","background-type":"","background-media":"","overlay-type":"","overlay-color":"","overlay-opacity":"","overlay-gradient":""}},"ast-content-background-meta":{"desktop":{"background-color":"var(--ast-global-color-5)","background-image":"","background-repeat":"repeat","background-position":"center center","background-size":"auto","background-attachment":"scroll","background-type":"","background-media":"","overlay-type":"","overlay-color":"","overlay-opacity":"","overlay-gradient":""},"tablet":{"background-color":"var(--ast-global-color-5)","background-image":"","background-repeat":"repeat","background-position":"center center","background-size":"auto","background-attachment":"scroll","background-type":"","background-media":"","overlay-type":"","overlay-color":"","overlay-opacity":"","overlay-gradient":""},"mobile":{"background-color":"var(--ast-global-color-5)","background-image":"","background-repeat":"repeat","background-position":"center center","background-size":"auto","background-attachment":"scroll","background-type":"","background-media":"","overlay-type":"","overlay-color":"","overlay-opacity":"","overlay-gradient":""}},"footnotes":""},"categories":[31],"tags":[],"class_list":["post-781","post","type-post","status-publish","format-standard","hentry","category-actualites-2022-2023"],"modified_by":"slecourtier","_links":{"self":[{"href":"https:\/\/snalc.org\/snalc2023\/index.php?rest_route=\/wp\/v2\/posts\/781","targetHints":{"allow":["GET"]}}],"collection":[{"href":"https:\/\/snalc.org\/snalc2023\/index.php?rest_route=\/wp\/v2\/posts"}],"about":[{"href":"https:\/\/snalc.org\/snalc2023\/index.php?rest_route=\/wp\/v2\/types\/post"}],"author":[{"embeddable":true,"href":"https:\/\/snalc.org\/snalc2023\/index.php?rest_route=\/wp\/v2\/users\/1"}],"replies":[{"embeddable":true,"href":"https:\/\/snalc.org\/snalc2023\/index.php?rest_route=%2Fwp%2Fv2%2Fcomments&post=781"}],"version-history":[{"count":1,"href":"https:\/\/snalc.org\/snalc2023\/index.php?rest_route=\/wp\/v2\/posts\/781\/revisions"}],"predecessor-version":[{"id":782,"href":"https:\/\/snalc.org\/snalc2023\/index.php?rest_route=\/wp\/v2\/posts\/781\/revisions\/782"}],"wp:attachment":[{"href":"https:\/\/snalc.org\/snalc2023\/index.php?rest_route=%2Fwp%2Fv2%2Fmedia&parent=781"}],"wp:term":[{"taxonomy":"category","embeddable":true,"href":"https:\/\/snalc.org\/snalc2023\/index.php?rest_route=%2Fwp%2Fv2%2Fcategories&post=781"},{"taxonomy":"post_tag","embeddable":true,"href":"https:\/\/snalc.org\/snalc2023\/index.php?rest_route=%2Fwp%2Fv2%2Ftags&post=781"}],"curies":[{"name":"wp","href":"https:\/\/api.w.org\/{rel}","templated":true}]}}