{"id":805,"date":"2023-01-08T17:38:14","date_gmt":"2023-01-08T16:38:14","guid":{"rendered":"https:\/\/snalc.org\/snalc2023\/?p=805"},"modified":"2023-01-08T17:38:17","modified_gmt":"2023-01-08T16:38:17","slug":"lintersyndicale-determinee-a-exiger-le-retrait-du-projet-de-reforme-des-lycees-professionnels","status":"publish","type":"post","link":"https:\/\/snalc.org\/snalc2023\/?p=805","title":{"rendered":"L\u2019intersyndicale d\u00e9termin\u00e9e \u00e0 exiger le retrait du projet de r\u00e9forme des lyc\u00e9es professionnels"},"content":{"rendered":"\n\t\t\t\t<\/span>\n\t\t\t\t\t<\/span>\n\t\t\t\t\t\t\t\t<\/li>\n\t\t\t\t<\/ul>\n\t\t\t\t<\/div>\n\t\t\t\t<\/div>\n\t\t\t\t<div class=\"elementor-element elementor-element-57213923 elementor-widget elementor-widget-theme-post-featured-image elementor-widget-image\" data-id=\"57213923\" data-element_type=\"widget\" data-widget_type=\"theme-post-featured-image.default\">\n\t\t\t\t<div class=\"elementor-widget-container\">\n\t\t\t\t\t\t\t\t\t\t\t\t<figure class=\"wp-caption\">\n\t\t\t\t\t\t\t\t\t\t<img loading=\"lazy\" decoding=\"async\" src=\"https:\/\/snalc.fr\/wp-content\/uploads\/rejet_reforme_LP_SNALC.jpg\" class=\"attachment-full size-full\" alt=\"\" loading=\"lazy\" srcset=\"https:\/\/snalc.fr\/wp-content\/uploads\/rejet_reforme_LP_SNALC.jpg 851w, https:\/\/snalc.fr\/wp-content\/uploads\/rejet_reforme_LP_SNALC-300x227.jpg 300w, https:\/\/snalc.fr\/wp-content\/uploads\/rejet_reforme_LP_SNALC-768x580.jpg 768w\" sizes=\"auto, (max-width: 851px) 100vw, 851px\" width=\"851\" height=\"643\">\t\t\t\t\t\t\t\t\t\t\t<figcaption class=\"widget-image-caption wp-caption-text\">\u00a9 SNALC<\/figcaption>\n\t\t\t\t\t\t\t\t\t\t<\/figure>\n\t\t\t\t\t\t\t\t\t<\/div>\n\t\t\t\t<\/div>\n\t\t\t\t<div class=\"elementor-element elementor-element-2987e2d0 elementor-widget elementor-widget-theme-post-content\" data-id=\"2987e2d0\" data-element_type=\"widget\" data-widget_type=\"theme-post-content.default\">\n\t\t\t\t<div class=\"elementor-widget-container\">\n\t\t\t\t\t<div data-elementor-type=\"wp-post\" data-elementor-id=\"23176\" class=\"elementor elementor-23176\">\n\t\t\t\t\t\t\t\t\t<section class=\"elementor-section elementor-top-section elementor-element elementor-element-047faa1 elementor-section-boxed elementor-section-height-default elementor-section-height-default\" data-id=\"047faa1\" data-element_type=\"section\">\n\t\t\t\t\t\t<div class=\"elementor-container elementor-column-gap-default\">\n\t\t\t\t\t<div class=\"elementor-column elementor-col-100 elementor-top-column elementor-element elementor-element-1a736fd\" data-id=\"1a736fd\" data-element_type=\"column\">\n\t\t\t<div class=\"elementor-widget-wrap elementor-element-populated\">\n\t\t\t\t\t\t\t\t<div class=\"elementor-element elementor-element-8c0cba6 elementor-widget elementor-widget-image\" data-id=\"8c0cba6\" data-element_type=\"widget\" data-widget_type=\"image.default\">\n\t\t\t\t<div class=\"elementor-widget-container\">\n\t\t\t\t\t\t\t\t\t\t\t\t\t\t\t<img loading=\"lazy\" decoding=\"async\" src=\"https:\/\/snalc.fr\/wp-content\/uploads\/bandeau_IS_voiepro_20230106-1024x179.jpg\" class=\"attachment-large size-large\" alt=\"\" loading=\"lazy\" srcset=\"https:\/\/snalc.fr\/wp-content\/uploads\/bandeau_IS_voiepro_20230106-1024x179.jpg 1024w, https:\/\/snalc.fr\/wp-content\/uploads\/bandeau_IS_voiepro_20230106-300x53.jpg 300w, https:\/\/snalc.fr\/wp-content\/uploads\/bandeau_IS_voiepro_20230106-768x135.jpg 768w, https:\/\/snalc.fr\/wp-content\/uploads\/bandeau_IS_voiepro_20230106-1536x269.jpg 1536w, https:\/\/snalc.fr\/wp-content\/uploads\/bandeau_IS_voiepro_20230106.jpg 1827w\" sizes=\"auto, (max-width: 800px) 100vw, 800px\" width=\"800\" height=\"140\">\t\t\t\t\t\t\t\t\t\t\t\t\t\t\t<\/div>\n\t\t\t\t<\/div>\n\t\t\t\t\t<\/div>\n\t\t<\/div>\n\t\t\t\t\t\t\t<\/div>\n\t\t<\/section>\n\t\t\t\t<section class=\"elementor-section elementor-top-section elementor-element elementor-element-8aa0a6e elementor-section-boxed elementor-section-height-default elementor-section-height-default\" data-id=\"8aa0a6e\" data-element_type=\"section\">\n\t\t\t\t\t\t<div class=\"elementor-container elementor-column-gap-default\">\n\t\t\t\t\t<div class=\"elementor-column elementor-col-100 elementor-top-column elementor-element elementor-element-8ca56bb\" data-id=\"8ca56bb\" data-element_type=\"column\">\n\t\t\t<div class=\"elementor-widget-wrap elementor-element-populated\">\n\t\t\t\t\t\t\t\t<div class=\"elementor-element elementor-element-3140b1d elementor-widget elementor-widget-text-editor\" data-id=\"3140b1d\" data-element_type=\"widget\" data-widget_type=\"text-editor.default\">\n\t\t\t\t<div class=\"elementor-widget-container\">\n\t\t\t\t\t\t\t<p>Les mobilisations des personnels ont oblig\u00e9 Carole Grandjean \u00e0 un premier recul : la r\u00e9forme ne s\u2019appliquera pas \u00e0 l\u2019ensemble des \u00e9tablissements \u00e0 la rentr\u00e9e 2023. Cependant, elle ne renonce pas et tente dor\u00e9navant de l\u2019imposer plus insidieusement par des exp\u00e9rimentations qu\u2019elle g\u00e9n\u00e9ralisera, \u00e0 coup s\u00fbr, sans bilan et rapidement malgr\u00e9 une contestation toujours vive des personnels. Olivier V\u00e9ran, porte-parole du gouvernement, a d\u2019ailleurs r\u00e9affirm\u00e9 le 21 d\u00e9cembre dernier que le gouvernement avait engag\u00e9 une r\u00e9forme du lyc\u00e9e professionnel. Carole Grandjean est donc toujours d\u00e9termin\u00e9e \u00e0 sacrifier l\u2019avenir des jeunes, de nos m\u00e9tiers et de nos lyc\u00e9es professionnels \u2013 quitte \u00e0 contourner le dialogue social en ayant recours \u00e0 des cabinets de conseil malgr\u00e9 les scandales.<\/p><p>Les pr\u00e9conisations qu\u2019elle doit \u00e9mettre en f\u00e9vrier seront bas\u00e9es sur un bilan compl\u00e8tement tronqu\u00e9 de la r\u00e9forme Blanquer qui affirme, en particulier, que le chef-d\u2019\u0153uvre est un dispositif \u00ab <em>structurant au r\u00e9sultat encourageant <\/em>\u00bb et sur des postures extr\u00eamement r\u00e9actionnaires de la formation professionnelle des jeunes. Augmenter les p\u00e9riodes de stages, m\u00eame progressivement, comme d\u00e9velopper \u00e0 tout crin l\u2019apprentissage, c\u2019est tout simplement priver les \u00e9l\u00e8ves, mineurs et les plus fragiles scolairement, d\u2019un enseignement global et ambitieux. C\u2019est mettre en p\u00e9ril leur avenir scolaire comme professionnel. C\u2019est aussi les exposer aux dangers multiples, en particulier de s\u00e9curit\u00e9, inh\u00e9rents au monde du travail. Exiger des \u00e9tablissements qu\u2019ils d\u00e9cident localement des horaires disciplinaires c\u2019est aussi mettre \u00e0 mal l\u2019\u00e9galit\u00e9 entre les jeunes. Enfin, r\u00e9viser la carte des formations au prisme des besoins \u00e9conomiques locaux et imm\u00e9diats des entreprises, c\u2019est entraver leur possibilit\u00e9 de choisir la formation \u00e0 un m\u00e9tier de leur choix. Il s\u2019agit d\u2019une volont\u00e9 r\u00e9actionnaire qui projette de renvoyer la formation professionnelle des d\u00e9cennies en arri\u00e8re.<\/p><p>Carole Grandjean d\u00e9cide donc bien de m\u00e9priser la col\u00e8re des personnels et de passer outre leur expertise. Pour mener \u00e0 bien ce projet d\u00e9vastateur, elle envisage aussi de d\u00e9truire nos m\u00e9tiers pr\u00f4nant notamment un vaste plan de reconversion des enseignantes et enseignants et le recrutement massif de professeurs associ\u00e9s. En parall\u00e8le, le minist\u00e8re s\u2019obstine \u00e0 vouloir imposer son \u00ab pacte \u00bb \u2013 dispositif qui revient \u00e0 conditionner une valorisation du pouvoir d\u2019achat \u00e0 des missions suppl\u00e9mentaires r\u00e9v\u00e9lant ainsi son m\u00e9pris pour nos conditions de travail d\u00e9j\u00e0 d\u00e9grad\u00e9es. Quant \u00e0 la r\u00e9forme des retraites men\u00e9e \u00e0 marche forc\u00e9e par le gouvernement contre l\u2019avis des salari\u00e9.es, elle participe de cette m\u00eame logique du travailler plus !<\/p><p>Face \u00e0 l\u2019ensemble de ces attaques, l\u2019intersyndicale est d\u00e9termin\u00e9e \u00e0 ne rien laisser passer. Elle combattra la r\u00e9forme des retraites et s\u2019engagera dans les luttes pour de v\u00e9ritables revalorisations salariales. L\u2019intersyndicale soutient les personnels en lutte pour sauver les lyc\u00e9es menac\u00e9s de fermetures et ne l\u00e2chera rien non plus sur la r\u00e9forme Grandjean des lyc\u00e9es professionnels. Elle s\u2019engage \u00e0 construire, ici aussi, les mobilisations indispensables pour emp\u00eacher la mise en place des exp\u00e9rimentations Grandjean et obtenir le retrait de ce projet d\u00e9vastateur pour l\u2019avenir des jeunes, de nos m\u00e9tiers et de nos lyc\u00e9es professionnels.<\/p>\n","protected":false},"excerpt":{"rendered":"<p>\u00a9 SNALC Les mobilisations des personnels ont oblig\u00e9 Carole Grandjean \u00e0 un premier recul : la r\u00e9forme ne s\u2019appliquera pas \u00e0 l\u2019ensemble des \u00e9tablissements \u00e0 la rentr\u00e9e 2023. Cependant, elle [&hellip;]<\/p>\n","protected":false},"author":1,"featured_media":0,"comment_status":"closed","ping_status":"closed","sticky":false,"template":"","format":"standard","meta":{"_lmt_disableupdate":"","_lmt_disable":"","site-sidebar-layout":"default","site-content-layout":"","ast-site-content-layout":"default","site-content-style":"default","site-sidebar-style":"default","ast-global-header-display":"","ast-banner-title-visibility":"","ast-main-header-display":"","ast-hfb-above-header-display":"","ast-hfb-below-header-display":"","ast-hfb-mobile-header-display":"","site-post-title":"","ast-breadcrumbs-content":"","ast-featured-img":"","footer-sml-layout":"","ast-disable-related-posts":"","theme-transparent-header-meta":"","adv-header-id-meta":"","stick-header-meta":"","header-above-stick-meta":"","header-main-stick-meta":"","header-below-stick-meta":"","astra-migrate-meta-layouts":"default","ast-page-background-enabled":"default","ast-page-background-meta":{"desktop":{"background-color":"var(--ast-global-color-4)","background-image":"","background-repeat":"repeat","background-position":"center center","background-size":"auto","background-attachment":"scroll","background-type":"","background-media":"","overlay-type":"","overlay-color":"","overlay-opacity":"","overlay-gradient":""},"tablet":{"background-color":"","background-image":"","background-repeat":"repeat","background-position":"center center","background-size":"auto","background-attachment":"scroll","background-type":"","background-media":"","overlay-type":"","overlay-color":"","overlay-opacity":"","overlay-gradient":""},"mobile":{"background-color":"","background-image":"","background-repeat":"repeat","background-position":"center center","background-size":"auto","background-attachment":"scroll","background-type":"","background-media":"","overlay-type":"","overlay-color":"","overlay-opacity":"","overlay-gradient":""}},"ast-content-background-meta":{"desktop":{"background-color":"var(--ast-global-color-5)","background-image":"","background-repeat":"repeat","background-position":"center center","background-size":"auto","background-attachment":"scroll","background-type":"","background-media":"","overlay-type":"","overlay-color":"","overlay-opacity":"","overlay-gradient":""},"tablet":{"background-color":"var(--ast-global-color-5)","background-image":"","background-repeat":"repeat","background-position":"center center","background-size":"auto","background-attachment":"scroll","background-type":"","background-media":"","overlay-type":"","overlay-color":"","overlay-opacity":"","overlay-gradient":""},"mobile":{"background-color":"var(--ast-global-color-5)","background-image":"","background-repeat":"repeat","background-position":"center center","background-size":"auto","background-attachment":"scroll","background-type":"","background-media":"","overlay-type":"","overlay-color":"","overlay-opacity":"","overlay-gradient":""}},"footnotes":""},"categories":[31],"tags":[],"class_list":["post-805","post","type-post","status-publish","format-standard","hentry","category-actualites-2022-2023"],"modified_by":"slecourtier","_links":{"self":[{"href":"https:\/\/snalc.org\/snalc2023\/index.php?rest_route=\/wp\/v2\/posts\/805","targetHints":{"allow":["GET"]}}],"collection":[{"href":"https:\/\/snalc.org\/snalc2023\/index.php?rest_route=\/wp\/v2\/posts"}],"about":[{"href":"https:\/\/snalc.org\/snalc2023\/index.php?rest_route=\/wp\/v2\/types\/post"}],"author":[{"embeddable":true,"href":"https:\/\/snalc.org\/snalc2023\/index.php?rest_route=\/wp\/v2\/users\/1"}],"replies":[{"embeddable":true,"href":"https:\/\/snalc.org\/snalc2023\/index.php?rest_route=%2Fwp%2Fv2%2Fcomments&post=805"}],"version-history":[{"count":1,"href":"https:\/\/snalc.org\/snalc2023\/index.php?rest_route=\/wp\/v2\/posts\/805\/revisions"}],"predecessor-version":[{"id":806,"href":"https:\/\/snalc.org\/snalc2023\/index.php?rest_route=\/wp\/v2\/posts\/805\/revisions\/806"}],"wp:attachment":[{"href":"https:\/\/snalc.org\/snalc2023\/index.php?rest_route=%2Fwp%2Fv2%2Fmedia&parent=805"}],"wp:term":[{"taxonomy":"category","embeddable":true,"href":"https:\/\/snalc.org\/snalc2023\/index.php?rest_route=%2Fwp%2Fv2%2Fcategories&post=805"},{"taxonomy":"post_tag","embeddable":true,"href":"https:\/\/snalc.org\/snalc2023\/index.php?rest_route=%2Fwp%2Fv2%2Ftags&post=805"}],"curies":[{"name":"wp","href":"https:\/\/api.w.org\/{rel}","templated":true}]}}