{"id":829,"date":"2023-01-09T20:06:46","date_gmt":"2023-01-09T19:06:46","guid":{"rendered":"https:\/\/snalc.org\/snalc2023\/?p=829"},"modified":"2023-01-09T20:06:53","modified_gmt":"2023-01-09T19:06:53","slug":"aed-et-aesh-une-hausse-salariale-contrainte-et-forcee","status":"publish","type":"post","link":"https:\/\/snalc.org\/snalc2023\/?p=829","title":{"rendered":"AED et AESH : une hausse salariale contrainte et forc\u00e9e"},"content":{"rendered":"\n\t\t\t\t<\/span>\n\t\t\t\t\t<\/span>\n\t\t\t\t\t\t\t\t<\/li>\n\t\t\t\t<\/ul>\n\t\t\t\t<\/div>\n\t\t\t\t<\/div>\n\t\t\t\t<div class=\"elementor-element elementor-element-57213923 elementor-widget elementor-widget-theme-post-featured-image elementor-widget-image\" data-id=\"57213923\" data-element_type=\"widget\" data-widget_type=\"theme-post-featured-image.default\">\n\t\t\t\t<div class=\"elementor-widget-container\">\n\t\t\t\t\t\t\t\t\t\t\t\t<figure class=\"wp-caption\">\n\t\t\t\t\t\t\t\t\t\t<img loading=\"lazy\" decoding=\"async\" src=\"https:\/\/snalc.fr\/wp-content\/uploads\/argent_istock_Dmytro-Lastovych-654636444.jpg\" class=\"attachment-full size-full\" alt=\"\" loading=\"lazy\" srcset=\"https:\/\/snalc.fr\/wp-content\/uploads\/argent_istock_Dmytro-Lastovych-654636444.jpg 636w, https:\/\/snalc.fr\/wp-content\/uploads\/argent_istock_Dmytro-Lastovych-654636444-300x210.jpg 300w\" sizes=\"auto, (max-width: 636px) 100vw, 636px\" width=\"636\" height=\"446\">\t\t\t\t\t\t\t\t\t\t\t<figcaption class=\"widget-image-caption wp-caption-text\">\u00a9 _istock_Dmytro-Lastovych-654636444<\/figcaption>\n\t\t\t\t\t\t\t\t\t\t<\/figure>\n\t\t\t\t\t\t\t\t\t<\/div>\n\t\t\t\t<\/div>\n\t\t\t\t<div class=\"elementor-element elementor-element-2987e2d0 elementor-widget elementor-widget-theme-post-content\" data-id=\"2987e2d0\" data-element_type=\"widget\" data-widget_type=\"theme-post-content.default\">\n\t\t\t\t<div class=\"elementor-widget-container\">\n\t\t\t\t\t<div data-elementor-type=\"wp-post\" data-elementor-id=\"23337\" class=\"elementor elementor-23337\">\n\t\t\t\t\t\t\t\t\t<section class=\"elementor-section elementor-top-section elementor-element elementor-element-dfab67b elementor-section-boxed elementor-section-height-default elementor-section-height-default\" data-id=\"dfab67b\" data-element_type=\"section\">\n\t\t\t\t\t\t<div class=\"elementor-container elementor-column-gap-default\">\n\t\t\t\t\t<div class=\"elementor-column elementor-col-100 elementor-top-column elementor-element elementor-element-00ff5c7\" data-id=\"00ff5c7\" data-element_type=\"column\">\n\t\t\t<div class=\"elementor-widget-wrap elementor-element-populated\">\n\t\t\t\t\t\t\t\t<div class=\"elementor-element elementor-element-85d4f5b elementor-widget elementor-widget-text-editor\" data-id=\"85d4f5b\" data-element_type=\"widget\" data-widget_type=\"text-editor.default\">\n\t\t\t\t<div class=\"elementor-widget-container\">\n\t\t\t\t\t\t\t<p><strong>\u00c0 compter du 1er janvier&nbsp;2023, les AED et la&nbsp;plupart des AESH en&nbsp;CDD, \u00e0 temps complet,&nbsp;conna\u00eetront une hausse&nbsp;de leur r\u00e9mun\u00e9ration brute de&nbsp;4,85 \u20ac, puisque l\u2019indice plancher&nbsp;passera de 352 \u00e0 353<\/strong> (1)<strong>,&nbsp;en raison de l\u2019augmentation du&nbsp;SMIC horaire brut \u00e0 cette date<\/strong> (2).&nbsp;<\/p><p>En revanche, pas d\u2019augmentation&nbsp;salariale pour les AESH et&nbsp;les AED en CDI (les indices major\u00e9s&nbsp;appliqu\u00e9s \u00e9tant sup\u00e9rieurs&nbsp;\u00e0 l\u2019indice plancher), ce qui provoquera&nbsp;automatiquement pour&nbsp;ces agents une nouvelle baisse&nbsp;de leur pouvoir d\u2019achat.&nbsp;<\/p><p>L\u2019\u00c9ducation nationale a d\u00fb&nbsp;se mettre en conformit\u00e9 avec&nbsp;l\u2019obligation r\u00e9glementaire : la&nbsp;r\u00e9mun\u00e9ration des AESH et AED&nbsp;ne peut \u00eatre inf\u00e9rieure au traitement&nbsp;indiciaire correspondant&nbsp;au SMIC.&nbsp;<\/p><p>L\u2019\u00e9crasement de la grille indiciaire&nbsp;des AESH, amorc\u00e9 en&nbsp;octobre 2021, se poursuit donc&nbsp;en janvier 2023 : 6 ans sans le&nbsp;moindre avancement et seulement&nbsp;2 points d\u2019indice s\u00e9parent&nbsp;une ou un AESH nouvellement&nbsp;recrut\u00e9(e) d\u2019une ou d\u2019un AESH en CDI depuis moins de 3 ans,&nbsp;soit un diff\u00e9rentiel mensuel brut&nbsp;de 9,70 \u20ac pour un temps plein&nbsp;(6 \u20ac pour un 62 %) !&nbsp;<\/p><p>Quant aux AED, l\u2019\u00e9cart entre&nbsp;les agents en CDD (traitement&nbsp;aff\u00e9rent \u00e0 l\u2019indice major\u00e9 353&nbsp;au lieu de 352) et ceux en CDI&nbsp;(indice major\u00e9 362) passera&nbsp;de 48,50 \u20ac \u00e0 43,65 \u20ac, pour un&nbsp;temps complet.&nbsp;<\/p><p>La hausse de 3,5% du point&nbsp;d\u2019indice au 1er juillet 2022 a \u00e9t\u00e9&nbsp;bien insuffisante par rapport au rythme de l\u2019inflation, non seulement&nbsp;pour maintenir le pouvoir&nbsp;d\u2019achat mais \u00e9galement pour&nbsp;envisager une revalorisation&nbsp;salariale de tous les AED et&nbsp;AESH, personnels essentiels au&nbsp;fonctionnement de l\u2019institution !&nbsp;<\/p><p>Par cons\u00e9quent, le SNALC r\u00e9it\u00e8re&nbsp;sa demande au minist\u00e8re&nbsp;de convoquer urgemment des&nbsp;groupes de travail pour une&nbsp;refonte de la grille indiciaire&nbsp;des AESH et la cr\u00e9ation d\u2019une&nbsp;grille de r\u00e9mun\u00e9ration pour les&nbsp;AED&nbsp;<\/p>\t\t\t\t\t\t<\/div>\n\t\t\t\t<\/div>\n\t\t\t\t<div class=\"elementor-element elementor-element-1f7de99 elementor-widget elementor-widget-image\" data-id=\"1f7de99\" data-element_type=\"widget\" data-widget_type=\"image.default\">\n\t\t\t\t<div class=\"elementor-widget-container\">\n\t\t\t\t\t\t\t\t\t\t\t\t\t\t\t<img loading=\"lazy\" decoding=\"async\" src=\"https:\/\/snalc.fr\/wp-content\/uploads\/QU1472_AED_AESH_grilles.jpg\" class=\"attachment-large size-large\" alt=\"\" loading=\"lazy\" srcset=\"https:\/\/snalc.fr\/wp-content\/uploads\/QU1472_AED_AESH_grilles.jpg 959w, https:\/\/snalc.fr\/wp-content\/uploads\/QU1472_AED_AESH_grilles-300x174.jpg 300w, https:\/\/snalc.fr\/wp-content\/uploads\/QU1472_AED_AESH_grilles-768x444.jpg 768w\" sizes=\"auto, (max-width: 800px) 100vw, 800px\" width=\"800\" height=\"463\">\t\t\t\t\t\t\t\t\t\t\t\t\t\t\t<\/div>\n\t\t\t\t<\/div>\n\t\t\t\t<div class=\"elementor-element elementor-element-2ce5bdb elementor-widget elementor-widget-text-editor\" data-id=\"2ce5bdb\" data-element_type=\"widget\" data-widget_type=\"text-editor.default\">\n\t\t\t\t<div class=\"elementor-widget-container\">\n\t\t\t\t\t\t\t<p>&nbsp;<\/p><hr><p><em>(1) D\u00e9cret n\u00b0 2022-1615 du 22 d\u00e9cembre 2022 portant rel\u00e8vement du minimum de traitement dans <\/em><em>la fonction publique : <a href=\"https:\/\/www.legifrance.gouv.fr\/jorf\/id\/JORFTEXT000046780634\">https:\/\/www.legifrance.gouv.fr\/jorf\/id\/JORFTEXT000046780634&nbsp;<\/a><\/em><br><em>(2) D\u00e9cret n\u00b0 2022-1608 du 22 d\u00e9cembre 2022 portant rel\u00e8vement du salaire minimum de <\/em><em>croissance : <a href=\"https:\/\/www.legifrance.gouv.fr\/jorf\/id\/JORFTEXT000046780043\">https:\/\/www.legifrance.gouv.fr\/jorf\/id\/JORFTEXT000046780043&nbsp;<\/a><\/em><\/p>\t\t\t\t\t\t<\/div>\n\t\t\t\t<\/div>\n\t\t\t\t\t<\/div>\n\t\t<\/div>\n\t\t\t\t\t\t\t<\/div>\n\t\t<\/section>\n\t\t\t\t<section class=\"elementor-section elementor-top-section elementor-element elementor-element-dd1df9b elementor-section-boxed elementor-section-height-default elementor-section-height-default\" data-id=\"dd1df9b\" data-element_type=\"section\">\n\t\t\t\t\t\t<div class=\"elementor-container elementor-column-gap-default\">\n\t\t\t\t\t<div class=\"elementor-column elementor-col-100 elementor-top-column elementor-element elementor-element-206354f\" data-id=\"206354f\" data-element_type=\"column\">\n\t\t\t<div class=\"elementor-widget-wrap elementor-element-populated\">\n\t\t\t\t\t\t\t\t<div class=\"elementor-element elementor-element-0e9250f elementor-widget elementor-widget-text-editor\" data-id=\"0e9250f\" data-element_type=\"widget\" data-widget_type=\"text-editor.default\">\n\t\t\t\t<div class=\"elementor-widget-container\">\n\t\t\t\t\t\t\t<p><em>Article paru dans la revue du SNALC <a href=\"https:\/\/snalc.fr\/quinzaine-universitaire-n1472\">Quinzaine universitaire n\u00b01472<\/a> du 9 janvier 2023<\/em>\n","protected":false},"excerpt":{"rendered":"<p>\u00a9 _istock_Dmytro-Lastovych-654636444 \u00c0 compter du 1er janvier&nbsp;2023, les AED et la&nbsp;plupart des AESH en&nbsp;CDD, \u00e0 temps complet,&nbsp;conna\u00eetront une hausse&nbsp;de leur r\u00e9mun\u00e9ration brute de&nbsp;4,85 \u20ac, puisque l\u2019indice plancher&nbsp;passera de 352 \u00e0 [&hellip;]<\/p>\n","protected":false},"author":1,"featured_media":0,"comment_status":"closed","ping_status":"closed","sticky":false,"template":"","format":"standard","meta":{"_lmt_disableupdate":"","_lmt_disable":"","site-sidebar-layout":"default","site-content-layout":"","ast-site-content-layout":"default","site-content-style":"default","site-sidebar-style":"default","ast-global-header-display":"","ast-banner-title-visibility":"","ast-main-header-display":"","ast-hfb-above-header-display":"","ast-hfb-below-header-display":"","ast-hfb-mobile-header-display":"","site-post-title":"","ast-breadcrumbs-content":"","ast-featured-img":"","footer-sml-layout":"","ast-disable-related-posts":"","theme-transparent-header-meta":"","adv-header-id-meta":"","stick-header-meta":"","header-above-stick-meta":"","header-main-stick-meta":"","header-below-stick-meta":"","astra-migrate-meta-layouts":"default","ast-page-background-enabled":"default","ast-page-background-meta":{"desktop":{"background-color":"var(--ast-global-color-4)","background-image":"","background-repeat":"repeat","background-position":"center center","background-size":"auto","background-attachment":"scroll","background-type":"","background-media":"","overlay-type":"","overlay-color":"","overlay-opacity":"","overlay-gradient":""},"tablet":{"background-color":"","background-image":"","background-repeat":"repeat","background-position":"center center","background-size":"auto","background-attachment":"scroll","background-type":"","background-media":"","overlay-type":"","overlay-color":"","overlay-opacity":"","overlay-gradient":""},"mobile":{"background-color":"","background-image":"","background-repeat":"repeat","background-position":"center center","background-size":"auto","background-attachment":"scroll","background-type":"","background-media":"","overlay-type":"","overlay-color":"","overlay-opacity":"","overlay-gradient":""}},"ast-content-background-meta":{"desktop":{"background-color":"var(--ast-global-color-5)","background-image":"","background-repeat":"repeat","background-position":"center center","background-size":"auto","background-attachment":"scroll","background-type":"","background-media":"","overlay-type":"","overlay-color":"","overlay-opacity":"","overlay-gradient":""},"tablet":{"background-color":"var(--ast-global-color-5)","background-image":"","background-repeat":"repeat","background-position":"center center","background-size":"auto","background-attachment":"scroll","background-type":"","background-media":"","overlay-type":"","overlay-color":"","overlay-opacity":"","overlay-gradient":""},"mobile":{"background-color":"var(--ast-global-color-5)","background-image":"","background-repeat":"repeat","background-position":"center center","background-size":"auto","background-attachment":"scroll","background-type":"","background-media":"","overlay-type":"","overlay-color":"","overlay-opacity":"","overlay-gradient":""}},"footnotes":""},"categories":[31,14,13],"tags":[],"class_list":["post-829","post","type-post","status-publish","format-standard","hentry","category-actualites-2022-2023","category-aed-cpe-vie-scolaire","category-aesh"],"modified_by":"slecourtier","_links":{"self":[{"href":"https:\/\/snalc.org\/snalc2023\/index.php?rest_route=\/wp\/v2\/posts\/829","targetHints":{"allow":["GET"]}}],"collection":[{"href":"https:\/\/snalc.org\/snalc2023\/index.php?rest_route=\/wp\/v2\/posts"}],"about":[{"href":"https:\/\/snalc.org\/snalc2023\/index.php?rest_route=\/wp\/v2\/types\/post"}],"author":[{"embeddable":true,"href":"https:\/\/snalc.org\/snalc2023\/index.php?rest_route=\/wp\/v2\/users\/1"}],"replies":[{"embeddable":true,"href":"https:\/\/snalc.org\/snalc2023\/index.php?rest_route=%2Fwp%2Fv2%2Fcomments&post=829"}],"version-history":[{"count":1,"href":"https:\/\/snalc.org\/snalc2023\/index.php?rest_route=\/wp\/v2\/posts\/829\/revisions"}],"predecessor-version":[{"id":830,"href":"https:\/\/snalc.org\/snalc2023\/index.php?rest_route=\/wp\/v2\/posts\/829\/revisions\/830"}],"wp:attachment":[{"href":"https:\/\/snalc.org\/snalc2023\/index.php?rest_route=%2Fwp%2Fv2%2Fmedia&parent=829"}],"wp:term":[{"taxonomy":"category","embeddable":true,"href":"https:\/\/snalc.org\/snalc2023\/index.php?rest_route=%2Fwp%2Fv2%2Fcategories&post=829"},{"taxonomy":"post_tag","embeddable":true,"href":"https:\/\/snalc.org\/snalc2023\/index.php?rest_route=%2Fwp%2Fv2%2Ftags&post=829"}],"curies":[{"name":"wp","href":"https:\/\/api.w.org\/{rel}","templated":true}]}}