{"id":837,"date":"2023-01-09T20:14:17","date_gmt":"2023-01-09T19:14:17","guid":{"rendered":"https:\/\/snalc.org\/snalc2023\/?p=837"},"modified":"2023-01-10T10:32:59","modified_gmt":"2023-01-10T09:32:59","slug":"mobilite-europeenne-deleves-et-de-personnels-a-marche-forcee","status":"publish","type":"post","link":"https:\/\/snalc.org\/snalc2023\/?p=837","title":{"rendered":"Mobilit\u00e9 europ\u00e9enne\u00a0d\u2019\u00e9l\u00e8ves et\u00a0de personnels :\u00a0\u00e0 marche forc\u00e9e\u00a0"},"content":{"rendered":"\n<\/span>\n\t\t\t\t\t<\/span>\n\t\t\t\t\t\t\t\t<\/li>\n\t\t\t\t<\/ul>\n\t\t\t\t<\/div>\n\t\t\t\t<\/div>\n\t\t\t\t<div class=\"elementor-element elementor-element-57213923 elementor-widget elementor-widget-theme-post-featured-image elementor-widget-image\" data-id=\"57213923\" data-element_type=\"widget\" data-widget_type=\"theme-post-featured-image.default\">\n\t\t\t\t<div class=\"elementor-widget-container\">\n\t\t\t\t\t\t\t\t\t\t\t\t<figure class=\"wp-caption\">\n\t\t\t\t\t\t\t\t\t\t<img loading=\"lazy\" decoding=\"async\" src=\"https:\/\/snalc.fr\/wp-content\/uploads\/europe_istock_AlxeyPnferov-1326044649.jpg\" class=\"attachment-full size-full\" alt=\"\" loading=\"lazy\" srcset=\"https:\/\/snalc.fr\/wp-content\/uploads\/europe_istock_AlxeyPnferov-1326044649.jpg 633w, https:\/\/snalc.fr\/wp-content\/uploads\/europe_istock_AlxeyPnferov-1326044649-300x203.jpg 300w\" sizes=\"auto, (max-width: 633px) 100vw, 633px\" width=\"633\" height=\"428\">\t\t\t\t\t\t\t\t\t\t\t<figcaption class=\"widget-image-caption wp-caption-text\">\u00a9 istock_AlxeyPnferov-1326044649<\/figcaption>\n\t\t\t\t\t\t\t\t\t\t<\/figure>\n\t\t\t\t\t\t\t\t\t<\/div>\n\t\t\t\t<\/div>\n\t\t\t\t<div class=\"elementor-element elementor-element-2987e2d0 elementor-widget elementor-widget-theme-post-content\" data-id=\"2987e2d0\" data-element_type=\"widget\" data-widget_type=\"theme-post-content.default\">\n\t\t\t\t<div class=\"elementor-widget-container\">\n\t\t\t\t\t<div data-elementor-type=\"wp-post\" data-elementor-id=\"23308\" class=\"elementor elementor-23308\">\n\t\t\t\t\t\t\t\t\t<section class=\"elementor-section elementor-top-section elementor-element elementor-element-dfab67b elementor-section-boxed elementor-section-height-default elementor-section-height-default\" data-id=\"dfab67b\" data-element_type=\"section\">\n\t\t\t\t\t\t<div class=\"elementor-container elementor-column-gap-default\">\n\t\t\t\t\t<div class=\"elementor-column elementor-col-100 elementor-top-column elementor-element elementor-element-00ff5c7\" data-id=\"00ff5c7\" data-element_type=\"column\">\n\t\t\t<div class=\"elementor-widget-wrap elementor-element-populated\">\n\t\t\t\t\t\t\t\t<div class=\"elementor-element elementor-element-85d4f5b elementor-widget elementor-widget-text-editor\" data-id=\"85d4f5b\" data-element_type=\"widget\" data-widget_type=\"text-editor.default\">\n\t\t\t\t<div class=\"elementor-widget-container\">\n\t\t\t\t\t\t\t<p><strong><em>Le Bulletin Officiel du 15 d\u00e9cembre&nbsp;2022 r\u00e9affirme l\u2019importance de l\u2019implantation&nbsp;de projets de mobilit\u00e9 europ\u00e9enne&nbsp;d\u2019\u00e9l\u00e8ves et de personnels.&nbsp;<\/em><\/strong><\/p><p>&nbsp;<\/p><p><strong>UNE UNIFORMISATION&nbsp;DES PRATIQUES \u00c0 MARCHE&nbsp;FORC\u00c9E&nbsp;<\/strong><\/p><p>Si <em>\u00ab l\u2019objectif est de donner acc\u00e8s aux&nbsp;\u00e9l\u00e8ves et aux professeurs \u00e0 une action&nbsp;\u00e9ducative qui d\u00e9passe les fronti\u00e8res nationales&nbsp;\u00bb<\/em>, le SNALC signale que sur le terrain,&nbsp;les conditions de travail des \u00e9quipes qui&nbsp;s\u2019impliquent dans ces dispositifs sont loin&nbsp;d\u2019\u00eatre idylliques ! Que l\u2019on puisse affirmer&nbsp;que \u00ab les enseignants r\u00e9f\u00e9rents pour l\u2019action&nbsp;europ\u00e9enne et internationale (ERAEI)&nbsp;jouent un r\u00f4le d\u00e9cisif d\u2019accompagnement&nbsp;et [que] leur action est valoris\u00e9e \u00bb rel\u00e8ve&nbsp;d\u2019un sacr\u00e9 culot !&nbsp;<\/p><p>Les ERAEI ne b\u00e9n\u00e9ficient \u00e0 ce jour d\u2019aucune&nbsp;formation, donc d\u2019aucune comp\u00e9tence&nbsp;particuli\u00e8re. Ils doivent utiliser le&nbsp;syst\u00e8me D et leur propre savoir-faire pour&nbsp;mener \u00e0 bien leur mission colossale pour&nbsp;laquelle, \u00e0 ce jour, aucune r\u00e9mun\u00e9ration&nbsp;n\u2019est pr\u00e9vue !&nbsp;<\/p><p>Ainsi, l\u2019on peut se demander si les effets&nbsp;d\u2019annonce pour favoriser l\u2019uniformisation&nbsp;de pratiques entre territoires en supposant&nbsp;que tout le monde r\u00e9pondra \u00e0 l\u2019appel&nbsp;seront efficaces ! <em>\u00ab D\u2019ici \u00e0 2025, 50 % des&nbsp;\u00e9coles et des \u00e9tablissements (\u2026) proposeront&nbsp;\u00e0 leurs \u00e9l\u00e8ves des projets d\u2019\u00e9changes&nbsp;virtuels actifs \u00bb<\/em>.&nbsp;<\/p><p>De m\u00eame, les injonctions \u00e0 accepter le&nbsp;produit co\u00fbte que co\u00fbte seront-elles des&nbsp;gages de r\u00e9ussite ? <em>\u00ab Les \u00e9coles et les \u00e9tablissements&nbsp;favorisent et facilitent l\u2019accueil&nbsp;d\u2019\u00e9l\u00e8ves, de personnels ou d\u2019intervenants&nbsp;\u00e9trangers dans le cadre de leur politique&nbsp;d\u2019ouverture \u00e0 l\u2019international \u00bb<\/em>.&nbsp;<\/p><p>&nbsp;<\/p><p><strong>DES RETOURS D\u2019EXP\u00c9RIENCE&nbsp;EN DEMI-TEINTE&nbsp;<\/strong><\/p><p>L\u2019octroi d\u2019accr\u00e9ditations ERASMUS + par&nbsp;consortiums d\u2019\u00e9tablissements a toutefois&nbsp;d\u00e9j\u00e0 permis \u00e0 certains d\u00e9placements de&nbsp;personnels de se concr\u00e9tiser. Les t\u00e9moignages&nbsp;sont engageants pour ce qui est&nbsp;de l\u2019aventure humaine, mais les formations&nbsp;th\u00e9matiques sur place laissent \u00e0 d\u00e9sirer,&nbsp;faute de vrai travail en amont sur la qualit\u00e9&nbsp;des prestations. Tous les th\u00e8mes pr\u00e9vus&nbsp;sont d\u2019inspiration Montessori ou nouvelles&nbsp;p\u00e9dagogies. Certains syst\u00e8mes ne sont&nbsp;pas adaptables chez nous\u2026&nbsp;<\/p><p>Pour le SNALC, la mobilit\u00e9 doit s\u2019inscrire dans&nbsp;des parcours de comp\u00e9tences coh\u00e9rents.&nbsp;<\/p><p>&nbsp;<\/p>\n","protected":false},"excerpt":{"rendered":"<p>\u00a9 istock_AlxeyPnferov-1326044649 Le Bulletin Officiel du 15 d\u00e9cembre&nbsp;2022 r\u00e9affirme l\u2019importance de l\u2019implantation&nbsp;de projets de mobilit\u00e9 europ\u00e9enne&nbsp;d\u2019\u00e9l\u00e8ves et de personnels.&nbsp; &nbsp; UNE UNIFORMISATION&nbsp;DES PRATIQUES \u00c0 MARCHE&nbsp;FORC\u00c9E&nbsp; Si \u00ab l\u2019objectif est de [&hellip;]<\/p>\n","protected":false},"author":1,"featured_media":0,"comment_status":"closed","ping_status":"closed","sticky":false,"template":"","format":"standard","meta":{"_lmt_disableupdate":"","_lmt_disable":"","site-sidebar-layout":"default","site-content-layout":"","ast-site-content-layout":"default","site-content-style":"default","site-sidebar-style":"default","ast-global-header-display":"","ast-banner-title-visibility":"","ast-main-header-display":"","ast-hfb-above-header-display":"","ast-hfb-below-header-display":"","ast-hfb-mobile-header-display":"","site-post-title":"","ast-breadcrumbs-content":"","ast-featured-img":"","footer-sml-layout":"","ast-disable-related-posts":"","theme-transparent-header-meta":"","adv-header-id-meta":"","stick-header-meta":"","header-above-stick-meta":"","header-main-stick-meta":"","header-below-stick-meta":"","astra-migrate-meta-layouts":"default","ast-page-background-enabled":"default","ast-page-background-meta":{"desktop":{"background-color":"var(--ast-global-color-4)","background-image":"","background-repeat":"repeat","background-position":"center center","background-size":"auto","background-attachment":"scroll","background-type":"","background-media":"","overlay-type":"","overlay-color":"","overlay-opacity":"","overlay-gradient":""},"tablet":{"background-color":"","background-image":"","background-repeat":"repeat","background-position":"center center","background-size":"auto","background-attachment":"scroll","background-type":"","background-media":"","overlay-type":"","overlay-color":"","overlay-opacity":"","overlay-gradient":""},"mobile":{"background-color":"","background-image":"","background-repeat":"repeat","background-position":"center center","background-size":"auto","background-attachment":"scroll","background-type":"","background-media":"","overlay-type":"","overlay-color":"","overlay-opacity":"","overlay-gradient":""}},"ast-content-background-meta":{"desktop":{"background-color":"var(--ast-global-color-5)","background-image":"","background-repeat":"repeat","background-position":"center center","background-size":"auto","background-attachment":"scroll","background-type":"","background-media":"","overlay-type":"","overlay-color":"","overlay-opacity":"","overlay-gradient":""},"tablet":{"background-color":"var(--ast-global-color-5)","background-image":"","background-repeat":"repeat","background-position":"center center","background-size":"auto","background-attachment":"scroll","background-type":"","background-media":"","overlay-type":"","overlay-color":"","overlay-opacity":"","overlay-gradient":""},"mobile":{"background-color":"var(--ast-global-color-5)","background-image":"","background-repeat":"repeat","background-position":"center center","background-size":"auto","background-attachment":"scroll","background-type":"","background-media":"","overlay-type":"","overlay-color":"","overlay-opacity":"","overlay-gradient":""}},"footnotes":""},"categories":[31],"tags":[],"class_list":["post-837","post","type-post","status-publish","format-standard","hentry","category-actualites-2022-2023"],"modified_by":"slecourtier","_links":{"self":[{"href":"https:\/\/snalc.org\/snalc2023\/index.php?rest_route=\/wp\/v2\/posts\/837","targetHints":{"allow":["GET"]}}],"collection":[{"href":"https:\/\/snalc.org\/snalc2023\/index.php?rest_route=\/wp\/v2\/posts"}],"about":[{"href":"https:\/\/snalc.org\/snalc2023\/index.php?rest_route=\/wp\/v2\/types\/post"}],"author":[{"embeddable":true,"href":"https:\/\/snalc.org\/snalc2023\/index.php?rest_route=\/wp\/v2\/users\/1"}],"replies":[{"embeddable":true,"href":"https:\/\/snalc.org\/snalc2023\/index.php?rest_route=%2Fwp%2Fv2%2Fcomments&post=837"}],"version-history":[{"count":2,"href":"https:\/\/snalc.org\/snalc2023\/index.php?rest_route=\/wp\/v2\/posts\/837\/revisions"}],"predecessor-version":[{"id":841,"href":"https:\/\/snalc.org\/snalc2023\/index.php?rest_route=\/wp\/v2\/posts\/837\/revisions\/841"}],"wp:attachment":[{"href":"https:\/\/snalc.org\/snalc2023\/index.php?rest_route=%2Fwp%2Fv2%2Fmedia&parent=837"}],"wp:term":[{"taxonomy":"category","embeddable":true,"href":"https:\/\/snalc.org\/snalc2023\/index.php?rest_route=%2Fwp%2Fv2%2Fcategories&post=837"},{"taxonomy":"post_tag","embeddable":true,"href":"https:\/\/snalc.org\/snalc2023\/index.php?rest_route=%2Fwp%2Fv2%2Ftags&post=837"}],"curies":[{"name":"wp","href":"https:\/\/api.w.org\/{rel}","templated":true}]}}