{"id":877,"date":"2023-01-19T17:16:52","date_gmt":"2023-01-19T16:16:52","guid":{"rendered":"https:\/\/snalc.org\/snalc2023\/?p=877"},"modified":"2023-01-19T17:16:54","modified_gmt":"2023-01-19T16:16:54","slug":"congres-national-du-snalc-a-strasbourg-du-22-au-26-mai-2023","status":"publish","type":"post","link":"https:\/\/snalc.org\/snalc2023\/?p=877","title":{"rendered":"Congr\u00e8s national du SNALC \u00e0 Strasbourg du 22 au 26 mai 2023"},"content":{"rendered":"\n<img loading=\"lazy\" decoding=\"async\" src=\"https:\/\/snalc.fr\/wp-content\/uploads\/Congres_SNALC_Strasbourg.jpg\" class=\"attachment-full size-full\" alt=\"\" loading=\"lazy\" srcset=\"https:\/\/snalc.fr\/wp-content\/uploads\/Congres_SNALC_Strasbourg.jpg 1840w, https:\/\/snalc.fr\/wp-content\/uploads\/Congres_SNALC_Strasbourg-300x191.jpg 300w, https:\/\/snalc.fr\/wp-content\/uploads\/Congres_SNALC_Strasbourg-1024x652.jpg 1024w, https:\/\/snalc.fr\/wp-content\/uploads\/Congres_SNALC_Strasbourg-768x489.jpg 768w, https:\/\/snalc.fr\/wp-content\/uploads\/Congres_SNALC_Strasbourg-1536x978.jpg 1536w\" sizes=\"auto, (max-width: 1840px) 100vw, 1840px\" width=\"1840\" height=\"1171\">\t\t\t\t\t\t\t\t\t\t\t<figcaption class=\"widget-image-caption wp-caption-text\">\u00a9 SNALC Strasbourg<\/figcaption>\n\t\t\t\t\t\t\t\t\t\t<\/figure>\n\t\t\t\t\t\t\t\t\t<\/div>\n\t\t\t\t<\/div>\n\t\t\t\t<div class=\"elementor-element elementor-element-2987e2d0 elementor-widget elementor-widget-theme-post-content\" data-id=\"2987e2d0\" data-element_type=\"widget\" data-widget_type=\"theme-post-content.default\">\n\t\t\t\t<div class=\"elementor-widget-container\">\n\t\t\t\t\t<div data-elementor-type=\"wp-post\" data-elementor-id=\"23456\" class=\"elementor elementor-23456\">\n\t\t\t\t\t\t\t\t\t<section class=\"elementor-section elementor-top-section elementor-element elementor-element-7255222 elementor-section-boxed elementor-section-height-default elementor-section-height-default\" data-id=\"7255222\" data-element_type=\"section\">\n\t\t\t\t\t\t<div class=\"elementor-container elementor-column-gap-default\">\n\t\t\t\t\t<div class=\"elementor-column elementor-col-100 elementor-top-column elementor-element elementor-element-b534565\" data-id=\"b534565\" data-element_type=\"column\">\n\t\t\t<div class=\"elementor-widget-wrap elementor-element-populated\">\n\t\t\t\t\t\t\t\t<div class=\"elementor-element elementor-element-bc5f6d0 elementor-widget elementor-widget-text-editor\" data-id=\"bc5f6d0\" data-element_type=\"widget\" data-widget_type=\"text-editor.default\">\n\t\t\t\t<div class=\"elementor-widget-container\">\n\t\t\t\t\t\t\t<p>&nbsp;<\/p><h4 style=\"text-align: center;\"><strong>CONGR\u00c8S NATIONAL D\u2019\u00c9LECTIONS DU SNALC<\/strong><\/h4>\t\t\t\t\t\t<\/div>\n\t\t\t\t<\/div>\n\t\t\t\t<div class=\"elementor-element elementor-element-e401168 elementor-widget elementor-widget-text-editor\" data-id=\"e401168\" data-element_type=\"widget\" data-widget_type=\"text-editor.default\">\n\t\t\t\t<div class=\"elementor-widget-container\">\n\t\t\t\t\t\t\t<p style=\"text-align: center;\"><strong>STRASBOURG \u2013 lyc\u00e9e Kl\u00e9ber \u2013 Amphith\u00e9\u00e2tre<\/strong><\/p><p style=\"text-align: center;\"><strong>du lundi 22 mai au vendredi 26 mai 2023<\/strong><\/p>\t\t\t\t\t\t<\/div>\n\t\t\t\t<\/div>\n\t\t\t\t<div class=\"elementor-element elementor-element-7250910 elementor-widget elementor-widget-text-editor\" data-id=\"7250910\" data-element_type=\"widget\" data-widget_type=\"text-editor.default\">\n\t\t\t\t<div class=\"elementor-widget-container\">\n\t\t\t\t\t\t\t<p style=\"text-align: center;\"><strong>Ouvert aux adh\u00e9rents \u00e0 jour de cotisation<\/strong><\/p>\t\t\t\t\t\t<\/div>\n\t\t\t\t<\/div>\n\t\t\t\t<div class=\"elementor-element elementor-element-49c9f96 elementor-widget elementor-widget-text-editor\" data-id=\"49c9f96\" data-element_type=\"widget\" data-widget_type=\"text-editor.default\">\n\t\t\t\t<div class=\"elementor-widget-container\">\n\t\t\t\t\t\t\t<p style=\"text-align: center;\"><em><a href=\"https:\/\/snalc.fr\/congres-national-strasbourg-mai-2023#programme\">PROGRAMME<\/a> \u2013 <a href=\"https:\/\/snalc.fr\/congres-national-strasbourg-mai-2023#candidatures\">POSTES \u00c0 POURVOIR<\/a> \u2013 <a href=\"https:\/\/snalc.fr\/congres-national-strasbourg-mai-2023#inscription\">FORMULAIRE D\u2019INSCRIPTION<\/a><\/em><\/p>\t\t\t\t\t\t<\/div>\n\t\t\t\t<\/div>\n\t\t\t\t<div class=\"elementor-element elementor-element-a56a48c elementor-widget-divider--view-line elementor-widget elementor-widget-divider\" data-id=\"a56a48c\" data-element_type=\"widget\" data-widget_type=\"divider.default\">\n\t\t\t\t<div class=\"elementor-widget-container\">\n\t\t\t\t\t<div class=\"elementor-divider\">\n\t\t\t<span class=\"elementor-divider-separator\">\n\t\t\t\t\t\t<\/span>\n\t\t<\/div>\n\t\t\t\t<\/div>\n\t\t\t\t<\/div>\n\t\t\t\t\t<\/div>\n\t\t<\/div>\n\t\t\t\t\t\t\t<\/div>\n\t\t<\/section>\n\t\t\t\t<section class=\"elementor-section elementor-top-section elementor-element elementor-element-bbead9b elementor-section-boxed elementor-section-height-default elementor-section-height-default\" data-id=\"bbead9b\" data-element_type=\"section\">\n\t\t\t\t\t\t<div class=\"elementor-container elementor-column-gap-default\">\n\t\t\t\t\t<div class=\"elementor-column elementor-col-100 elementor-top-column elementor-element elementor-element-3dc5072\" data-id=\"3dc5072\" data-element_type=\"column\">\n\t\t\t<div class=\"elementor-widget-wrap elementor-element-populated\">\n\t\t\t\t\t\t\t\t<div class=\"elementor-element elementor-element-60ea56a elementor-widget elementor-widget-spacer\" data-id=\"60ea56a\" data-element_type=\"widget\" id=\"programme\" data-widget_type=\"spacer.default\">\n\t\t\t\t<div class=\"elementor-widget-container\">\n\t\t\t\t\t<div class=\"elementor-spacer\">\n\t\t\t<div class=\"elementor-spacer-inner\"><\/div>\n\t\t<\/div>\n\t\t\t\t<\/div>\n\t\t\t\t<\/div>\n\t\t\t\t<div class=\"elementor-element elementor-element-3843ed5 elementor-widget elementor-widget-heading\" data-id=\"3843ed5\" data-element_type=\"widget\" data-widget_type=\"heading.default\">\n\t\t\t\t<div class=\"elementor-widget-container\">\n\t\t\t<h5 class=\"elementor-heading-title elementor-size-default\">PROGRAMME<\/h5>\t\t<\/div>\n\t\t\t\t<\/div>\n\t\t\t\t<div class=\"elementor-element elementor-element-b492cd1 elementor-widget elementor-widget-text-editor\" data-id=\"b492cd1\" data-element_type=\"widget\" data-widget_type=\"text-editor.default\">\n\t\t\t\t<div class=\"elementor-widget-container\">\n\t\t\t\t\t\t\t<p style=\"text-align: left;\"><strong>Lundi 22 mai <\/strong><br>9h-14h : accueil des congressistes<br>14h-17h30 : ouverture du congr\u00e8s \u2013 \u00c9lections Bureau national<\/p><p style=\"text-align: left;\"><strong>Mardi 23 mai<\/strong><br>9h-12h et 14h-17h30&nbsp;: \u00c9lections Bureau national et Commissions<\/p><p style=\"text-align: left;\"><strong>Mercredi 24 mai<\/strong><br>9h-12h et 14h-16h : \u00c9lections Bureau national et Commissions<br>16h-17h : Installation du nouveau Bureau national<br>19h&nbsp;: Repas du congr\u00e8s (centre-ville)<\/p><p style=\"text-align: left;\"><strong>Jeudi 25 mai<\/strong><br>9h30-12h : R\u00e9flexion sur l\u2019Ecole<br>14h-17h30 : Commission administrative pour les membres du Bureau national et les repr\u00e9sentants mandat\u00e9s par les sections acad\u00e9miques (apr\u00e8s-midi lib\u00e9r\u00e9e pour les autres congressistes)<\/p><p style=\"text-align: left;\"><strong>Vendredi 26 mai<\/strong><br>9h30-12h&nbsp;: Cl\u00f4ture du congr\u00e8s<\/p>\t\t\t\t\t\t<\/div>\n\t\t\t\t<\/div>\n\t\t\t\t\t<\/div>\n\t\t<\/div>\n\t\t\t\t\t\t\t<\/div>\n\t\t<\/section>\n\t\t\t\t<section class=\"elementor-section elementor-top-section elementor-element elementor-element-d124607 elementor-section-boxed elementor-section-height-default elementor-section-height-default\" data-id=\"d124607\" data-element_type=\"section\">\n\t\t\t\t\t\t<div class=\"elementor-container elementor-column-gap-default\">\n\t\t\t\t\t<div class=\"elementor-column elementor-col-100 elementor-top-column elementor-element elementor-element-57d073b\" data-id=\"57d073b\" data-element_type=\"column\">\n\t\t\t<div class=\"elementor-widget-wrap elementor-element-populated\">\n\t\t\t\t\t\t\t\t<div class=\"elementor-element elementor-element-4c32f73 elementor-widget elementor-widget-spacer\" data-id=\"4c32f73\" data-element_type=\"widget\" id=\"candidatures\" data-widget_type=\"spacer.default\">\n\t\t\t\t<div class=\"elementor-widget-container\">\n\t\t\t\t\t<div class=\"elementor-spacer\">\n\t\t\t<div class=\"elementor-spacer-inner\"><\/div>\n\t\t<\/div>\n\t\t\t\t<\/div>\n\t\t\t\t<\/div>\n\t\t\t\t<div class=\"elementor-element elementor-element-e9c4f8d elementor-widget elementor-widget-heading\" data-id=\"e9c4f8d\" data-element_type=\"widget\" data-widget_type=\"heading.default\">\n\t\t\t\t<div class=\"elementor-widget-container\">\n\t\t\t<h5 class=\"elementor-heading-title elementor-size-default\">POSTES \u00c0 POURVOIR ET D\u00c9CLARATIONS DE CANDIDATURE<\/h5>\t\t<\/div>\n\t\t\t\t<\/div>\n\t\t\t\t<div class=\"elementor-element elementor-element-f788f29 elementor-widget elementor-widget-text-editor\" data-id=\"f788f29\" data-element_type=\"widget\" data-widget_type=\"text-editor.default\">\n\t\t\t\t<div class=\"elementor-widget-container\">\n\t\t\t\t\t\t\t<p style=\"text-align: left;\"><strong>BUREAU NATIONAL <\/strong>(21 postes)&nbsp;:<\/p><ul style=\"text-align: left;\"><li>Pr\u00e9sident national<\/li><li>3 vice-pr\u00e9sidents nationaux<\/li><li>Tr\u00e9sorier national<\/li><li>Administrateur g\u00e9n\u00e9ral<\/li><li>9 secr\u00e9taires nationaux : P\u00e9dagogie ; Gestion des personnels d\u2019enseignement et d\u2019\u00e9ducation (GESPER) ; Premier degr\u00e9 ; Communication et d\u00e9veloppement ; Enseignement professionnel ; Personnels administratifs, techniciens, de sant\u00e9 et sociaux (ATSS) ; EPS ; Conditions de travail et climat scolaire ; Contractuels<\/li><li>6 simples membres<\/li><\/ul><p style=\"text-align: left;\"><strong>&nbsp;<\/strong><\/p><p style=\"text-align: left;\"><strong>COMMISSIONS&nbsp;<\/strong>:<\/p><ul><li style=\"text-align: left;\">D\u00e9charges (3 postes),<\/li><li style=\"text-align: left;\">V\u00e9rification des comptes (3 titulaires et 3 suppl\u00e9ants),<\/li><li style=\"text-align: left;\">Litiges (3 titulaires, 3 suppl\u00e9ants et 1 m\u00e9diateur)<\/li><\/ul>\t\t\t\t\t\t<\/div>\n\t\t\t\t<\/div>\n\t\t\t\t<div class=\"elementor-element elementor-element-8cc5fe0 elementor-widget elementor-widget-text-editor\" data-id=\"8cc5fe0\" data-element_type=\"widget\" data-widget_type=\"text-editor.default\">\n\t\t\t\t<div class=\"elementor-widget-container\">\n\t\t\t\t\t\t\t<p style=\"text-align: left;\">Les candidatures au<strong> Bureau national<\/strong> doivent \u00eatre adress\u00e9es entre le<strong> 23 mars <\/strong>et le<strong> 22 avril 2023 <\/strong>inclus&nbsp;; celles pour les <strong>commissions <\/strong>avant le<strong> 14 mai <\/strong>inclus<strong>&nbsp;:<\/strong><\/p><ul><li style=\"text-align: left;\"><strong>par courriel<\/strong>, c\u2019est le plus simple, \u00e0 <a href=\"mailto:snalc.admgeneral@gmail.com\">snalc.admgeneral@gmail.com<\/a> (accus\u00e9 de r\u00e9ception en retour)&nbsp;;<\/li><li style=\"text-align: left;\">ou <strong>par voie postale<\/strong> \u00e0 SNALC, BP 629, 4 rue de Tr\u00e9vise, 75421 PARIS cedex 09 en lettre recommand\u00e9e avec A.R.<\/li><\/ul>\t\t\t\t\t\t<\/div>\n\t\t\t\t<\/div>\n\t\t\t\t\t<\/div>\n\t\t<\/div>\n\t\t\t\t\t\t\t<\/div>\n\t\t<\/section>\n\t\t\t\t<section class=\"elementor-section elementor-top-section elementor-element elementor-element-e045e80 elementor-section-boxed elementor-section-height-default elementor-section-height-default\" data-id=\"e045e80\" data-element_type=\"section\">\n\t\t\t\t\t\t<div class=\"elementor-container elementor-column-gap-default\">\n\t\t\t\t\t<div class=\"elementor-column elementor-col-100 elementor-top-column elementor-element elementor-element-fe24321\" data-id=\"fe24321\" data-element_type=\"column\">\n\t\t\t<div class=\"elementor-widget-wrap elementor-element-populated\">\n\t\t\t\t\t\t\t\t<div class=\"elementor-element elementor-element-06b4b41 elementor-widget elementor-widget-spacer\" data-id=\"06b4b41\" data-element_type=\"widget\" id=\"inscription\" data-widget_type=\"spacer.default\">\n\t\t\t\t<div class=\"elementor-widget-container\">\n\t\t\t\t\t<div class=\"elementor-spacer\">\n\t\t\t<div class=\"elementor-spacer-inner\"><\/div>\n\t\t<\/div>\n\t\t\t\t<\/div>\n\t\t\t\t<\/div>\n\t\t\t\t<div class=\"elementor-element elementor-element-99c85f0 elementor-widget elementor-widget-heading\" data-id=\"99c85f0\" data-element_type=\"widget\" data-widget_type=\"heading.default\">\n\t\t\t\t<div class=\"elementor-widget-container\">\n\t\t\t<h5 class=\"elementor-heading-title elementor-size-default\">INSCRIPTIONS POUR ASSISTER AU CONGR\u00c8S<\/h5>\t\t<\/div>\n\t\t\t\t<\/div>\n\t\t\t\t<div class=\"elementor-element elementor-element-00d1c0c elementor-widget elementor-widget-text-editor\" data-id=\"00d1c0c\" data-element_type=\"widget\" data-widget_type=\"text-editor.default\">\n\t\t\t\t<div class=\"elementor-widget-container\">\n\t\t\t\t\t\t\t<p><strong>Nombre de places limit\u00e9.<\/strong><\/p>\t\t\t\t\t\t<\/div>\n\t\t\t\t<\/div>\n\t\t\t\t<div class=\"elementor-element elementor-element-8c634dd elementor-widget elementor-widget-text-editor\" data-id=\"8c634dd\" data-element_type=\"widget\" data-widget_type=\"text-editor.default\">\n\t\t\t\t<div class=\"elementor-widget-container\">\n\t\t\t\t\t\t\t<p><strong>Les inscriptions au congr\u00e8s se font obligatoirement par le formulaire ci-dessous :<\/strong><\/p>\t\t\t\t\t\t<\/div>\n\t\t\t\t<\/div>\n\t\t\t\t<div class=\"elementor-element elementor-element-44b4ff2 elementor-widget elementor-widget-html\" data-id=\"44b4ff2\" data-element_type=\"widget\" data-widget_type=\"html.default\">\n\t\t\t\t<div class=\"elementor-widget-container\">\n\t\t\t<iframe src=\"https:\/\/oxiforms.com\/?UCtOi\" allowtransparency=\"true\" width=\"500px\" height=\"500px\" frameborder=\"0\">\n<a href=\"https:\/\/oxiforms.com\/?UCtOi\">Inscription CONGRES SNALC Strasbourg 2023<\/a>\n<\/iframe>\t\t<\/div>\n\t\t\t\t<\/div>\n\t\t\t\t\t<\/div>\n\t\t<\/div>\n\t\t\t\t\t\t\t<\/div>\n\t\t<\/section>\n\t\t\t\t\t\t\t<\/div>\n\t\t\t\t<\/div>\n\t\t\t\t<\/div>\n\t\t\t\t<div class=\"elementor-element elementor-element-2e2c48d7 elementor-grid-mobile-1 elementor-share-buttons--view-icon elementor-share-buttons--shape-circle elementor-share-buttons--align-right elementor-share-buttons--skin-gradient elementor-grid-0 elementor-share-buttons--color-official elementor-widget elementor-widget-share-buttons\" data-id=\"2e2c48d7\" data-element_type=\"widget\" data-settings=\"{&quot;motion_fx_motion_fx_mouse&quot;:&quot;yes&quot;}\" data-widget_type=\"share-buttons.default\">\n\t\t\t\t<div class=\"elementor-widget-container\">\n\t\t\t\t\t<div class=\"elementor-grid\">\n\t\t\t\t\t\t\t\t<div class=\"elementor-grid-item\">\n\t\t\t\t\t\t<div class=\"elementor-share-btn elementor-share-btn_facebook\" tabindex=\"0\" aria-label=\"Partager sur facebook\">\n\t\t\t\t\t\t\t\t\t\t\t\t\t\t\t<span class=\"elementor-share-btn__icon\">\n\t\t\t\t\t\t\t\t<i class=\"fab fa-facebook\" aria-hidden=\"true\"><\/i>\t\t\t\t\t\t\t<\/span>\n\t\t\t\t\t\t\t\t\t\t\t\t\t\t\t\t\t\t\t\t<\/div>\n\t\t\t\t\t<\/div>\n\t\t\t\t\t\t\t\t\t<div class=\"elementor-grid-item\">\n\t\t\t\t\t\t<div class=\"elementor-share-btn elementor-share-btn_twitter\" tabindex=\"0\" aria-label=\"Partager sur twitter\">\n\t\t\t\t\t\t\t\t\t\t\t\t\t\t\t<span class=\"elementor-share-btn__icon\">\n\t\t\t\t\t\t\t\t<i class=\"fab fa-twitter\" aria-hidden=\"true\"><\/i>\t\t\t\t\t\t\t<\/span>\n\t\t\t\t\t\t\t\t\t\t\t\t\t\t\t\t\t\t\t\t<\/div>\n\t\t\t\t\t<\/div>\n\t\t\t\t\t\t\t\t\t<div class=\"elementor-grid-item\">\n\t\t\t\t\t\t<div class=\"elementor-share-btn elementor-share-btn_linkedin\" tabindex=\"0\" aria-label=\"Partager sur linkedin\">\n\t\t\t\t\t\t\t\t\t\t\t\t\t\t\t<span class=\"elementor-share-btn__icon\">\n\t\t\t\t\t\t\t\t<i class=\"fab fa-linkedin\" aria-hidden=\"true\"><\/i>\t\t\t\t\t\t\t<\/span>\n\t\t\t\t\t\t\t\t\t\t\t\t\t\t\t\t\t\t\t\t<\/div>\n\t\t\t\t\t<\/div>\n\t\t\t\t\t\t\t\t\t<div class=\"elementor-grid-item\">\n\t\t\t\t\t\t<div class=\"elementor-share-btn elementor-share-btn_print\" tabindex=\"0\" aria-label=\"Partager sur print\">\n\t\t\t\t\t\t\t\t\t\t\t\t\t\t\t<span class=\"elementor-share-btn__icon\">\n\t\t\t\t\t\t\t\t<i class=\"fas fa-print\" aria-hidden=\"true\"><\/i>\t\t\t\t\t\t\t<\/span>\n\t\t\t\t\t\t\t\t\t\t\t\t\t\t\t\t\t\t\t\t<\/div>\n\t\t\t\t\t<\/div>\n\t\t\t\t\t\t\t\t\t<div class=\"elementor-grid-item\">\n\t\t\t\t\t\t<div class=\"elementor-share-btn elementor-share-btn_email\" tabindex=\"0\" aria-label=\"Partager sur email\">\n\t\t\t\t\t\t\t\t\t\t\t\t\t\t\t<span class=\"elementor-share-btn__icon\">\n\t\t\t\t\t\t\t\t<i class=\"fas fa-envelope\" aria-hidden=\"true\"><\/i>\t\t\t\t\t\t\t<\/span>\n\t\t\t\t\t\t\t\t\t\t\t\t\t\t\t\t\t\t\t\t<\/div>\n\t\t\t\t\t<\/div>\n\t\t\t\t\t\t<\/div>\n\t\t\t\t<\/div>\n\t\t\t\t<\/div>\n\t\t\t\t<div class=\"elementor-element elementor-element-f1e2b83 elementor-align-center elementor-widget elementor-widget-button\" data-id=\"f1e2b83\" data-element_type=\"widget\" data-widget_type=\"button.default\">\n\t\t\t\t<div class=\"elementor-widget-container\">\n\t\t\t\t\t<div class=\"elementor-button-wrapper\">\n\t\t\t<a href=\"https:\/\/snalc.fr\/contact\/\" target=\"_blank\" class=\"elementor-button-link elementor-button elementor-size-xs\" role=\"button\" rel=\"noopener\">\n\t\t\t\t\t\t<span class=\"elementor-button-content-wrapper\">\n\t\t\t\t\t\t<span class=\"elementor-button-text\">Nous \u00e9crire<\/span>\n","protected":false},"excerpt":{"rendered":"<p>\u00a9 SNALC Strasbourg &nbsp; CONGR\u00c8S NATIONAL D\u2019\u00c9LECTIONS DU SNALC STRASBOURG \u2013 lyc\u00e9e Kl\u00e9ber \u2013 Amphith\u00e9\u00e2tre du lundi 22 mai au vendredi 26 mai 2023 Ouvert aux adh\u00e9rents \u00e0 jour de [&hellip;]<\/p>\n","protected":false},"author":1,"featured_media":0,"comment_status":"closed","ping_status":"closed","sticky":false,"template":"","format":"standard","meta":{"_lmt_disableupdate":"","_lmt_disable":"","site-sidebar-layout":"default","site-content-layout":"","ast-site-content-layout":"default","site-content-style":"default","site-sidebar-style":"default","ast-global-header-display":"","ast-banner-title-visibility":"","ast-main-header-display":"","ast-hfb-above-header-display":"","ast-hfb-below-header-display":"","ast-hfb-mobile-header-display":"","site-post-title":"","ast-breadcrumbs-content":"","ast-featured-img":"","footer-sml-layout":"","ast-disable-related-posts":"","theme-transparent-header-meta":"","adv-header-id-meta":"","stick-header-meta":"","header-above-stick-meta":"","header-main-stick-meta":"","header-below-stick-meta":"","astra-migrate-meta-layouts":"default","ast-page-background-enabled":"default","ast-page-background-meta":{"desktop":{"background-color":"var(--ast-global-color-4)","background-image":"","background-repeat":"repeat","background-position":"center center","background-size":"auto","background-attachment":"scroll","background-type":"","background-media":"","overlay-type":"","overlay-color":"","overlay-opacity":"","overlay-gradient":""},"tablet":{"background-color":"","background-image":"","background-repeat":"repeat","background-position":"center center","background-size":"auto","background-attachment":"scroll","background-type":"","background-media":"","overlay-type":"","overlay-color":"","overlay-opacity":"","overlay-gradient":""},"mobile":{"background-color":"","background-image":"","background-repeat":"repeat","background-position":"center center","background-size":"auto","background-attachment":"scroll","background-type":"","background-media":"","overlay-type":"","overlay-color":"","overlay-opacity":"","overlay-gradient":""}},"ast-content-background-meta":{"desktop":{"background-color":"var(--ast-global-color-5)","background-image":"","background-repeat":"repeat","background-position":"center center","background-size":"auto","background-attachment":"scroll","background-type":"","background-media":"","overlay-type":"","overlay-color":"","overlay-opacity":"","overlay-gradient":""},"tablet":{"background-color":"var(--ast-global-color-5)","background-image":"","background-repeat":"repeat","background-position":"center center","background-size":"auto","background-attachment":"scroll","background-type":"","background-media":"","overlay-type":"","overlay-color":"","overlay-opacity":"","overlay-gradient":""},"mobile":{"background-color":"var(--ast-global-color-5)","background-image":"","background-repeat":"repeat","background-position":"center center","background-size":"auto","background-attachment":"scroll","background-type":"","background-media":"","overlay-type":"","overlay-color":"","overlay-opacity":"","overlay-gradient":""}},"footnotes":""},"categories":[31],"tags":[],"class_list":["post-877","post","type-post","status-publish","format-standard","hentry","category-actualites-2022-2023"],"modified_by":"slecourtier","_links":{"self":[{"href":"https:\/\/snalc.org\/snalc2023\/index.php?rest_route=\/wp\/v2\/posts\/877","targetHints":{"allow":["GET"]}}],"collection":[{"href":"https:\/\/snalc.org\/snalc2023\/index.php?rest_route=\/wp\/v2\/posts"}],"about":[{"href":"https:\/\/snalc.org\/snalc2023\/index.php?rest_route=\/wp\/v2\/types\/post"}],"author":[{"embeddable":true,"href":"https:\/\/snalc.org\/snalc2023\/index.php?rest_route=\/wp\/v2\/users\/1"}],"replies":[{"embeddable":true,"href":"https:\/\/snalc.org\/snalc2023\/index.php?rest_route=%2Fwp%2Fv2%2Fcomments&post=877"}],"version-history":[{"count":1,"href":"https:\/\/snalc.org\/snalc2023\/index.php?rest_route=\/wp\/v2\/posts\/877\/revisions"}],"predecessor-version":[{"id":878,"href":"https:\/\/snalc.org\/snalc2023\/index.php?rest_route=\/wp\/v2\/posts\/877\/revisions\/878"}],"wp:attachment":[{"href":"https:\/\/snalc.org\/snalc2023\/index.php?rest_route=%2Fwp%2Fv2%2Fmedia&parent=877"}],"wp:term":[{"taxonomy":"category","embeddable":true,"href":"https:\/\/snalc.org\/snalc2023\/index.php?rest_route=%2Fwp%2Fv2%2Fcategories&post=877"},{"taxonomy":"post_tag","embeddable":true,"href":"https:\/\/snalc.org\/snalc2023\/index.php?rest_route=%2Fwp%2Fv2%2Ftags&post=877"}],"curies":[{"name":"wp","href":"https:\/\/api.w.org\/{rel}","templated":true}]}}