{"id":879,"date":"2023-01-20T07:13:45","date_gmt":"2023-01-20T06:13:45","guid":{"rendered":"https:\/\/snalc.org\/snalc2023\/?p=879"},"modified":"2023-01-20T07:13:47","modified_gmt":"2023-01-20T06:13:47","slug":"revalorisation-des-enseignants-cpe-psy-en-concertation-2023-3","status":"publish","type":"post","link":"https:\/\/snalc.org\/snalc2023\/?p=879","title":{"rendered":"Revalorisation des enseignants, CPE, Psy-EN : concertation 2023"},"content":{"rendered":"\n<img loading=\"lazy\" decoding=\"async\" src=\"https:\/\/snalc.fr\/wp-content\/uploads\/salaire4_istock_fullempty.jpg\" class=\"attachment-full size-full\" alt=\"\" loading=\"lazy\" srcset=\"https:\/\/snalc.fr\/wp-content\/uploads\/salaire4_istock_fullempty.jpg 804w, https:\/\/snalc.fr\/wp-content\/uploads\/salaire4_istock_fullempty-300x204.jpg 300w, https:\/\/snalc.fr\/wp-content\/uploads\/salaire4_istock_fullempty-768x523.jpg 768w\" sizes=\"auto, (max-width: 804px) 100vw, 804px\" width=\"804\" height=\"547\">\t\t\t\t\t\t\t\t\t\t\t<figcaption class=\"widget-image-caption wp-caption-text\">\u00a9 istock_fullempty<\/figcaption>\n\t\t\t\t\t\t\t\t\t\t<\/figure>\n\t\t\t\t\t\t\t\t\t<\/div>\n\t\t\t\t<\/div>\n\t\t\t\t<div class=\"elementor-element elementor-element-2987e2d0 elementor-widget elementor-widget-theme-post-content\" data-id=\"2987e2d0\" data-element_type=\"widget\" data-widget_type=\"theme-post-content.default\">\n\t\t\t\t<div class=\"elementor-widget-container\">\n\t\t\t\t\t<div data-elementor-type=\"wp-post\" data-elementor-id=\"22240\" class=\"elementor elementor-22240\">\n\t\t\t\t\t\t\t\t\t<section class=\"elementor-section elementor-top-section elementor-element elementor-element-1c0e013 elementor-section-boxed elementor-section-height-default elementor-section-height-default\" data-id=\"1c0e013\" data-element_type=\"section\">\n\t\t\t\t\t\t<div class=\"elementor-container elementor-column-gap-default\">\n\t\t\t\t\t<div class=\"elementor-column elementor-col-100 elementor-top-column elementor-element elementor-element-06d2994\" data-id=\"06d2994\" data-element_type=\"column\">\n\t\t\t<div class=\"elementor-widget-wrap elementor-element-populated\">\n\t\t\t\t\t\t\t\t<div class=\"elementor-element elementor-element-802f699 elementor-widget elementor-widget-text-editor\" data-id=\"802f699\" data-element_type=\"widget\" data-widget_type=\"text-editor.default\">\n\t\t\t\t<div class=\"elementor-widget-container\">\n\t\t\t\t\t\t\t<p><strong>Apr\u00e8s des ann\u00e9es de d\u00e9ni et de relativisme des pouvoirs publics et des m\u00e9dias, plus personne ne conteste d\u00e9sormais la faiblesse des r\u00e9mun\u00e9rations que le minist\u00e8re de l\u2019\u00c9ducation nationale dispense \u00e0 ses enseignants.&nbsp; Aujourd\u2019hui, les traitements des enseignants, plomb\u00e9s par le d\u00e9crochage de la valeur du point d\u2019indice par rapport \u00e0 l\u2019inflation, sont beaucoup plus bas que dans les autres fonctions publiques et les autres pays de l\u2019OCDE.<\/strong><\/p><p><strong>Reconna\u00eetre la faiblesse de nos r\u00e9mun\u00e9rations ne suffit pas. Il est temps de prendre des mesures concr\u00e8tes pour r\u00e9mun\u00e9rer correctement les personnels, garantie indispensable de la qualit\u00e9 de notre \u00e9cole.&nbsp;<span style=\"font-family: var( --e-global-typography-text-font-family ), Sans-serif; color: var( --e-global-color-c94e945 ); letter-spacing: 0px;\">Or, ce n\u2019est pas en proposant un \u00ab pacte \u00bb \u2013 donc des t\u00e2ches suppl\u00e9mentaires \u2013 en \u00e9change d\u2019une pseudo-revalorisation de leur traitement que ce gouvernement parviendra \u00e0 rendre leur attractivit\u00e9 \u00e0 nos m\u00e9tiers. L<\/span><span style=\"font-family: var( --e-global-typography-text-font-family ), Sans-serif; color: var( --e-global-color-c94e945 ); letter-spacing: 0px;\">e SNALC r\u00e9clame depuis plusieurs ann\u00e9es&nbsp;<\/span><span style=\"color: var( --e-global-color-c94e945 ); font-family: var( --e-global-typography-text-font-family ), Sans-serif; letter-spacing: 0px;\">un v\u00e9ritable rattrapage salarial, sans contrepartie.<\/span><\/strong><\/p><p><strong>En tant qu\u2019organisation syndicale repr\u00e9sentative, le SNALC participe aux r\u00e9unions de \u201cconcertation\u201d 2022-2023 sur la revalorisation des enseignants, CPE, Psy-EN. Nous publierons sur cette page les comptes rendus de chaque r\u00e9union, en toute transparence.<\/strong><\/p>\t\t\t\t\t\t<\/div>\n\t\t\t\t<\/div>\n\t\t\t\t\t<\/div>\n\t\t<\/div>\n\t\t\t\t\t\t\t<\/div>\n\t\t<\/section>\n\t\t\t\t<section class=\"elementor-section elementor-top-section elementor-element elementor-element-ed0fc9c elementor-section-boxed elementor-section-height-default elementor-section-height-default\" data-id=\"ed0fc9c\" data-element_type=\"section\">\n\t\t\t\t\t\t<div class=\"elementor-container elementor-column-gap-default\">\n\t\t\t\t\t<div class=\"elementor-column elementor-col-100 elementor-top-column elementor-element elementor-element-0786630\" data-id=\"0786630\" data-element_type=\"column\">\n\t\t\t<div class=\"elementor-widget-wrap elementor-element-populated\">\n\t\t\t\t\t\t\t\t<div class=\"elementor-element elementor-element-811594d elementor-widget elementor-widget-heading\" data-id=\"811594d\" data-element_type=\"widget\" data-widget_type=\"heading.default\">\n\t\t\t\t<div class=\"elementor-widget-container\">\n\t\t\t<h5 class=\"elementor-heading-title elementor-size-default\">Calendrier des prochaines r\u00e9unions <\/h5>\t\t<\/div>\n\t\t\t\t<\/div>\n\t\t\t\t<div class=\"elementor-element elementor-element-6091526 elementor-widget elementor-widget-text-editor\" data-id=\"6091526\" data-element_type=\"widget\" data-widget_type=\"text-editor.default\">\n\t\t\t\t<div class=\"elementor-widget-container\">\n\t\t\t\t\t\t\t<p>&nbsp;<\/p><ul><li class=\"ydpf677bbc9yiv5027867376MsoNormal\"><b>Mardi 24 janvier 2023 de 9h30 \u00e0 12h30<\/b> \u2013 Premi\u00e8re r\u00e9union sur les mesures au titre du socle&nbsp;<\/li><li class=\"ydpf677bbc9yiv5027867376MsoNormal\"><b>Mardi 7 f\u00e9vrier de 9h30 \u00e0 12h30<\/b> \u2013 Premi\u00e8re r\u00e9union sur les mesures au titre du pacte&nbsp;<\/li><li class=\"ydpf677bbc9yiv5027867376MsoNormal\"><b>Mercredi 15 f\u00e9vrier de 9h30 \u00e0 12h30<\/b> &nbsp;\u2013 &nbsp;2<sup>\u00e8me<\/sup> r\u00e9union sur le socle<\/li><li class=\"ydpf677bbc9yiv5027867376MsoNormal\"><b>Lundi 6 mars de 14h30 \u00e0 17h30<\/b> \u2013 2<sup>\u00e8me<\/sup> r\u00e9union sur le pacte<\/li><li class=\"ydpf677bbc9yiv5027867376MsoNormal\"><b>Lundi 13 mars de 14h30 \u00e0 17h30<\/b> &nbsp;\u2013 S\u00e9ance de synth\u00e8se des travaux<\/li><\/ul>\t\t\t\t\t\t<\/div>\n\t\t\t\t<\/div>\n\t\t\t\t\t<\/div>\n\t\t<\/div>\n\t\t\t\t\t\t\t<\/div>\n\t\t<\/section>\n\t\t\t\t<section class=\"elementor-section elementor-top-section elementor-element elementor-element-ae8fd48 elementor-section-boxed elementor-section-height-default elementor-section-height-default\" data-id=\"ae8fd48\" data-element_type=\"section\">\n\t\t\t\t\t\t<div class=\"elementor-container elementor-column-gap-default\">\n\t\t\t\t\t<div class=\"elementor-column elementor-col-100 elementor-top-column elementor-element elementor-element-82f8460\" data-id=\"82f8460\" data-element_type=\"column\">\n\t\t\t<div class=\"elementor-widget-wrap elementor-element-populated\">\n\t\t\t\t\t\t\t\t<div class=\"elementor-element elementor-element-1c5434c elementor-widget elementor-widget-accordion\" data-id=\"1c5434c\" data-element_type=\"widget\" data-widget_type=\"accordion.default\">\n\t\t\t\t<div class=\"elementor-widget-container\">\n\t\t\t\t\t<div class=\"elementor-accordion\" role=\"tablist\">\n\t\t\t\t\t\t\t<div class=\"elementor-accordion-item\">\n\t\t\t\t\t<div id=\"elementor-tab-title-2971\" class=\"elementor-tab-title elementor-active\" data-tab=\"1\" role=\"tab\" aria-controls=\"elementor-tab-content-2971\" aria-expanded=\"true\" tabindex=\"0\" aria-selected=\"true\">\n\t\t\t\t\t\t\t\t\t\t\t\t\t<span class=\"elementor-accordion-icon elementor-accordion-icon-left\" aria-hidden=\"true\">\n\t\t\t\t\t\t\t\t\t\t\t\t\t\t\t<span class=\"elementor-accordion-icon-closed\"><i class=\"fas fa-plus\"><\/i><\/span>\n\t\t\t\t\t\t\t\t<span class=\"elementor-accordion-icon-opened\"><i class=\"fas fa-minus\"><\/i><\/span>\n\t\t\t\t\t\t\t\t\t\t\t\t\t\t<\/span>\n\t\t\t\t\t\t\t\t\t\t\t\t<a class=\"elementor-accordion-title\" href=\"\">R\u00e9union du 18 janvier 2023<\/a>\n\t\t\t\t\t<\/div>\n\t\t\t\t\t<div id=\"elementor-tab-content-2971\" class=\"elementor-tab-content elementor-clearfix elementor-active\" data-tab=\"1\" role=\"tabpanel\" aria-labelledby=\"elementor-tab-title-2971\" style=\"display: block;\"><p><span style=\"color: #ff6600;\"><strong>TH\u00c8ME<\/strong><\/span><\/p><p>Pr\u00e9sentation g\u00e9n\u00e9rale par le ministre.<\/p><p>&nbsp;<\/p><p><span style=\"color: #ff6600;\"><strong>L\u2019ESSENTIEL<\/strong><\/span><\/p><p>Aucun \u00e9l\u00e9ment concret lors de cette r\u00e9union.<\/p><p>Le ministre explique le mode de calcul permettant d\u2019aboutir au chiffre de 10&nbsp;% d\u2019augmentation&nbsp;: il faut additionner l\u2019enveloppe pour la \u00ab&nbsp;revalorisation socle&nbsp;\u00bb qui commence en septembre, la mesure de d\u00e9gel du point d\u2019indice et les tranches pr\u00e9c\u00e9dentes de la prime d\u2019attractivit\u00e9 Blanquer.<\/p><p>Le \u00ab&nbsp;pacte&nbsp;\u00bb contiendra un m\u00e9lange de missions d\u00e9j\u00e0 existantes et de missions nouvelles, dont le remplacement de courte dur\u00e9e, l\u2019accompagnement et l\u2019orientation ou encore la formation continue. Les HSE effectu\u00e9es par les professeurs des \u00e9coles sur la future heure de soutien en sixi\u00e8me pourraient \u00eatre incluses dans ce pacte.<\/p><p>&nbsp;<\/p><p><strong style=\"color: #ff6600;\">Le SNALC A INSIST\u00c9 SUR\u2026<\/strong><\/p><p>Les annonces contradictoires (sur la date, sur le p\u00e9rim\u00e8tre, sur le montant), qui ont parasit\u00e9 le d\u00e9bat pendant des mois.<\/p><p>Le calcul des 10%, qui est trompeur et mensonger. Des mois de communication sur un chiffre faux.<\/p><p>Son exigence d\u2019un rattrapage salarial pour tous les personnels, sans contreparties, dans le cadre d\u2019une loi pluriannuelle.<\/p><p>Son rejet de l\u2019expression \u00ab&nbsp;revalorisation inconditionnelle&nbsp;\u00bb \u00e0 partir du moment o\u00f9 une grande partie des coll\u00e8gues ne touchera rien du fait de conditions li\u00e9es \u00e0 l\u2019anciennet\u00e9 dans la carri\u00e8re.<\/p><p>Son refus du pacte, dont l\u2019enveloppe doit servir au rattrapage salarial sans contreparties pour tous les coll\u00e8gues.<\/p><p>&nbsp;<\/p><p><span style=\"color: #ff6600;\"><strong>L\u2019AVIS DU SNALC<\/strong><\/span><\/p><p><strong>Alors que les \u00e9l\u00e9ments techniques vont enfin commencer \u00e0 \u00eatre pr\u00e9sent\u00e9s la semaine prochaine, on continue jusqu\u2019au bout la d\u00e9marche de communication politique sur cette revalorisation qui n\u2019en est pas une. En effet, une partie des coll\u00e8gues sera laiss\u00e9e pour compte, une partie de la d\u00e9marche (le pacte) n\u2019est pas une revalorisation mais du \u00ab&nbsp;travailler plus pour gagner plus&nbsp;\u00bb, et le montant global ne permet pas de combler l\u2019\u00e9cart entre les enseignants\/CPE\/PsyEN et la moyenne des agents de cat\u00e9gorie A de la fonction publique d\u2019\u00c9tat, loin s\u2019en faut.<\/strong><\/p><p><strong>Alors que le ministre pose plusieurs constats tout \u00e0 fait exacts (sur l\u2019\u00e9cart avec la cat\u00e9gorie A, par exemple), les mesures annonc\u00e9es ne r\u00e9pondront pas \u00e0 ces constats.<\/strong><\/p><p><strong>La partie <em>pacte<\/em> est une honte absolue et doit \u00eatre imm\u00e9diatement abandonn\u00e9e, alors m\u00eame que le minist\u00e8re dispose de tous les \u00e9l\u00e9ments n\u00e9cessaires sur le temps de travail effectif des coll\u00e8gues, sur leur mal-\u00eatre au travail et sur leur d\u00e9consid\u00e9ration financi\u00e8re et sociale. C\u2019est encore une fa\u00e7on implicite de nous faire passer pour des feignants qui pourraient quand m\u00eame faire quelques efforts suppl\u00e9mentaires pour gagner trois kopecks\u2026<\/strong><\/p><hr><p><a href=\"https:\/\/snalc.fr\/wp-content\/uploads\/SNALC_REVALORISATION_CONCERTATION_CR_20230118.pdf\">T\u00e9l\u00e9charger ce compte rendu en PDF<\/a><\/p><\/div>\n\t\t\t\t<\/div>\n\t\t\t\t\t\t\t<div class=\"elementor-accordion-item\">\n\t\t\t\t\t<div id=\"elementor-tab-title-2972\" class=\"elementor-tab-title\" data-tab=\"2\" role=\"tab\" aria-controls=\"elementor-tab-content-2972\" aria-expanded=\"false\">\n\t\t\t\t\t\t\t\t\t\t\t\t\t<span class=\"elementor-accordion-icon elementor-accordion-icon-left\" aria-hidden=\"true\">\n\t\t\t\t\t\t\t\t\t\t\t\t\t\t\t<span class=\"elementor-accordion-icon-closed\"><i class=\"fas fa-plus\"><\/i><\/span>\n\t\t\t\t\t\t\t\t<span class=\"elementor-accordion-icon-opened\"><i class=\"fas fa-minus\"><\/i><\/span>\n\t\t\t\t\t\t\t\t\t\t\t\t\t\t<\/span>\n\t\t\t\t\t\t\t\t\t\t\t\t<a class=\"elementor-accordion-title\" href=\"\">R\u00e9union du 16 novembre 2022<\/a>\n\t\t\t\t\t<\/div>\n\t\t\t\t\t<div id=\"elementor-tab-content-2972\" class=\"elementor-tab-content elementor-clearfix\" data-tab=\"2\" role=\"tabpanel\" aria-labelledby=\"elementor-tab-title-2972\"><p><span style=\"color: #ff6600;\"><strong>TH\u00c8ME<\/strong><\/span><\/p><p>Conclusion interm\u00e9diaire apr\u00e8s les pr\u00e9c\u00e9dentes s\u00e9ances de travail \u2014 r\u00e9mun\u00e9ration, temps de travail, bien-\u00eatre au travail, d\u00e9roulement de carri\u00e8re, missions.<\/p><p>&nbsp;<\/p><p><span style=\"color: #ff6600;\"><strong>L\u2019ESSENTIEL<\/strong><\/span><\/p><p>La concertation d\u00e9butera si possible \u00e0 partir de mi-d\u00e9cembre jusqu\u2019\u00e0 la fin f\u00e9vrier, pour des actes \u00e0 partir de septembre 2023.<br>Retour sur le probl\u00e8me d\u2019attractivit\u00e9 du m\u00e9tier d\u2019enseignant : inqui\u00e9tudes par rapport aux concours, d\u2019o\u00f9 le fait de retarder la date limite d\u2019inscription, ce qui permettra une campagne de communication.<br>Sur la \u00ab revalorisation \u00bb, la question des d\u00e9buts de carri\u00e8re jusqu\u2019aux milieux de carri\u00e8re fait l\u2019objet d\u2019une attention particuli\u00e8re. Mais les fins de carri\u00e8re ne seront pas oubli\u00e9es [NDLR : sous des modalit\u00e9s qui ne sont pour le moment pas claires, et visiblement pas dans l\u2019enveloppe dite \u00ab inconditionnelle \u00bb]. Question des acc\u00e9l\u00e9rations de carri\u00e8re, ainsi que sur son \u00ab process \u00bb. Pas de blocage a priori sur telle ou telle piste.<br>Sur le \u00ab pacte \u00bb, la r\u00e9flexion est en cours. Retour sur la question du remplacement de courte dur\u00e9e, qui est aussi tout l\u2019objet du pacte.<br>Suite aux \u00e9changes, le minist\u00e8re retient un certain nombre d\u2019\u00e9l\u00e9ments (\u00e9galit\u00e9 femme\/homme, carri\u00e8re et fin de carri\u00e8re, 1er et 2nd degr\u00e9s sur les missions, conditions de travail, questions li\u00e9es au recrutement\/formation, \u00e0 l\u2019\u00e9cole inclusive\u2026)<\/p><p><strong style=\"color: #ff6600;\"><br>Le SNALC A INSIST\u00c9 SUR\u2026<\/strong><\/p><ul><li>Le rattrapage salarial sans contrepartie, qui doit concerner tous les coll\u00e8gues, peu importe leur anciennet\u00e9.<\/li><li>Son refus de tout \u00ab pacte \u00bb, qui est en contradiction avec nos revendications et avec l\u2019\u00e9tat des lieux objectif, et objectiv\u00e9 par les \u00e9tudes du minist\u00e8re lui-m\u00eame, du syst\u00e8me \u00e9ducatif.<\/li><li>Son refus du cadre impos\u00e9, alors m\u00eame que le minist\u00e8re proclame qu\u2019il n\u2019y a pas de blocage a priori. Les propos du ministre au S\u00e9nat sur une revalorisation inconditionnelle ne concernant que les 20 premi\u00e8res ann\u00e9es de carri\u00e8re sont en contradiction avec cet affichage.<\/li><li>Le fait que ce n\u2019est pas avec les enveloppes du projet de Loi de Finance 2023 qu\u2019on aura r\u00e9gl\u00e9 les probl\u00e8mes d\u2019attractivit\u00e9 et de r\u00e9mun\u00e9ration, loin de l\u00e0. Il faut s\u2019inscrire dans un rattrapage salarial sur plusieurs ann\u00e9es, ce qui ne semble pas \u00eatre le projet actuel.<\/li><li>La question des conditions de travail, qui semble oubli\u00e9e, puisque lorsque le nombre d\u2019\u00e9l\u00e8ves augmente, on supprime des postes, et que lorsqu\u2019il diminue, on supprime \u00e9galement des postes. M\u00eame chose, par exemple, sur le fonctionnement de l\u2019\u00e9cole inclusive.<\/li><li>Le fait que l\u2019ann\u00e9e de stage fait partie de la carri\u00e8re, et ne peut \u00eatre oubli\u00e9e dans un processus de rattrapage salarial.<\/li><li>La n\u00e9cessit\u00e9 d\u2019am\u00e9liorer le passage \u00e0 la hors-classe et \u00e0 la classe exceptionnelle, et la fin du blocage d\u00e9finitif li\u00e9 au 3e rendez-vous de carri\u00e8re (il faut avoir la possibilit\u00e9 de demander une nouvelle \u00e9valuation).<\/li><\/ul><p>&nbsp;<\/p><p><span style=\"color: #ff6600;\"><strong>L\u2019AVIS DU SNALC<\/strong><\/span><\/p><p>Rien de nouveau sous le soleil. Alors m\u00eame que beaucoup de choses sont dans le d\u00e9bat public depuis plusieurs mois (le pacte, l\u2019augmentation cibl\u00e9e uniquement sur la premi\u00e8re moiti\u00e9 de carri\u00e8re), le minist\u00e8re ne peut nous dire quoi que ce soit de concret sur quelque sujet que ce soit. Il remet \u00e0 apr\u00e8s les \u00e9lections professionnelles le travail concret, tout en sachant d\u00e8s \u00e0 pr\u00e9sent qu\u2019il faudra aller vite. Le SNALC continue de demander un rattrapage salarial pour l\u2019ensemble des coll\u00e8gues, sans pacte, sans missions suppl\u00e9mentaires. Il a d\u00e9j\u00e0 effectu\u00e9 tous les calculs et toutes les propositions chiffr\u00e9es n\u00e9cessaires, et ce depuis plusieurs ann\u00e9es.<\/p><hr><p><a href=\"https:\/\/snalc.fr\/wp-content\/uploads\/SNALC_REVALORISATION_CONCERTATION_CR_20221116.pdf\">T\u00e9l\u00e9charger ce compte rendu en PDF<\/a><\/p><\/div>\n\t\t\t\t<\/div>\n\t\t\t\t\t\t\t<div class=\"elementor-accordion-item\">\n\t\t\t\t\t<div id=\"elementor-tab-title-2973\" class=\"elementor-tab-title\" data-tab=\"3\" role=\"tab\" aria-controls=\"elementor-tab-content-2973\" aria-expanded=\"false\">\n\t\t\t\t\t\t\t\t\t\t\t\t\t<span class=\"elementor-accordion-icon elementor-accordion-icon-left\" aria-hidden=\"true\">\n\t\t\t\t\t\t\t\t\t\t\t\t\t\t\t<span class=\"elementor-accordion-icon-closed\"><i class=\"fas fa-plus\"><\/i><\/span>\n\t\t\t\t\t\t\t\t<span class=\"elementor-accordion-icon-opened\"><i class=\"fas fa-minus\"><\/i><\/span>\n\t\t\t\t\t\t\t\t\t\t\t\t\t\t<\/span>\n\t\t\t\t\t\t\t\t\t\t\t\t<a class=\"elementor-accordion-title\" href=\"\">R\u00e9union du 9 novembre 2022<\/a>\n","protected":false},"excerpt":{"rendered":"<p>\u00a9 istock_fullempty Apr\u00e8s des ann\u00e9es de d\u00e9ni et de relativisme des pouvoirs publics et des m\u00e9dias, plus personne ne conteste d\u00e9sormais la faiblesse des r\u00e9mun\u00e9rations que le minist\u00e8re de l\u2019\u00c9ducation [&hellip;]<\/p>\n","protected":false},"author":1,"featured_media":0,"comment_status":"closed","ping_status":"closed","sticky":false,"template":"","format":"standard","meta":{"_lmt_disableupdate":"","_lmt_disable":"","site-sidebar-layout":"default","site-content-layout":"","ast-site-content-layout":"default","site-content-style":"default","site-sidebar-style":"default","ast-global-header-display":"","ast-banner-title-visibility":"","ast-main-header-display":"","ast-hfb-above-header-display":"","ast-hfb-below-header-display":"","ast-hfb-mobile-header-display":"","site-post-title":"","ast-breadcrumbs-content":"","ast-featured-img":"","footer-sml-layout":"","ast-disable-related-posts":"","theme-transparent-header-meta":"","adv-header-id-meta":"","stick-header-meta":"","header-above-stick-meta":"","header-main-stick-meta":"","header-below-stick-meta":"","astra-migrate-meta-layouts":"default","ast-page-background-enabled":"default","ast-page-background-meta":{"desktop":{"background-color":"var(--ast-global-color-4)","background-image":"","background-repeat":"repeat","background-position":"center center","background-size":"auto","background-attachment":"scroll","background-type":"","background-media":"","overlay-type":"","overlay-color":"","overlay-opacity":"","overlay-gradient":""},"tablet":{"background-color":"","background-image":"","background-repeat":"repeat","background-position":"center center","background-size":"auto","background-attachment":"scroll","background-type":"","background-media":"","overlay-type":"","overlay-color":"","overlay-opacity":"","overlay-gradient":""},"mobile":{"background-color":"","background-image":"","background-repeat":"repeat","background-position":"center center","background-size":"auto","background-attachment":"scroll","background-type":"","background-media":"","overlay-type":"","overlay-color":"","overlay-opacity":"","overlay-gradient":""}},"ast-content-background-meta":{"desktop":{"background-color":"var(--ast-global-color-5)","background-image":"","background-repeat":"repeat","background-position":"center center","background-size":"auto","background-attachment":"scroll","background-type":"","background-media":"","overlay-type":"","overlay-color":"","overlay-opacity":"","overlay-gradient":""},"tablet":{"background-color":"var(--ast-global-color-5)","background-image":"","background-repeat":"repeat","background-position":"center center","background-size":"auto","background-attachment":"scroll","background-type":"","background-media":"","overlay-type":"","overlay-color":"","overlay-opacity":"","overlay-gradient":""},"mobile":{"background-color":"var(--ast-global-color-5)","background-image":"","background-repeat":"repeat","background-position":"center center","background-size":"auto","background-attachment":"scroll","background-type":"","background-media":"","overlay-type":"","overlay-color":"","overlay-opacity":"","overlay-gradient":""}},"footnotes":""},"categories":[31,25],"tags":[],"class_list":["post-879","post","type-post","status-publish","format-standard","hentry","category-actualites-2022-2023","category-remuneration"],"modified_by":"slecourtier","_links":{"self":[{"href":"https:\/\/snalc.org\/snalc2023\/index.php?rest_route=\/wp\/v2\/posts\/879","targetHints":{"allow":["GET"]}}],"collection":[{"href":"https:\/\/snalc.org\/snalc2023\/index.php?rest_route=\/wp\/v2\/posts"}],"about":[{"href":"https:\/\/snalc.org\/snalc2023\/index.php?rest_route=\/wp\/v2\/types\/post"}],"author":[{"embeddable":true,"href":"https:\/\/snalc.org\/snalc2023\/index.php?rest_route=\/wp\/v2\/users\/1"}],"replies":[{"embeddable":true,"href":"https:\/\/snalc.org\/snalc2023\/index.php?rest_route=%2Fwp%2Fv2%2Fcomments&post=879"}],"version-history":[{"count":1,"href":"https:\/\/snalc.org\/snalc2023\/index.php?rest_route=\/wp\/v2\/posts\/879\/revisions"}],"predecessor-version":[{"id":880,"href":"https:\/\/snalc.org\/snalc2023\/index.php?rest_route=\/wp\/v2\/posts\/879\/revisions\/880"}],"wp:attachment":[{"href":"https:\/\/snalc.org\/snalc2023\/index.php?rest_route=%2Fwp%2Fv2%2Fmedia&parent=879"}],"wp:term":[{"taxonomy":"category","embeddable":true,"href":"https:\/\/snalc.org\/snalc2023\/index.php?rest_route=%2Fwp%2Fv2%2Fcategories&post=879"},{"taxonomy":"post_tag","embeddable":true,"href":"https:\/\/snalc.org\/snalc2023\/index.php?rest_route=%2Fwp%2Fv2%2Ftags&post=879"}],"curies":[{"name":"wp","href":"https:\/\/api.w.org\/{rel}","templated":true}]}}