{"id":898,"date":"2023-01-24T07:13:06","date_gmt":"2023-01-24T06:13:06","guid":{"rendered":"https:\/\/snalc.org\/snalc2023\/?p=898"},"modified":"2023-01-24T07:13:09","modified_gmt":"2023-01-24T06:13:09","slug":"les-federations-syndicales-appellent-a-amplifier-la-greve-le-31-janvier","status":"publish","type":"post","link":"https:\/\/snalc.org\/snalc2023\/?p=898","title":{"rendered":"Les f\u00e9d\u00e9rations syndicales appellent \u00e0 amplifier la gr\u00e8ve le 31 janvier"},"content":{"rendered":"\n\t\t\t\t<\/span>\n\t\t\t\t\t<\/span>\n\t\t\t\t\t\t\t\t<\/li>\n\t\t\t\t<\/ul>\n\t\t\t\t<\/div>\n\t\t\t\t<\/div>\n\t\t\t\t<div class=\"elementor-element elementor-element-57213923 elementor-widget elementor-widget-theme-post-featured-image elementor-widget-image\" data-id=\"57213923\" data-element_type=\"widget\" data-widget_type=\"theme-post-featured-image.default\">\n\t\t\t\t<div class=\"elementor-widget-container\">\n\t\t\t\t\t\t\t\t\t\t\t\t<figure class=\"wp-caption\">\n\t\t\t\t\t\t\t\t\t\t<img loading=\"lazy\" decoding=\"async\" src=\"https:\/\/snalc.fr\/wp-content\/uploads\/20230131_compresse_IF_retraite.jpg\" class=\"attachment-full size-full\" alt=\"\" loading=\"lazy\" srcset=\"https:\/\/snalc.fr\/wp-content\/uploads\/20230131_compresse_IF_retraite.jpg 1511w, https:\/\/snalc.fr\/wp-content\/uploads\/20230131_compresse_IF_retraite-300x208.jpg 300w, https:\/\/snalc.fr\/wp-content\/uploads\/20230131_compresse_IF_retraite-1024x710.jpg 1024w, https:\/\/snalc.fr\/wp-content\/uploads\/20230131_compresse_IF_retraite-768x532.jpg 768w\" sizes=\"auto, (max-width: 1511px) 100vw, 1511px\" width=\"1511\" height=\"1047\">\t\t\t\t\t\t\t\t\t\t\t<figcaption class=\"widget-image-caption wp-caption-text\"><\/figcaption>\n\t\t\t\t\t\t\t\t\t\t<\/figure>\n\t\t\t\t\t\t\t\t\t<\/div>\n\t\t\t\t<\/div>\n\t\t\t\t<div class=\"elementor-element elementor-element-2987e2d0 elementor-widget elementor-widget-theme-post-content\" data-id=\"2987e2d0\" data-element_type=\"widget\" data-widget_type=\"theme-post-content.default\">\n\t\t\t\t<div class=\"elementor-widget-container\">\n\t\t\t\t\t<div data-elementor-type=\"wp-post\" data-elementor-id=\"23637\" class=\"elementor elementor-23637\">\n\t\t\t\t\t\t\t\t\t<section class=\"elementor-section elementor-top-section elementor-element elementor-element-b21ed1e elementor-section-boxed elementor-section-height-default elementor-section-height-default\" data-id=\"b21ed1e\" data-element_type=\"section\">\n\t\t\t\t\t\t<div class=\"elementor-container elementor-column-gap-default\">\n\t\t\t\t\t<div class=\"elementor-column elementor-col-100 elementor-top-column elementor-element elementor-element-7fc9958\" data-id=\"7fc9958\" data-element_type=\"column\">\n\t\t\t<div class=\"elementor-widget-wrap elementor-element-populated\">\n\t\t\t\t\t\t\t\t<div class=\"elementor-element elementor-element-edcbb12 elementor-widget elementor-widget-heading\" data-id=\"edcbb12\" data-element_type=\"widget\" data-widget_type=\"heading.default\">\n\t\t\t\t<div class=\"elementor-widget-container\">\n\t\t\t<h5 class=\"elementor-heading-title elementor-size-default\">Les f\u00e9d\u00e9rations syndicales de l\u2019\u00c9ducation, de l\u2019Enseignement sup\u00e9rieur et la Recherche appellent les personnels \u00e0 amplifier la gr\u00e8ve le 31 janvier pour obtenir le retrait du projet de r\u00e9forme<\/h5>\t\t<\/div>\n\t\t\t\t<\/div>\n\t\t\t\t\t<\/div>\n\t\t<\/div>\n\t\t\t\t\t\t\t<\/div>\n\t\t<\/section>\n\t\t\t\t<section class=\"elementor-section elementor-top-section elementor-element elementor-element-07fe928 elementor-section-boxed elementor-section-height-default elementor-section-height-default\" data-id=\"07fe928\" data-element_type=\"section\">\n\t\t\t\t\t\t<div class=\"elementor-container elementor-column-gap-default\">\n\t\t\t\t\t<div class=\"elementor-column elementor-col-100 elementor-top-column elementor-element elementor-element-9716560\" data-id=\"9716560\" data-element_type=\"column\">\n\t\t\t<div class=\"elementor-widget-wrap elementor-element-populated\">\n\t\t\t\t\t\t\t\t<div class=\"elementor-element elementor-element-35238ad elementor-widget elementor-widget-text-editor\" data-id=\"35238ad\" data-element_type=\"widget\" data-widget_type=\"text-editor.default\">\n\t\t\t\t<div class=\"elementor-widget-container\">\n\t\t\t\t\t\t\t<p>Ce 19 janvier, partout sur le territoire, plus de deux millions de travailleuses et travailleurs, et de jeunes se sont mobilis\u00e9s mis en gr\u00e8ve et\/ou ont manifest\u00e9, dans le public comme dans le priv\u00e9, contre la r\u00e9forme des retraites de ce gouvernement.<\/p><p>Cette r\u00e9forme est inacceptable et va \u00e0 l\u2019encontre des int\u00e9r\u00eats de la population. Elle ne s\u2019y trompe pas, puisque m\u00eame avant d\u2019\u00eatre dans la rue plus de 600 000 personnes ont d\u00e9j\u00e0 sign\u00e9 la p\u00e9tition intersyndicale.<\/p><p>Les travailleuses et les travailleurs aspirent \u00e0 partir \u00e0 la retraite en bonne sant\u00e9 et avec un niveau de retraite qui permette de vivre dignement. Le message est tr\u00e8s clair : le gouvernement doit renoncer \u00e0 la fois \u00e0 l\u2019\u00e2ge de d\u00e9part \u00e0 la retraite \u00e0 64 ans et \u00e0 l\u2019acc\u00e9l\u00e9ration de l\u2019augmentation de la dur\u00e9e de cotisation. D\u2019autres solutions existent, elles ont malheureusement \u00e9t\u00e9 balay\u00e9es d\u2019un revers de main.<\/p><p>L\u2019ensemble des organisations syndicales r\u00e9affirme son opposition \u00e0 la r\u00e9forme et sa d\u00e9termination \u00e0 avoir un syst\u00e8me de retraite juste, financ\u00e9 aussi par un autre partage des richesses.<\/p><p>Afin de renforcer et d\u2019inscrire dans la dur\u00e9e cette premi\u00e8re mobilisation massive, les organisations syndicales appellent d\u00e8s \u00e0 pr\u00e9sent \u00e0 une journ\u00e9e de gr\u00e8ve et de manifestation interprofessionnelle.<\/p><p>L\u2019intersyndicale invite la population \u00e0 signer massivement la <a href=\"https:\/\/chng.it\/JvV5kt2XJ5\">p\u00e9tition,<\/a> et appelle \u00e0 multiplier les actions et initiatives partout sur le territoire, dans les entreprises et services, dans les lieux d\u2019\u00e9tude, y compris par la gr\u00e8ve, notamment autour du 23 janvier, jour de la pr\u00e9sentation de la loi au conseil des ministres.<\/p><p>Elles appellent les salari\u00e9s et les jeunes \u00e0 pr\u00e9parer des assembl\u00e9es g\u00e9n\u00e9rales dans toutes les \u00e9coles et les \u00e9tablissements, les services de l\u2019\u00e9ducation nationale, de l\u2019enseignement sup\u00e9rieur et de la recherche pour discuter des poursuites et du d\u00e9veloppement de la mobilisation. La date du 31 janvier doit \u00eatre encore plus forte que le 19 janvier.<\/p><p>Et alors que le gouvernement appelle les organisations syndicales \u00e0 \u00eatre responsables et \u00e0 ne pas bloquer le pays, nous r\u00e9affirmons qu\u2019il est et sera le seul responsable de cette situation puisque 9 travailleuses et travailleurs sur 10 rejettent cette r\u00e9forme injuste et brutale.<\/p><p>Nous sommes unis et d\u00e9termin\u00e9s \u00e0 faire retirer ce projet de r\u00e9forme des retraites, c\u2019est pourquoi l\u2019intersyndicale appelle \u00e0 une nouvelle journ\u00e9e de gr\u00e8ves et de manifestations interprofessionnelles le 31 janvier. L\u2019intersyndicale conf\u00e9d\u00e9rale se r\u00e9unira le soir m\u00eame.<\/p>\t\t\t\t\t\t<\/div>\n\t\t\t\t<\/div>\n\t\t\t\t\t<\/div>\n\t\t<\/div>\n\t\t\t\t\t\t\t<\/div>\n\t\t<\/section>\n\t\t\t\t<section class=\"elementor-section elementor-top-section elementor-element elementor-element-df85054 elementor-section-boxed elementor-section-height-default elementor-section-height-default\" data-id=\"df85054\" data-element_type=\"section\">\n\t\t\t\t\t\t<div class=\"elementor-container elementor-column-gap-default\">\n\t\t\t\t\t<div class=\"elementor-column elementor-col-100 elementor-top-column elementor-element elementor-element-5af3879\" data-id=\"5af3879\" data-element_type=\"column\">\n\t\t\t<div class=\"elementor-widget-wrap elementor-element-populated\">\n\t\t\t\t\t\t\t\t<div class=\"elementor-element elementor-element-019138d elementor-align-center elementor-widget elementor-widget-button\" data-id=\"019138d\" data-element_type=\"widget\" data-widget_type=\"button.default\">\n\t\t\t\t<div class=\"elementor-widget-container\">\n\t\t\t\t\t<div class=\"elementor-button-wrapper\">\n\t\t\t<a href=\"https:\/\/snalc.fr\/wp-content\/uploads\/20230131_compresse_IF_retraite.pdf\" class=\"elementor-button-link elementor-button elementor-size-sm\" role=\"button\">\n\t\t\t\t\t\t<span class=\"elementor-button-content-wrapper\">\n\t\t\t\t\t\t\t<span class=\"elementor-button-icon elementor-align-icon-left\">\n\t\t\t\t<i aria-hidden=\"true\" class=\"fas fa-file-download\"><\/i>\t\t\t<\/span>\n\t\t\t\t\t\t<span class=\"elementor-button-text\">T\u00e9l\u00e9charger<\/span>\n","protected":false},"excerpt":{"rendered":"<p>Les f\u00e9d\u00e9rations syndicales de l\u2019\u00c9ducation, de l\u2019Enseignement sup\u00e9rieur et la Recherche appellent les personnels \u00e0 amplifier la gr\u00e8ve le 31 janvier pour obtenir le retrait du projet de r\u00e9forme Ce [&hellip;]<\/p>\n","protected":false},"author":1,"featured_media":0,"comment_status":"closed","ping_status":"closed","sticky":false,"template":"","format":"standard","meta":{"_lmt_disableupdate":"","_lmt_disable":"","site-sidebar-layout":"default","site-content-layout":"","ast-site-content-layout":"default","site-content-style":"default","site-sidebar-style":"default","ast-global-header-display":"","ast-banner-title-visibility":"","ast-main-header-display":"","ast-hfb-above-header-display":"","ast-hfb-below-header-display":"","ast-hfb-mobile-header-display":"","site-post-title":"","ast-breadcrumbs-content":"","ast-featured-img":"","footer-sml-layout":"","ast-disable-related-posts":"","theme-transparent-header-meta":"","adv-header-id-meta":"","stick-header-meta":"","header-above-stick-meta":"","header-main-stick-meta":"","header-below-stick-meta":"","astra-migrate-meta-layouts":"default","ast-page-background-enabled":"default","ast-page-background-meta":{"desktop":{"background-color":"var(--ast-global-color-4)","background-image":"","background-repeat":"repeat","background-position":"center center","background-size":"auto","background-attachment":"scroll","background-type":"","background-media":"","overlay-type":"","overlay-color":"","overlay-opacity":"","overlay-gradient":""},"tablet":{"background-color":"","background-image":"","background-repeat":"repeat","background-position":"center center","background-size":"auto","background-attachment":"scroll","background-type":"","background-media":"","overlay-type":"","overlay-color":"","overlay-opacity":"","overlay-gradient":""},"mobile":{"background-color":"","background-image":"","background-repeat":"repeat","background-position":"center center","background-size":"auto","background-attachment":"scroll","background-type":"","background-media":"","overlay-type":"","overlay-color":"","overlay-opacity":"","overlay-gradient":""}},"ast-content-background-meta":{"desktop":{"background-color":"var(--ast-global-color-5)","background-image":"","background-repeat":"repeat","background-position":"center center","background-size":"auto","background-attachment":"scroll","background-type":"","background-media":"","overlay-type":"","overlay-color":"","overlay-opacity":"","overlay-gradient":""},"tablet":{"background-color":"var(--ast-global-color-5)","background-image":"","background-repeat":"repeat","background-position":"center center","background-size":"auto","background-attachment":"scroll","background-type":"","background-media":"","overlay-type":"","overlay-color":"","overlay-opacity":"","overlay-gradient":""},"mobile":{"background-color":"var(--ast-global-color-5)","background-image":"","background-repeat":"repeat","background-position":"center center","background-size":"auto","background-attachment":"scroll","background-type":"","background-media":"","overlay-type":"","overlay-color":"","overlay-opacity":"","overlay-gradient":""}},"footnotes":""},"categories":[31],"tags":[],"class_list":["post-898","post","type-post","status-publish","format-standard","hentry","category-actualites-2022-2023"],"modified_by":"slecourtier","_links":{"self":[{"href":"https:\/\/snalc.org\/snalc2023\/index.php?rest_route=\/wp\/v2\/posts\/898","targetHints":{"allow":["GET"]}}],"collection":[{"href":"https:\/\/snalc.org\/snalc2023\/index.php?rest_route=\/wp\/v2\/posts"}],"about":[{"href":"https:\/\/snalc.org\/snalc2023\/index.php?rest_route=\/wp\/v2\/types\/post"}],"author":[{"embeddable":true,"href":"https:\/\/snalc.org\/snalc2023\/index.php?rest_route=\/wp\/v2\/users\/1"}],"replies":[{"embeddable":true,"href":"https:\/\/snalc.org\/snalc2023\/index.php?rest_route=%2Fwp%2Fv2%2Fcomments&post=898"}],"version-history":[{"count":1,"href":"https:\/\/snalc.org\/snalc2023\/index.php?rest_route=\/wp\/v2\/posts\/898\/revisions"}],"predecessor-version":[{"id":899,"href":"https:\/\/snalc.org\/snalc2023\/index.php?rest_route=\/wp\/v2\/posts\/898\/revisions\/899"}],"wp:attachment":[{"href":"https:\/\/snalc.org\/snalc2023\/index.php?rest_route=%2Fwp%2Fv2%2Fmedia&parent=898"}],"wp:term":[{"taxonomy":"category","embeddable":true,"href":"https:\/\/snalc.org\/snalc2023\/index.php?rest_route=%2Fwp%2Fv2%2Fcategories&post=898"},{"taxonomy":"post_tag","embeddable":true,"href":"https:\/\/snalc.org\/snalc2023\/index.php?rest_route=%2Fwp%2Fv2%2Ftags&post=898"}],"curies":[{"name":"wp","href":"https:\/\/api.w.org\/{rel}","templated":true}]}}