{"id":913,"date":"2023-01-25T06:51:01","date_gmt":"2023-01-25T05:51:01","guid":{"rendered":"https:\/\/snalc.org\/snalc2023\/?p=913"},"modified":"2023-01-25T06:51:03","modified_gmt":"2023-01-25T05:51:03","slug":"personnels-aesh-mobilises-pour-le-31-janvier","status":"publish","type":"post","link":"https:\/\/snalc.org\/snalc2023\/?p=913","title":{"rendered":"Personnels AESH : mobilis\u00e9s pour le 31 janvier !"},"content":{"rendered":"\n<img loading=\"lazy\" decoding=\"async\" src=\"https:\/\/snalc.fr\/wp-content\/uploads\/bandeau2_IS_20230116_petition_AESH.jpg\" class=\"attachment-full size-full\" alt=\"\" loading=\"lazy\" srcset=\"https:\/\/snalc.fr\/wp-content\/uploads\/bandeau2_IS_20230116_petition_AESH.jpg 1040w, https:\/\/snalc.fr\/wp-content\/uploads\/bandeau2_IS_20230116_petition_AESH-300x186.jpg 300w, https:\/\/snalc.fr\/wp-content\/uploads\/bandeau2_IS_20230116_petition_AESH-1024x636.jpg 1024w, https:\/\/snalc.fr\/wp-content\/uploads\/bandeau2_IS_20230116_petition_AESH-768x477.jpg 768w\" sizes=\"auto, (max-width: 1040px) 100vw, 1040px\" width=\"1040\" height=\"646\">\t\t\t\t\t\t\t\t\t\t\t<figcaption class=\"widget-image-caption wp-caption-text\"><\/figcaption>\n\t\t\t\t\t\t\t\t\t\t<\/figure>\n\t\t\t\t\t\t\t\t\t<\/div>\n\t\t\t\t<\/div>\n\t\t\t\t<div class=\"elementor-element elementor-element-2987e2d0 elementor-widget elementor-widget-theme-post-content\" data-id=\"2987e2d0\" data-element_type=\"widget\" data-widget_type=\"theme-post-content.default\">\n\t\t\t\t<div class=\"elementor-widget-container\">\n\t\t\t\t\t<div data-elementor-type=\"wp-post\" data-elementor-id=\"23682\" class=\"elementor elementor-23682\">\n\t\t\t\t\t\t\t\t\t<section class=\"elementor-section elementor-top-section elementor-element elementor-element-cf68c65 elementor-section-boxed elementor-section-height-default elementor-section-height-default\" data-id=\"cf68c65\" data-element_type=\"section\">\n\t\t\t\t\t\t<div class=\"elementor-container elementor-column-gap-default\">\n\t\t\t\t\t<div class=\"elementor-column elementor-col-100 elementor-top-column elementor-element elementor-element-ae3c50a\" data-id=\"ae3c50a\" data-element_type=\"column\">\n\t\t\t<div class=\"elementor-widget-wrap elementor-element-populated\">\n\t\t\t\t\t\t\t\t<div class=\"elementor-element elementor-element-7cd70f4 elementor-widget elementor-widget-text-editor\" data-id=\"7cd70f4\" data-element_type=\"widget\" data-widget_type=\"text-editor.default\">\n\t\t\t\t<div class=\"elementor-widget-container\">\n\t\t\t\t\t\t\t<p>La Premi\u00e8re Ministre a annonc\u00e9 ce 10 janvier 2023 le report de l\u2019\u00e2ge l\u00e9gal de d\u00e9part \u00e0 la retraite \u00e0 64 ans avec une acc\u00e9l\u00e9ration de l\u2019augmentation de la dur\u00e9e de cotisation.<\/p><p>Cette r\u00e9forme va frapper de plein fouet l\u2019ensemble des travailleurs et travailleuses, et notamment les AESH. Elle r\u00e9v\u00e8le les conditions d\u2019emploi inacceptables des AESH lorsque ces personnels parviennent \u00e0 l\u2019\u00e2ge o\u00f9 elles et ils devraient partir \u00e0 la retraite. Les AESH sont triplement p\u00e9nalis\u00e9s.&nbsp;<\/p><p>D\u2019abord, l\u2019allongement de la dur\u00e9e de cotisation leur est particuli\u00e8rement pr\u00e9judiciable du fait de leurs carri\u00e8res davantage hach\u00e9es et souvent incompl\u00e8tes. Il leur faudra travailler jusqu\u2019\u00e0 67 ans pour b\u00e9n\u00e9ficier d\u2019une retraite sans d\u00e9cote.&nbsp;<\/p><p>Ensuite, les temps incomplets impos\u00e9s par le minist\u00e8re donnent lieu \u00e0 des salaires puis \u00e0 des pensions de retraite incomplets.<\/p><p>Enfin, les AESH sont soumis au r\u00e9gime g\u00e9n\u00e9ral et non au r\u00e9gime des fonctionnaires : leur pension est calcul\u00e9e sur les 25 meilleures ann\u00e9es et non sur les 6 derniers mois.&nbsp;<\/p><p>Avec cette r\u00e9forme, les AESH, dont les salaires sont maintenus \u00e0 des niveaux tr\u00e8s insuffisants et dont les conditions de travail sont d\u00e9grad\u00e9es par les PIAL, vont devoir travailler plus longtemps pour des retraites toujours aussi basses.<\/p><p>Le report de l\u2019\u00e2ge et l\u2019allongement de la dur\u00e9e de cotisation discriminent particuli\u00e8rement les femmes et renforcent \u00e9galement les in\u00e9galit\u00e9s femmes-hommes : les AESH sont tr\u00e8s majoritairement des femmes, les effets de d\u00e9cote et les in\u00e9galit\u00e9s de pensions seront encore aggrav\u00e9s.<\/p><p>Nous sommes unis et d\u00e9termin\u00e9s \u00e0 faire retirer ce projet de r\u00e9forme des retraites, c\u2019est pourquoi l\u2019intersyndicale AESH appelle \u00e0 une nouvelle journ\u00e9e de gr\u00e8ves et de manifestations le 31 janvier pour refuser le report de l\u2019\u00e2ge l\u00e9gal de d\u00e9part en retraite et l\u2019augmentation de la dur\u00e9e de cotisation.<\/p><p>Nos organisations appellent ainsi les AESH \u00e0 participer aux Assembl\u00e9es G\u00e9n\u00e9rales dans les \u00e9coles, les \u00e9tablissements, les services, les secteurs\u2026 pour discuter des poursuites et du d\u00e9veloppement des diff\u00e9rentes initiatives. La mobilisation du 31 janvier doit \u00eatre encore plus forte que celle du 19 janvier.<\/p>\t\t\t\t\t\t<\/div>\n\t\t\t\t<\/div>\n\t\t\t\t\t<\/div>\n\t\t<\/div>\n\t\t\t\t\t\t\t<\/div>\n\t\t<\/section>\n\t\t\t\t<section class=\"elementor-section elementor-top-section elementor-element elementor-element-1367fc1 elementor-section-boxed elementor-section-height-default elementor-section-height-default\" data-id=\"1367fc1\" data-element_type=\"section\">\n\t\t\t\t\t\t<div class=\"elementor-container elementor-column-gap-default\">\n\t\t\t\t\t<div class=\"elementor-column elementor-col-100 elementor-top-column elementor-element elementor-element-a5fe6a1\" data-id=\"a5fe6a1\" data-element_type=\"column\">\n\t\t\t<div class=\"elementor-widget-wrap elementor-element-populated\">\n\t\t\t\t\t\t\t\t<div class=\"elementor-element elementor-element-d796308 elementor-align-center elementor-widget elementor-widget-button\" data-id=\"d796308\" data-element_type=\"widget\" data-widget_type=\"button.default\">\n\t\t\t\t<div class=\"elementor-widget-container\">\n\t\t\t\t\t<div class=\"elementor-button-wrapper\">\n\t\t\t<a href=\"https:\/\/snalc.fr\/wp-content\/uploads\/20230124_compresse_IS_AESH_greve31janvier.pdf\" class=\"elementor-button-link elementor-button elementor-size-sm\" role=\"button\">\n\t\t\t\t\t\t<span class=\"elementor-button-content-wrapper\">\n\t\t\t\t\t\t\t<span class=\"elementor-button-icon elementor-align-icon-left\">\n\t\t\t\t<i aria-hidden=\"true\" class=\"fas fa-file-download\"><\/i>\t\t\t<\/span>\n\t\t\t\t\t\t<span class=\"elementor-button-text\">T\u00e9l\u00e9charger<\/span>\n\t\t<\/span>\n\t\t\t\t\t<\/a>\n\t\t<\/div>\n\t\t\t\t<\/div>\n\t\t\t\t<\/div>\n\t\t\t\t<div class=\"elementor-element elementor-element-ad09b78 elementor-widget elementor-widget-spacer\" data-id=\"ad09b78\" data-element_type=\"widget\" data-widget_type=\"spacer.default\">\n\t\t\t\t<div class=\"elementor-widget-container\">\n\t\t\t\t\t<div class=\"elementor-spacer\">\n\t\t\t<div class=\"elementor-spacer-inner\"><\/div>\n\t\t<\/div>\n\t\t\t\t<\/div>\n\t\t\t\t<\/div>\n\t\t\t\t\t<\/div>\n\t\t<\/div>\n\t\t\t\t\t\t\t<\/div>\n\t\t<\/section>\n\t\t\t\t<section class=\"elementor-section elementor-top-section elementor-element elementor-element-becd86c elementor-section-boxed elementor-section-height-default elementor-section-height-default\" data-id=\"becd86c\" data-element_type=\"section\">\n\t\t\t\t\t\t<div class=\"elementor-container elementor-column-gap-default\">\n\t\t\t\t\t<div class=\"elementor-column elementor-col-100 elementor-top-column elementor-element elementor-element-f640498\" data-id=\"f640498\" data-element_type=\"column\">\n\t\t\t<div class=\"elementor-widget-wrap elementor-element-populated\">\n\t\t\t\t\t\t\t\t<div class=\"elementor-element elementor-element-4807d68 elementor-widget elementor-widget-text-editor\" data-id=\"4807d68\" data-element_type=\"widget\" data-widget_type=\"text-editor.default\">\n\t\t\t\t<div class=\"elementor-widget-container\">\n\t\t\t\t\t\t\t<hr><p style=\"text-align: center;\"><strong>P\u00e9tition AESH : pour un vrai statut !<\/strong><\/p><p style=\"text-align: center;\"><strong><em>Lien vers la p\u00e9tition en ligne :<\/em><\/strong><\/p><p style=\"text-align: center;\"><a href=\"https:\/\/la-petition.fr\/aesh-pour-un-vrai-statut\" target=\"_blank\" rel=\"noopener\"><strong>https:\/\/la-petition.fr\/aesh-pour-un-vrai-statut<\/strong>\n","protected":false},"excerpt":{"rendered":"<p>La Premi\u00e8re Ministre a annonc\u00e9 ce 10 janvier 2023 le report de l\u2019\u00e2ge l\u00e9gal de d\u00e9part \u00e0 la retraite \u00e0 64 ans avec une acc\u00e9l\u00e9ration de l\u2019augmentation de la dur\u00e9e [&hellip;]<\/p>\n","protected":false},"author":1,"featured_media":0,"comment_status":"closed","ping_status":"closed","sticky":false,"template":"","format":"standard","meta":{"_lmt_disableupdate":"","_lmt_disable":"","site-sidebar-layout":"default","site-content-layout":"","ast-site-content-layout":"default","site-content-style":"default","site-sidebar-style":"default","ast-global-header-display":"","ast-banner-title-visibility":"","ast-main-header-display":"","ast-hfb-above-header-display":"","ast-hfb-below-header-display":"","ast-hfb-mobile-header-display":"","site-post-title":"","ast-breadcrumbs-content":"","ast-featured-img":"","footer-sml-layout":"","ast-disable-related-posts":"","theme-transparent-header-meta":"","adv-header-id-meta":"","stick-header-meta":"","header-above-stick-meta":"","header-main-stick-meta":"","header-below-stick-meta":"","astra-migrate-meta-layouts":"default","ast-page-background-enabled":"default","ast-page-background-meta":{"desktop":{"background-color":"var(--ast-global-color-4)","background-image":"","background-repeat":"repeat","background-position":"center center","background-size":"auto","background-attachment":"scroll","background-type":"","background-media":"","overlay-type":"","overlay-color":"","overlay-opacity":"","overlay-gradient":""},"tablet":{"background-color":"","background-image":"","background-repeat":"repeat","background-position":"center center","background-size":"auto","background-attachment":"scroll","background-type":"","background-media":"","overlay-type":"","overlay-color":"","overlay-opacity":"","overlay-gradient":""},"mobile":{"background-color":"","background-image":"","background-repeat":"repeat","background-position":"center center","background-size":"auto","background-attachment":"scroll","background-type":"","background-media":"","overlay-type":"","overlay-color":"","overlay-opacity":"","overlay-gradient":""}},"ast-content-background-meta":{"desktop":{"background-color":"var(--ast-global-color-5)","background-image":"","background-repeat":"repeat","background-position":"center center","background-size":"auto","background-attachment":"scroll","background-type":"","background-media":"","overlay-type":"","overlay-color":"","overlay-opacity":"","overlay-gradient":""},"tablet":{"background-color":"var(--ast-global-color-5)","background-image":"","background-repeat":"repeat","background-position":"center center","background-size":"auto","background-attachment":"scroll","background-type":"","background-media":"","overlay-type":"","overlay-color":"","overlay-opacity":"","overlay-gradient":""},"mobile":{"background-color":"var(--ast-global-color-5)","background-image":"","background-repeat":"repeat","background-position":"center center","background-size":"auto","background-attachment":"scroll","background-type":"","background-media":"","overlay-type":"","overlay-color":"","overlay-opacity":"","overlay-gradient":""}},"footnotes":""},"categories":[31,13],"tags":[],"class_list":["post-913","post","type-post","status-publish","format-standard","hentry","category-actualites-2022-2023","category-aesh"],"modified_by":"slecourtier","_links":{"self":[{"href":"https:\/\/snalc.org\/snalc2023\/index.php?rest_route=\/wp\/v2\/posts\/913","targetHints":{"allow":["GET"]}}],"collection":[{"href":"https:\/\/snalc.org\/snalc2023\/index.php?rest_route=\/wp\/v2\/posts"}],"about":[{"href":"https:\/\/snalc.org\/snalc2023\/index.php?rest_route=\/wp\/v2\/types\/post"}],"author":[{"embeddable":true,"href":"https:\/\/snalc.org\/snalc2023\/index.php?rest_route=\/wp\/v2\/users\/1"}],"replies":[{"embeddable":true,"href":"https:\/\/snalc.org\/snalc2023\/index.php?rest_route=%2Fwp%2Fv2%2Fcomments&post=913"}],"version-history":[{"count":1,"href":"https:\/\/snalc.org\/snalc2023\/index.php?rest_route=\/wp\/v2\/posts\/913\/revisions"}],"predecessor-version":[{"id":914,"href":"https:\/\/snalc.org\/snalc2023\/index.php?rest_route=\/wp\/v2\/posts\/913\/revisions\/914"}],"wp:attachment":[{"href":"https:\/\/snalc.org\/snalc2023\/index.php?rest_route=%2Fwp%2Fv2%2Fmedia&parent=913"}],"wp:term":[{"taxonomy":"category","embeddable":true,"href":"https:\/\/snalc.org\/snalc2023\/index.php?rest_route=%2Fwp%2Fv2%2Fcategories&post=913"},{"taxonomy":"post_tag","embeddable":true,"href":"https:\/\/snalc.org\/snalc2023\/index.php?rest_route=%2Fwp%2Fv2%2Ftags&post=913"}],"curies":[{"name":"wp","href":"https:\/\/api.w.org\/{rel}","templated":true}]}}