{"id":915,"date":"2023-01-25T18:57:25","date_gmt":"2023-01-25T17:57:25","guid":{"rendered":"https:\/\/snalc.org\/snalc2023\/?p=915"},"modified":"2023-01-25T18:57:28","modified_gmt":"2023-01-25T17:57:28","slug":"la-lettre-dinfo-du-snalc-1er-degre-25-01-2023","status":"publish","type":"post","link":"https:\/\/snalc.org\/snalc2023\/?p=915","title":{"rendered":"La lettre d&rsquo;info du SNALC 1er degr\u00e9, 25 \/ 01 \/ 2023"},"content":{"rendered":"\n<figure class=\"wp-block-image\"><img decoding=\"async\" src=\"https:\/\/www.snalc06-ecoles.info\/images\/mails\/logoaixmarseille2.jpg\" alt=\"\"\/><\/figure>\n\n\n\n<p>Acad\u00e9mie d&rsquo;Aix Marseille<\/p>\n\n\n\n<p><strong>La lettre d&rsquo;info du SNALC 1er degr\u00e9<\/strong><\/p>\n\n\n\n<p>GR\u00c8VE CONTRE LA R\u00c9FORME DES RETRAITES ACTE 2<\/p>\n\n\n\n<p>Le SNALC appelle \u00e0 la gr\u00e8ve le 31 janvier !<\/p>\n\n\n\n<p>Contre la r\u00e9forme inutile et inefficace des retraites ! On l\u00e2che riiiiieeeeennnnn !<\/p>\n\n\n\n<p>Le SNALC appelle \u00e0 la gr\u00e8ve le 31 janvier !<\/p>\n\n\n\n<p>Pensez \u00e0 d\u00e9poser dans tous les cas votre d\u00e9claration d&rsquo;intention de gr\u00e8ve au plus tard 48h avant, le vendredi 27 janvier 2023, pour marquer votre opposition \u00e0 cette r\u00e9forme et soutenir le mouvement.<br><strong>Vous \u00eates en droit de d\u00e9poser une intention de participer \u00e0 la gr\u00e8ve et y renoncer, \u00e0 tout moment (m\u00eame \u00e0 8h19 le jour j). Pour toutes questions sur ce point, nous contacter<\/strong>.<\/p>\n\n\n\n<p>Pour t\u00e9l\u00e9charger le mod\u00e8le d&rsquo;intention de gr\u00e8ve, cliquez sur le lien ci-dessous :<\/p>\n\n\n\n<p><a href=\"https:\/\/snalc.fr\/wp-content\/uploads\/07c5deb1060799bcce95b28e240806686026d186.pdf\" target=\"_blank\" rel=\"noreferrer noopener\">Mod\u00e8le d\u2019intention de gr\u00e8ve \u00e0 t\u00e9l\u00e9charger.<\/a><\/p>\n\n\n\n<p>TERMINUS \u00c9COLE<\/p>\n\n\n\n<p>Tout le monde descend !<\/p>\n\n\n\n<p>Depuis environ 6 mois qu&rsquo;il est arriv\u00e9, on peut dire que notre ministre se faisait tr\u00e8s discret. Il faut dire que les frasques et l&rsquo;hyperactivit\u00e9 du dernier avait fini par nous fatiguer. Souvenez-vous (ou pas) de celui qui jouait \u00e0 la marelle, \u00e0 chifoumi, se prenait pour V\u00e9ronique et Davina avec nos \u00e9l\u00e8ves en pleine pand\u00e9mie, et pr\u00e9parait les protocoles sanitaires le lendemain pour la veille, d&rsquo;Ibiza, en pleine noces avec sa dulcin\u00e9e. Bref, le tr\u00e8s discret pape Ndiaye, s&rsquo;il ne nous faisait pas forc\u00e9ment du bien, lui, au moins, ne nous ridiculisait pas jusqu&rsquo;\u00e0 ce jour sur la place BFM publique. \u00c0 tel point qu\u2019on pouvait finir par se demander s&rsquo;il y avait un pilote dans l&rsquo;avion \u00c9ducation nationale. Rassurez-vous. Nous avons bien un ministre et il vient de passer la premi\u00e8re dans son programme en marche arri\u00e8re, pour l&rsquo;\u00e9ducation nationale.<\/p>\n\n\n\n<p>Au menu de ses annonces, chers coll\u00e8gues, vous allez pouvoir vous muer en chauffeur &#8230;.. de bus ! Il faut dire qu&rsquo;apr\u00e8s qu&rsquo;une porte-parole d&rsquo;un pr\u00e9c\u00e9dent gouvernement nous ait envoy\u00e9 ramasser des fraises, plus rien ne nous \u00e9tonne ! Et oui. Face \u00e0 la p\u00e9nurie de conducteurs de cars, le gouvernement a publi\u00e9 le 27 d\u00e9cembre, un d\u00e9cret permettant aux agents publics et donc potentiellement aux professeurs, s\u2019il dispose d\u2019un permis de conduire adapt\u00e9 et de l\u2019autorisation de l\u2019autorit\u00e9 hi\u00e9rarchique, de cumuler son activit\u00e9 avec celle de conducteur de transport scolaire. On y est ! On y vient ! Vous pourrez bient\u00f4t aller chercher vos \u00e9l\u00e8ves chez eux avant de leur donner leur petit d\u00e9jeuner \u00e0 l&rsquo;\u00e9cole puis accessoirement leur faire la classe&#8230; Une \u00e9ni\u00e8me mission dans le pack pacte revalorisation contre missions que nous pr\u00e9pare \u00e0 peine officieusement notre op\u00e9rateur gouvernemental.<\/p>\n\n\n\n<p>Nous rappelons que le SNALC est d\u00e9j\u00e0 et sera \u00e0 la pointe de l&rsquo;opposition en col\u00e8re contre ce pack pacte ! Comme vous le savez nous d\u00e9fendons un RATTRAPAGE SALARIAL SANS CONTREPARTIE !!! (Environ 1000 euros par mois et pas par an !) pour que notre profession soit reconnue \u00e0 hauteur des agents de la fonction publique de m\u00eame cat\u00e9gorie (sans m\u00eame penser \u00e0 nous comparer au niveau de r\u00e9mun\u00e9ration des enseignants \u00e0 l&rsquo;\u00e9tranger) !<\/p>\n\n\n\n<p>Ne soyez pas le chauffeur du bus \u00c9ducation nationale en perdition qui vous et nous ram\u00e8nera en ABSURDISTANT ! On a assez donn\u00e9&#8230;.. pour RIEN !<\/p>\n\n\n\n<p><a href=\"https:\/\/www.legifrance.gouv.fr\/jorf\/id\/JORFTEXT000046830070\" target=\"_blank\" rel=\"noreferrer noopener\">Retrouvez cet abracadabrantesque d\u00e9cret<\/a><\/p>\n\n\n\n<p><strong>Guillaume Tournel, D\u00e9l\u00e9gu\u00e9 SNALC Ecole Aix Marseille.<\/strong><\/p>\n\n\n\n<p>BULLETIN DEPARTEMENTAL<\/p>\n\n\n\n<p>Retrouvez d\u00e8s lors les derni\u00e8res informations, formations, demandes \u00e0 formuler \u00e0 l\u2019administration dans cette nouvelle rubrique !<\/p>\n\n\n\n<p>En ce moment :<\/p>\n\n\n\n<p>Stages de formation professionnelle sp\u00e9cialis\u00e9e et de la pr\u00e9paration au CAPPEI (certificat d\u2019aptitude professionnelle aux pratiques de l\u2019\u00e9ducation inclusive)<\/p>\n\n\n\n<p>La formation est organis\u00e9e conjointement par la r\u00e9gion acad\u00e9mique et l\u2019INSPE d\u2019Aix-en-Provence : une r\u00e9union d\u2019information est programm\u00e9e le mercredi 25 janvier 2023 de 14h \u00e0 16h :<\/p>\n\n\n\n<p><a href=\"https:\/\/visioagents.education.fr\/meeting\/signin\/155109\/creator\/4673\/hash\/6f0175beece77f2de4efc3a2f633fdfbf7d29821\" target=\"_blank\" rel=\"noreferrer noopener\">en visio-conf\u00e9rence<\/a><\/p>\n\n\n\n<p>Les candidats doivent exprimer, dans le formulaire de candidature en ligne, 1 seul v\u0153u pour un module de professionnalisation dans l\u2019emploi. Les dossiers de candidature sont \u00e0 renseigner en ligne<\/p>\n\n\n\n<p><a href=\"https:\/\/ppe.orion.education.fr\/paca\/itw\/answer\/s\/mwlmDw0m8r\/k\/w2cMziC\" target=\"_blank\" rel=\"noreferrer noopener\">En suivant ce lien<\/a><\/p>\n\n\n\n<p>&#8211; Apr\u00e8s impression ils devront \u00eatre renvoy\u00e9s au sup\u00e9rieur hi\u00e9rarchique pour le LUNDI 6 F\u00c9VRIER 2023, d\u00e9lai de rigueur.<\/p>\n\n\n\n<p>&#8211; Apr\u00e8s avis circonstanci\u00e9 de l\u2019IEN de circonscription, les dossiers seront d\u00e9pos\u00e9s par les IEN sur le PNE de la division des personnels enseignants du 1er degr\u00e9 : Dsden-0134217N et transmis par courrier \u00e0 la DSDEN 13, bureau DPE2 pour le MARDI 28 F\u00c9VRIER 2023 d\u00e9lai de rigueur.<\/p>\n\n\n\n<p><a href=\"https:\/\/buldep13.ac-aix-marseille.fr\/uploads\/BD13\/BD206\/Circulaire%20Stages%20longs%20CAPPEI_2023-2024_V4.pdf?ts=1674635775\" target=\"_blank\" rel=\"noreferrer noopener\">Retrouvez l\u2019int\u00e9gralit\u00e9 de la circulaire en cliquant ici<\/a><\/p>\n\n\n\n<p>Cong\u00e9 parental<\/p>\n\n\n\n<p>Retrouvez toutes les informations de la circulaire sur la premi\u00e8re demande et demande de renouvellement, l\u2019expiration du cong\u00e9 parental et sa r\u00e9int\u00e9gration apr\u00e8s un cong\u00e9 parental, ainsi que les conditions de conservation de l\u2019anciennet\u00e9 et de l\u2019avancement&#8230;<\/p>\n\n\n\n<p><a href=\"https:\/\/buldep13.ac-aix-marseille.fr\/uploads\/BD13\/BD205\/circulaire%20cong%C3%A9%20parental.pdf?ts=1674636829\" target=\"_blank\" rel=\"noreferrer noopener\">En cliquant ici<\/a><\/p>\n\n\n\n<p>Disponibilit\u00e9, d\u00e9p\u00eachez-vous !<\/p>\n\n\n\n<p>Les enseignants souhaitant b\u00e9n\u00e9ficier d\u2019une disponibilit\u00e9 pour 2023\/2024 au titre d\u2019une premi\u00e8re demande adresseront leur demande (annexe 1) \u00e0 leur sup\u00e9rieur hi\u00e9rarchique (I.E.N. ou Chef d\u2019Etablissement) au plus tard le vendredi 27 janvier 2023.<\/p>\n\n\n\n<p>Les enseignants souhaitant b\u00e9n\u00e9ficier d\u2019une prolongation de disponibilit\u00e9 en cours pour 2023\/2024 adresseront leur demande (annexe 2) \u00e0 la DPE1 au plus tard le vendredi 27 janvier 2023.<\/p>\n\n\n\n<p><a href=\"https:\/\/buldep13.ac-aix-marseille.fr\/uploads\/BD13\/BD204\/CIRCULAIRE%20DISPONIBILITE%202023-2024%20v3.pdf?ts=1674637742\" target=\"_blank\" rel=\"noreferrer noopener\">Retrouvez l\u2019int\u00e9gralit\u00e9 de la circulaire en cliquant ici<\/a><\/p>\n\n\n\n<p>Cong\u00e9 parental, Temps partiel, Disponibilit\u00e9 : comment choisir.<\/p>\n\n\n\n<p><a href=\"https:\/\/snalc.fr\/conge-parental-disponibilite-temps-partiel-comment-choisir\/\" target=\"_blank\" rel=\"noreferrer noopener\">Retrouvez notre article sur le sujet :<\/a><\/p>\n\n\n\n<p>POUR UN VERITABLE PLURALISME SYNDICAL DANS L\u2019ACADEMIE<\/p>\n\n\n\n<p>SOUTENEZ L\u2019IMPLANTATION DU SNALC<\/p>\n\n\n\n<p>Nous proposons une v\u00e9ritable alternative syndicale \u00e0 l&rsquo;ensemble des enseignants du premier degr\u00e9. Nous allons \u00e0 votre rencontre dans les \u00e9coles.<\/p>\n\n\n\n<p>Vous pouvez nous retrouver sur Facebook avec la page SNALC ECOLE Aix Marseille. Nous sommes joignables par mail et par t\u00e9l\u00e9phone pour vous aider au quotidien. Vous trouverez nos coordonn\u00e9es en fin de message.<\/p>\n\n\n\n<p>PROFESSEURS DES \u00c9COLES<\/p>\n\n\n\n<p>Vous aussi vous avez droit au SNALC<\/p>\n\n\n\n<p>Le SNALC est un syndicat v\u00e9ritablement ind\u00e9pendant, libre, autonome et surtout non subventionn\u00e9. N\u2019\u00e9tant soumis \u00e0 aucune ob\u00e9dience et n\u2019ob\u00e9issant \u00e0 aucun parti politique, le SNALC ne sert que les int\u00e9r\u00eats de l\u2019Ecole et des professeurs des \u00e9coles.<\/p>\n\n\n\n<p><a href=\"https:\/\/snalc.fr\/adherer-choix-du-mode-de-paiement\/\" target=\"_blank\" rel=\"noreferrer noopener\"><strong>Adh\u00e9rer au SNAL<\/strong>C<\/a><\/p>\n\n\n\n<p><strong>D\u00e8s votre adh\u00e9sion :<br><br>&#8211; vous recevrez tous les mois notre revue syndicale,<br><br>&#8211; vous b\u00e9n\u00e9ficierez de l&rsquo;assistance juridique de la GMF dans le cadre de vos activit\u00e9s professionnelles,<br><br>&#8211; vous pourrez acc\u00e9der \u00e0 notre comit\u00e9 d&rsquo;entreprise,<br><br>&#8211; vous pourrez b\u00e9n\u00e9ficier de 10 s\u00e9ances de sophrologie en visio,<br><br>&#8211; vous pourrez contacter notre plateforme de reconversion \u00a0\u00bb MOBI-SNALC\u00a0\u00bb.<\/strong><\/p>\n\n\n\n<p>Le SNALC est le syndicat le moins cher pour les PE<\/p>\n\n\n\n<p>90 euros sans augmentation.<\/p>\n\n\n\n<p>Cr\u00e9dit d\u2019imp\u00f4ts (re\u00e7u fiscal). Vous d\u00e9duisez 66% du montant de votre cotisation de vos imp\u00f4ts ou \u00eates cr\u00e9dit\u00e9s de ces 66% si vous n\u2019\u00eates pas imposables. Co\u00fbt r\u00e9el apr\u00e8s imp\u00f4ts : 30,60\u20ac \u2013 35\u20ac (assurance professionnelle prise en charge par l\u2019adh\u00e9sion)<\/p>\n\n\n\n<p>= l\u2019adh\u00e9sion au SNALC ne vous co\u00fbte RIEN.<\/p>\n\n\n\n<p>POUR SUIVRE L&rsquo;ACTUALIT\u00c9 LOCALE ET NATIONALE<\/p>\n\n\n\n<p>Et b\u00e9n\u00e9ficier de notre suivi<\/p>\n\n\n\n<p>Pour nous joindre :<\/p>\n\n\n\n<p><a href=\"mailto:snalc.ecole13@gmail.com\" target=\"_blank\" rel=\"noreferrer noopener\">snalc.ecole13@gmail.com<\/a><br><\/p>\n\n\n\n<p><strong>06 61 83 27 81<\/strong><\/p>\n\n\n\n<p>Facebook<\/p>\n\n\n\n<p>Retrouvez toutes nos informations et l\u2019actualit\u00e9 d\u00e8s qu\u2019elles tombent et abonnez-vous \u00e0 la page :<\/p>\n\n\n\n<p><strong>SNALC Ecoles Aix-Marseille<\/strong><\/p>\n\n\n\n<p>Site national :<\/p>\n\n\n\n<p><a href=\"https:\/\/snalc.fr\/\" target=\"_blank\" rel=\"noreferrer noopener\"><strong>snalc.fr<\/strong><\/a><\/p>\n\n\n\n<p>Site acad\u00e9mique 1er degr\u00e9 :<\/p>\n\n\n\n<p><a href=\"https:\/\/www.snalc06-ecoles.info\/\" target=\"_blank\" rel=\"noreferrer noopener\"><strong>snalc-ecoles.info\/<\/strong><\/a><\/p>\n\n\n\n<p>LE BUREAU DU DIRECTEUR<\/p>\n\n\n\n<p>Deni\u00e8re mise \u00e0 jour le 4 janvier 2023.<\/p>\n\n\n\n<p><a href=\"https:\/\/dirlo.org\/\">Des infos et les textes \u00e0 porter de clic<\/a><\/p>\n\n\n\n<figure class=\"wp-block-image\"><img decoding=\"async\" src=\"https:\/\/www.snalc06-ecoles.info\/images\/mails\/bureau-directeur.jpg\" alt=\"\"\/><\/figure>\n\n\n\n<p>Pour adh\u00e9rer ou r\u00e9adh\u00e9rer<\/p>\n\n\n\n<p><a href=\"https:\/\/snalc.fr\/adherer-choix-du-mode-de-paiement\/\" target=\"_blank\" rel=\"noreferrer noopener\">Choisir son mode de paiement<\/a><\/p>\n\n\n\n<p><em>Le SNALC est un syndicat apolitique, ind\u00e9pendant, autonome, repr\u00e9sentatif et \u00e0 votre \u00e9coute. Les cotisations de nos adh\u00e9rents sont notre unique ressource financi\u00e8re.<\/em><\/p>\n","protected":false},"excerpt":{"rendered":"<p>Acad\u00e9mie d&rsquo;Aix Marseille La lettre d&rsquo;info du SNALC 1er degr\u00e9 GR\u00c8VE CONTRE LA R\u00c9FORME DES RETRAITES ACTE 2 Le SNALC appelle \u00e0 la gr\u00e8ve le 31 janvier ! Contre la [&hellip;]<\/p>\n","protected":false},"author":1,"featured_media":0,"comment_status":"closed","ping_status":"closed","sticky":false,"template":"","format":"standard","meta":{"_lmt_disableupdate":"","_lmt_disable":"","site-sidebar-layout":"default","site-content-layout":"","ast-site-content-layout":"default","site-content-style":"default","site-sidebar-style":"default","ast-global-header-display":"","ast-banner-title-visibility":"","ast-main-header-display":"","ast-hfb-above-header-display":"","ast-hfb-below-header-display":"","ast-hfb-mobile-header-display":"","site-post-title":"","ast-breadcrumbs-content":"","ast-featured-img":"","footer-sml-layout":"","ast-disable-related-posts":"","theme-transparent-header-meta":"","adv-header-id-meta":"","stick-header-meta":"","header-above-stick-meta":"","header-main-stick-meta":"","header-below-stick-meta":"","astra-migrate-meta-layouts":"default","ast-page-background-enabled":"default","ast-page-background-meta":{"desktop":{"background-color":"var(--ast-global-color-4)","background-image":"","background-repeat":"repeat","background-position":"center center","background-size":"auto","background-attachment":"scroll","background-type":"","background-media":"","overlay-type":"","overlay-color":"","overlay-opacity":"","overlay-gradient":""},"tablet":{"background-color":"","background-image":"","background-repeat":"repeat","background-position":"center center","background-size":"auto","background-attachment":"scroll","background-type":"","background-media":"","overlay-type":"","overlay-color":"","overlay-opacity":"","overlay-gradient":""},"mobile":{"background-color":"","background-image":"","background-repeat":"repeat","background-position":"center center","background-size":"auto","background-attachment":"scroll","background-type":"","background-media":"","overlay-type":"","overlay-color":"","overlay-opacity":"","overlay-gradient":""}},"ast-content-background-meta":{"desktop":{"background-color":"var(--ast-global-color-5)","background-image":"","background-repeat":"repeat","background-position":"center center","background-size":"auto","background-attachment":"scroll","background-type":"","background-media":"","overlay-type":"","overlay-color":"","overlay-opacity":"","overlay-gradient":""},"tablet":{"background-color":"var(--ast-global-color-5)","background-image":"","background-repeat":"repeat","background-position":"center center","background-size":"auto","background-attachment":"scroll","background-type":"","background-media":"","overlay-type":"","overlay-color":"","overlay-opacity":"","overlay-gradient":""},"mobile":{"background-color":"var(--ast-global-color-5)","background-image":"","background-repeat":"repeat","background-position":"center center","background-size":"auto","background-attachment":"scroll","background-type":"","background-media":"","overlay-type":"","overlay-color":"","overlay-opacity":"","overlay-gradient":""}},"footnotes":""},"categories":[31,23],"tags":[],"class_list":["post-915","post","type-post","status-publish","format-standard","hentry","category-actualites-2022-2023","category-professeurs-1er-degre"],"modified_by":"slecourtier","_links":{"self":[{"href":"https:\/\/snalc.org\/snalc2023\/index.php?rest_route=\/wp\/v2\/posts\/915","targetHints":{"allow":["GET"]}}],"collection":[{"href":"https:\/\/snalc.org\/snalc2023\/index.php?rest_route=\/wp\/v2\/posts"}],"about":[{"href":"https:\/\/snalc.org\/snalc2023\/index.php?rest_route=\/wp\/v2\/types\/post"}],"author":[{"embeddable":true,"href":"https:\/\/snalc.org\/snalc2023\/index.php?rest_route=\/wp\/v2\/users\/1"}],"replies":[{"embeddable":true,"href":"https:\/\/snalc.org\/snalc2023\/index.php?rest_route=%2Fwp%2Fv2%2Fcomments&post=915"}],"version-history":[{"count":1,"href":"https:\/\/snalc.org\/snalc2023\/index.php?rest_route=\/wp\/v2\/posts\/915\/revisions"}],"predecessor-version":[{"id":916,"href":"https:\/\/snalc.org\/snalc2023\/index.php?rest_route=\/wp\/v2\/posts\/915\/revisions\/916"}],"wp:attachment":[{"href":"https:\/\/snalc.org\/snalc2023\/index.php?rest_route=%2Fwp%2Fv2%2Fmedia&parent=915"}],"wp:term":[{"taxonomy":"category","embeddable":true,"href":"https:\/\/snalc.org\/snalc2023\/index.php?rest_route=%2Fwp%2Fv2%2Fcategories&post=915"},{"taxonomy":"post_tag","embeddable":true,"href":"https:\/\/snalc.org\/snalc2023\/index.php?rest_route=%2Fwp%2Fv2%2Ftags&post=915"}],"curies":[{"name":"wp","href":"https:\/\/api.w.org\/{rel}","templated":true}]}}