{"id":936,"date":"2023-01-29T10:11:34","date_gmt":"2023-01-29T09:11:34","guid":{"rendered":"https:\/\/snalc.org\/snalc2023\/?p=936"},"modified":"2023-01-29T10:11:38","modified_gmt":"2023-01-29T09:11:38","slug":"personnels-contractuels-faut-quca-bouge","status":"publish","type":"post","link":"https:\/\/snalc.org\/snalc2023\/?p=936","title":{"rendered":"Personnels contractuels : faut qu\u2019\u00e7a bouge !"},"content":{"rendered":"\n<img loading=\"lazy\" decoding=\"async\" src=\"https:\/\/snalc.fr\/wp-content\/uploads\/bocal_istock_RomoloTavani-477569935.jpg\" class=\"attachment-full size-full\" alt=\"\" loading=\"lazy\" srcset=\"https:\/\/snalc.fr\/wp-content\/uploads\/bocal_istock_RomoloTavani-477569935.jpg 791w, https:\/\/snalc.fr\/wp-content\/uploads\/bocal_istock_RomoloTavani-477569935-300x209.jpg 300w, https:\/\/snalc.fr\/wp-content\/uploads\/bocal_istock_RomoloTavani-477569935-768x535.jpg 768w\" sizes=\"auto, (max-width: 791px) 100vw, 791px\" width=\"791\" height=\"551\">\t\t\t\t\t\t\t\t\t\t\t<figcaption class=\"widget-image-caption wp-caption-text\">\u00a9 istock_RomoloTavani-477569935<\/figcaption>\n\t\t\t\t\t\t\t\t\t\t<\/figure>\n\t\t\t\t\t\t\t\t\t<\/div>\n\t\t\t\t<\/div>\n\t\t\t\t<div class=\"elementor-element elementor-element-2987e2d0 elementor-widget elementor-widget-theme-post-content\" data-id=\"2987e2d0\" data-element_type=\"widget\" data-widget_type=\"theme-post-content.default\">\n\t\t\t\t<div class=\"elementor-widget-container\">\n\t\t\t\t\t<div data-elementor-type=\"wp-post\" data-elementor-id=\"23805\" class=\"elementor elementor-23805\">\n\t\t\t\t\t\t\t\t\t<section class=\"elementor-section elementor-top-section elementor-element elementor-element-61b888ea elementor-section-boxed elementor-section-height-default elementor-section-height-default\" data-id=\"61b888ea\" data-element_type=\"section\">\n\t\t\t\t\t\t<div class=\"elementor-container elementor-column-gap-default\">\n\t\t\t\t\t<div class=\"elementor-column elementor-col-100 elementor-top-column elementor-element elementor-element-31f61023\" data-id=\"31f61023\" data-element_type=\"column\">\n\t\t\t<div class=\"elementor-widget-wrap elementor-element-populated\">\n\t\t\t\t\t\t\t\t<div class=\"elementor-element elementor-element-ab49ed8 elementor-widget-divider--view-line elementor-widget elementor-widget-divider\" data-id=\"ab49ed8\" data-element_type=\"widget\" data-widget_type=\"divider.default\">\n\t\t\t\t<div class=\"elementor-widget-container\">\n\t\t\t\t\t<div class=\"elementor-divider\">\n\t\t\t<span class=\"elementor-divider-separator\">\n\t\t\t\t\t\t<\/span>\n\t\t<\/div>\n\t\t\t\t<\/div>\n\t\t\t\t<\/div>\n\t\t\t\t<div class=\"elementor-element elementor-element-5457fd9d elementor-widget elementor-widget-text-editor\" data-id=\"5457fd9d\" data-element_type=\"widget\" data-widget_type=\"text-editor.default\">\n\t\t\t\t<div class=\"elementor-widget-container\">\n\t\t\t\t\t\t\t<p><em>Dossier du mois de la revue du SNALC <a href=\"https:\/\/snalc.fr\/quinzaine-universitaire-n1471\" target=\"_blank\" rel=\"noopener\">Quinzaine universitaire n\u00b01473<\/a> du 27 janvier 2023.<\/em><\/p><p><em>Dossier coordonn\u00e9 par Danielle ARNAUD, secr\u00e9taire nationale charg\u00e9e des personnels contractuels ; avec la participation de Philippe FREY, vice-pr\u00e9sident du SNALC ; Luce MARTIN, membre du secteur national AESH ; Safia MEDINI, responsable du secteur contractuels SNALC Cr\u00e9teil ; Sylvie MORANTE CAZAUX, membre du secteur national AESH ; Anne MUGNIER, membre du Bureau national charg\u00e9e des r\u00e9mun\u00e9rations ; Marie-Adeline ROUBY, responsable des contractuels SNALC Montpellier.<\/em><\/p>\t\t\t\t\t\t<\/div>\n\t\t\t\t<\/div>\n\t\t\t\t\t<\/div>\n\t\t<\/div>\n\t\t\t\t\t\t\t<\/div>\n\t\t<\/section>\n\t\t\t\t<section class=\"elementor-section elementor-top-section elementor-element elementor-element-2be6f014 elementor-section-boxed elementor-section-height-default elementor-section-height-default\" data-id=\"2be6f014\" data-element_type=\"section\">\n\t\t\t\t\t\t<div class=\"elementor-container elementor-column-gap-default\">\n\t\t\t\t\t<div class=\"elementor-column elementor-col-100 elementor-top-column elementor-element elementor-element-269ee8f1\" data-id=\"269ee8f1\" data-element_type=\"column\">\n\t\t\t<div class=\"elementor-widget-wrap elementor-element-populated\">\n\t\t\t\t\t\t\t\t<div class=\"elementor-element elementor-element-670ee050 elementor-widget-divider--view-line elementor-widget elementor-widget-divider\" data-id=\"670ee050\" data-element_type=\"widget\" data-widget_type=\"divider.default\">\n\t\t\t\t<div class=\"elementor-widget-container\">\n\t\t\t\t\t<div class=\"elementor-divider\">\n\t\t\t<span class=\"elementor-divider-separator\">\n\t\t\t\t\t\t<\/span>\n\t\t<\/div>\n\t\t\t\t<\/div>\n\t\t\t\t<\/div>\n\t\t\t\t\t<\/div>\n\t\t<\/div>\n\t\t\t\t\t\t\t<\/div>\n\t\t<\/section>\n\t\t\t\t<section class=\"elementor-section elementor-top-section elementor-element elementor-element-61adf965 elementor-section-boxed elementor-section-height-default elementor-section-height-default\" data-id=\"61adf965\" data-element_type=\"section\">\n\t\t\t\t\t\t<div class=\"elementor-container elementor-column-gap-default\">\n\t\t\t\t\t<div class=\"elementor-column elementor-col-100 elementor-top-column elementor-element elementor-element-1cad1592\" data-id=\"1cad1592\" data-element_type=\"column\">\n\t\t\t<div class=\"elementor-widget-wrap elementor-element-populated\">\n\t\t\t\t\t\t\t\t<div class=\"elementor-element elementor-element-47871b7 elementor-toc--minimized-on-desktop elementor-widget elementor-widget-table-of-contents elementor-toc--collapsed\" data-id=\"47871b7\" data-element_type=\"widget\" data-settings=\"{&quot;headings_by_tags&quot;:[&quot;h4&quot;,&quot;h5&quot;,&quot;h6&quot;],&quot;exclude_headings_by_selector&quot;:&quot;.lire-aussi&quot;,&quot;marker_view&quot;:&quot;bullets&quot;,&quot;icon&quot;:{&quot;value&quot;:&quot;fas fa-square-full&quot;,&quot;library&quot;:&quot;fa-solid&quot;},&quot;minimized_on&quot;:&quot;desktop&quot;,&quot;minimize_box&quot;:&quot;yes&quot;,&quot;hierarchical_view&quot;:&quot;yes&quot;,&quot;min_height&quot;:{&quot;unit&quot;:&quot;px&quot;,&quot;size&quot;:&quot;&quot;,&quot;sizes&quot;:[]},&quot;min_height_tablet&quot;:{&quot;unit&quot;:&quot;px&quot;,&quot;size&quot;:&quot;&quot;,&quot;sizes&quot;:[]},&quot;min_height_mobile&quot;:{&quot;unit&quot;:&quot;px&quot;,&quot;size&quot;:&quot;&quot;,&quot;sizes&quot;:[]}}\" data-widget_type=\"table-of-contents.default\">\n\t\t\t\t<div class=\"elementor-widget-container\" style=\"min-height: 0px;\">\n\t\t\t\t\t<div class=\"elementor-toc__header\">\n\t\t\t<h4 class=\"elementor-toc__header-title\">\n\t\t\t\tAu menu dans ce dossier&#8230;\t\t\t<\/h4>\n\t\t\t\t\t\t\t<div class=\"elementor-toc__toggle-button elementor-toc__toggle-button--expand\"><i class=\"fas fa-chevron-down\"><\/i><\/div>\n\t\t\t\t<div class=\"elementor-toc__toggle-button elementor-toc__toggle-button--collapse\"><i class=\"fas fa-chevron-up\"><\/i><\/div>\n\t\t\t\t\t<\/div>\n\t\t<div class=\"elementor-toc__body\" style=\"display: none;\"><ul class=\"elementor-toc__list-wrapper\"><li class=\"elementor-toc__list-item\"><div class=\"elementor-toc__list-item-text-wrapper\"><i class=\"fas fa-square-full\"><\/i><a href=\"#degelindice\" class=\"elementor-toc__list-item-text elementor-toc__top-level\">PERSONNELS CONTRACTUELS : FAUT QU\u2019\u00c7A BOUGE !<\/a><\/div><\/li><li class=\"elementor-toc__list-item\"><div class=\"elementor-toc__list-item-text-wrapper\"><i class=\"fas fa-square-full\"><\/i><a href=\"#elementor-toc__heading-anchor-1\" class=\"elementor-toc__list-item-text elementor-toc__top-level\">R\u00c9MUN\u00c9RATIONS : RIEN NE VA PLUS<\/a><\/div><\/li><li class=\"elementor-toc__list-item\"><div class=\"elementor-toc__list-item-text-wrapper\"><i class=\"fas fa-square-full\"><\/i><a href=\"#enseignantsmic\" class=\"elementor-toc__list-item-text elementor-toc__top-level\">AESH : LES SORTIES SCOLAIRES NE SONT PAS DES HEURES CONNEXES<\/a><\/div><\/li><li class=\"elementor-toc__list-item\"><div class=\"elementor-toc__list-item-text-wrapper\"><i class=\"fas fa-square-full\"><\/i><a href=\"#revendications\" class=\"elementor-toc__list-item-text elementor-toc__top-level\">PRIMES REP ET REP+ AUX AED ET AESH : COLD CASE OU DOSSIER BR\u00dbLANT ?<\/a><\/div><\/li><li class=\"elementor-toc__list-item\"><div class=\"elementor-toc__list-item-text-wrapper\"><i class=\"fas fa-square-full\"><\/i><a href=\"#retraites\" class=\"elementor-toc__list-item-text elementor-toc__top-level\">AED ET AESH : UN CDI, UN STATUT, MAIS QUAND\u2026 ?<\/a><\/div><\/li><li class=\"elementor-toc__list-item\"><div class=\"elementor-toc__list-item-text-wrapper\"><i class=\"fas fa-square-full\"><\/i><a href=\"#elementor-toc__heading-anchor-5\" class=\"elementor-toc__list-item-text elementor-toc__top-level\">UN RAPPORT DE PLUS, MAIS PAS GRAND-CHOSE POUR LES AESH !<\/a><\/div><\/li><li class=\"elementor-toc__list-item\"><div class=\"elementor-toc__list-item-text-wrapper\"><i class=\"fas fa-square-full\"><\/i><a href=\"#elementor-toc__heading-anchor-6\" class=\"elementor-toc__list-item-text elementor-toc__top-level\">CONTRACTUELS ENSEIGNANTS : UN RECRUTEMENT TRIC\u00c9PHALE<\/a><\/div><\/li><li class=\"elementor-toc__list-item\"><div class=\"elementor-toc__list-item-text-wrapper\"><i class=\"fas fa-square-full\"><\/i><a href=\"#elementor-toc__heading-anchor-7\" class=\"elementor-toc__list-item-text elementor-toc__top-level elementor-item-active\">\u00c9LECTIONS PROFESSIONNELLES : LE SNALC DOIT TRANSFORMER L\u2019ESSAI<\/a><\/div><\/li><\/ul><\/div>\n\t\t\t\t<\/div>\n\t\t\t\t<\/div>\n\t\t\t\t<div class=\"elementor-element elementor-element-62747fb elementor-widget elementor-widget-spacer\" data-id=\"62747fb\" data-element_type=\"widget\" data-widget_type=\"spacer.default\">\n\t\t\t\t<div class=\"elementor-widget-container\">\n\t\t\t\t\t<div class=\"elementor-spacer\">\n\t\t\t<div class=\"elementor-spacer-inner\"><\/div>\n\t\t<\/div>\n\t\t\t\t<\/div>\n\t\t\t\t<\/div>\n\t\t\t\t<div class=\"elementor-element elementor-element-62138ff elementor-widget elementor-widget-heading\" data-id=\"62138ff\" data-element_type=\"widget\" id=\"degelindice\" data-widget_type=\"heading.default\">\n\t\t\t\t<div class=\"elementor-widget-container\">\n\t\t\t<h4 class=\"elementor-heading-title elementor-size-default\">PERSONNELS CONTRACTUELS : FAUT QU\u2019\u00c7A BOUGE !<\/h4>\t\t<\/div>\n\t\t\t\t<\/div>\n\t\t\t\t<section class=\"elementor-section elementor-inner-section elementor-element elementor-element-98b869f elementor-section-boxed elementor-section-height-default elementor-section-height-default\" data-id=\"98b869f\" data-element_type=\"section\">\n\t\t\t\t\t\t<div class=\"elementor-container elementor-column-gap-default\">\n\t\t\t\t\t<div class=\"elementor-column elementor-col-50 elementor-inner-column elementor-element elementor-element-27809b7\" data-id=\"27809b7\" data-element_type=\"column\">\n\t\t\t<div class=\"elementor-widget-wrap elementor-element-populated\">\n\t\t\t\t\t\t\t\t<div class=\"elementor-element elementor-element-d26bc50 elementor-widget elementor-widget-text-editor\" data-id=\"d26bc50\" data-element_type=\"widget\" data-widget_type=\"text-editor.default\">\n\t\t\t\t<div class=\"elementor-widget-container\">\n\t\t\t\t\t\t\t<p>L\u2019heure est \u00e0 la lutte contre le projet de r\u00e9forme des re\u00adtraites, qui va obliger les per\u00adsonnels contractuels, dont les salaires sont d\u00e9j\u00e0 tr\u00e8s insuffi\u00adsants, \u00e0 travailler plus longtemps pour des pensions encore plus faibles. Pour autant, il ne faut pas oublier tous les autres chan\u00adtiers \u00e0 ouvrir pour mettre d\u00e9finitivement un terme \u00e0 la pr\u00e9carit\u00e9 des AED, des AESH et des contractuels enseignants, CPE et psychologues de l\u2019\u00c9ducation nationale.<\/p><p>Ce dossier le montre, ces personnels sont maltrait\u00e9s par l\u2019institution : sans statut, sans salaire et sans avancement d\u00e9cents, sans formation continue adapt\u00e9e, ils subissent, in fine, une gestion purement comptable de leur situation.<\/p><p>Pour l\u2019administration, le contractuel est un num\u00e9ro dans un listing, souvent un plan B, d\u00e9pla\u00e7able du jour au lendemain, qui doit \u00eatre pleinement investi dans son travail, totalement autonome et mall\u00e9able, tr\u00e8s docile, et en guise d\u2019avanc\u00e9es sociales, se contenter des restes d\u2019enveloppes budg\u00e9\u00adtaires \u2013 quand il y en a\u2026<\/p><p>Flexibilit\u00e9 \u00e0 outrance et non-reconnais\u00adsance de votre r\u00f4le crucial par le minist\u00e8re doivent cesser !<\/p><p>Vous avez \u00e9t\u00e9 des milliers \u00e0 accorder votre confiance au SNALC lors des derni\u00e8res \u00e9lections<\/p>\t\t\t\t\t\t<\/div>\n\t\t\t\t<\/div>\n\t\t\t\t\t<\/div>\n\t\t<\/div>\n\t\t\t\t<div class=\"elementor-column elementor-col-50 elementor-inner-column elementor-element elementor-element-692b5a5\" data-id=\"692b5a5\" data-element_type=\"column\">\n\t\t\t<div class=\"elementor-widget-wrap elementor-element-populated\">\n\t\t\t\t\t\t\t\t<div class=\"elementor-element elementor-element-a2cf812 elementor-widget elementor-widget-text-editor\" data-id=\"a2cf812\" data-element_type=\"widget\" data-widget_type=\"text-editor.default\">\n\t\t\t\t<div class=\"elementor-widget-container\">\n\t\t\t\t\t\t\t<p>professionnelles, malgr\u00e9 les diffi\u00adcult\u00e9s pour voter, et nous vous en remer\u00adcions infiniment.<\/p><p>Le mandat que vous nous avez confi\u00e9 jusqu\u2019\u00e0 fin 2026 renforce notre capacit\u00e9 \u00e0 faire bouger vos conditions d\u2019emploi et de travail.<\/p><p>Pour cela, le SNALC utilisera tous les le\u00adviers de l\u2019action syndicale : les instances dans lesquelles il si\u00e8ge, les audiences, les m\u00e9dias, les intersyndicales, les manifesta\u00adtions\u2026<\/p><p>Si le SNALC participe pleinement \u00e0 la lutte contre la r\u00e9forme des retraites, traiter le dossier des r\u00e9mun\u00e9rations rel\u00e8ve \u00e9gale\u00adment de l\u2019urgence.<\/p><p>\u00c0 tr\u00e8s court terme, l\u2019objectif du SNALC est de mettre fin \u00e0 la perte continue du pouvoir d\u2019achat due \u00e0 l\u2019\u00e9crasement de grilles de r\u00e9mun\u00e9ration sans ambition et mal con\u00e7ues, et d\u2019obtenir que tous les contractuels puissent enfin conna\u00eetre de r\u00e9elles perspectives de revalorisation sala\u00adriale \u00e0 la hauteur de leurs comp\u00e9tences, de leur exp\u00e9rience et de leur investisse\u00adment.<\/p><p>En attendant le choc d\u2019attractivit\u00e9 promis par le ministre en juillet 2022, vous pouvez compter sur notre d\u00e9termination pour lui infliger un choc de clairvoyance et de jus\u00adtice sociale !<\/p>\t\t\t\t\t\t<\/div>\n\t\t\t\t<\/div>\n\t\t\t\t\t<\/div>\n\t\t<\/div>\n\t\t\t\t\t\t\t<\/div>\n\t\t<\/section>\n\t\t\t\t<div class=\"elementor-element elementor-element-e9cec3d elementor-widget elementor-widget-spacer\" data-id=\"e9cec3d\" data-element_type=\"widget\" data-widget_type=\"spacer.default\">\n\t\t\t\t<div class=\"elementor-widget-container\">\n\t\t\t\t\t<div class=\"elementor-spacer\">\n\t\t\t<div class=\"elementor-spacer-inner\"><\/div>\n\t\t<\/div>\n\t\t\t\t<\/div>\n\t\t\t\t<\/div>\n\t\t\t\t\t<\/div>\n\t\t<\/div>\n\t\t\t\t\t\t\t<\/div>\n\t\t<\/section>\n\t\t\t\t<section class=\"elementor-section elementor-top-section elementor-element elementor-element-524fbab elementor-section-boxed elementor-section-height-default elementor-section-height-default\" data-id=\"524fbab\" data-element_type=\"section\">\n\t\t\t\t\t\t<div class=\"elementor-container elementor-column-gap-default\">\n\t\t\t\t\t<div class=\"elementor-column elementor-col-100 elementor-top-column elementor-element elementor-element-dec1c46\" data-id=\"dec1c46\" data-element_type=\"column\">\n\t\t\t<div class=\"elementor-widget-wrap elementor-element-populated\">\n\t\t\t\t\t\t\t\t<div class=\"elementor-element elementor-element-b78b5a4 elementor-widget elementor-widget-heading\" data-id=\"b78b5a4\" data-element_type=\"widget\" data-widget_type=\"heading.default\">\n\t\t\t\t<div class=\"elementor-widget-container\">\n\t\t\t<span id=\"elementor-toc__heading-anchor-1\" class=\"elementor-menu-anchor \"><\/span><h4 class=\"elementor-heading-title elementor-size-default\">R\u00c9MUN\u00c9RATIONS : RIEN NE VA PLUS<\/h4>\t\t<\/div>\n\t\t\t\t<\/div>\n\t\t\t\t<div class=\"elementor-element elementor-element-e6168f2 elementor-widget elementor-widget-image\" data-id=\"e6168f2\" data-element_type=\"widget\" data-widget_type=\"image.default\">\n\t\t\t\t<div class=\"elementor-widget-container\">\n\t\t\t\t\t\t\t\t\t\t\t\t<figure class=\"wp-caption\">\n\t\t\t\t\t\t\t\t\t\t<img loading=\"lazy\" decoding=\"async\" src=\"https:\/\/snalc.fr\/wp-content\/uploads\/casino_istock_poba-494592884.jpg\" class=\"attachment-large size-large\" alt=\"\" loading=\"lazy\" srcset=\"https:\/\/snalc.fr\/wp-content\/uploads\/casino_istock_poba-494592884.jpg 829w, https:\/\/snalc.fr\/wp-content\/uploads\/casino_istock_poba-494592884-300x218.jpg 300w, https:\/\/snalc.fr\/wp-content\/uploads\/casino_istock_poba-494592884-768x558.jpg 768w\" sizes=\"auto, (max-width: 800px) 100vw, 800px\" width=\"800\" height=\"581\">\t\t\t\t\t\t\t\t\t\t\t<figcaption class=\"widget-image-caption wp-caption-text\">istock_poba-494592884<\/figcaption>\n\t\t\t\t\t\t\t\t\t\t<\/figure>\n\t\t\t\t\t\t\t\t\t<\/div>\n\t\t\t\t<\/div>\n\t\t\t\t<div class=\"elementor-element elementor-element-bd5d8d5 elementor-widget elementor-widget-text-editor\" data-id=\"bd5d8d5\" data-element_type=\"widget\" data-widget_type=\"text-editor.default\">\n\t\t\t\t<div class=\"elementor-widget-container\">\n\t\t\t\t\t\t\t<p>S\u2019il y a une urgence parmi tous les chantiers \u00e0 ouvrir pour que les AESH, AED, contractuels ensei\u00adgnants, CPE et psychologues de l\u2019\u00c9duca\u00adtion nationale connaissent enfin une am\u00e9\u00adlioration de leurs conditions d\u2019emploi et de travail, c\u2019est bien celle des salaires.<\/p><p>En effet, malgr\u00e9 l\u2019augmentation de 3,5 % du point d\u2019indice au 1er juillet 2022 (bien d\u00e9risoire quand le taux d\u2019inflation atteint 6,2 % en 2022\u2026) et la derni\u00e8re augmen\u00adtation de l\u2019indice plancher dans la fonction publique au 1er janvier 2023 (due \u00e0 l\u2019aug\u00admentation du SMIC horaire brut \u00e0 cette date), tous les AESH et AED en CDD sont actuellement r\u00e9mun\u00e9r\u00e9s \u00e0 l\u2019indice 353.<\/p><p>Ces personnels sont donc r\u00e9mun\u00e9r\u00e9s au SMIC pendant 6 ans de CDD sans aucune reconnaissance ni valorisation de l\u2019exp\u00e9\u00adrience professionnelle accumul\u00e9e.<\/p><p>Chez les AED et AESH, cette augmenta\u00adtion de l\u2019indice plancher entra\u00eene en outre, une r\u00e9duction drastique de l\u2019\u00e9cart indiciaire entre coll\u00e8gues en CDI et en CDD : ainsi, il n\u2019y a plus que 2 points d\u2019indice entre les AESH nouvellement recrut\u00e9s et les AESH en CDI depuis moins de 3 ans (c\u2019\u00e9tait 20 points en septembre 2021 !), et plus que 9 points d\u2019indice entre les AED r\u00e9cemment recrut\u00e9s et les AED en CDI.<\/p><p>Concr\u00e8tement, pour une quotit\u00e9 de 62 % ( la plus fr\u00e9quente), les AESH qui ont d\u00e9\u00adbut\u00e9 il y a 9 ans voire davantage et sont donc dans leur 3e ann\u00e9e de CDI, ne per\u00ad\u00e7oivent que 6 \u20ac brut de plus par mois que les AESH nouvellement recrut\u00e9s !<\/p><p>La grille indiciaire des AESH, entr\u00e9e en application le 1er septembre 2021, a \u00e9t\u00e9 totalement \u00e9cras\u00e9e pour les 3 premiers \u00e9chelons, et ce en seulement 16 mois\u2026<\/p><p>Une hausse de 10% des cr\u00e9dits allou\u00e9s \u00e0 la r\u00e9mun\u00e9ration des AESH est cependant envisag\u00e9e \u00e0 partir de septembre 2023. Faut-il l\u2019interpr\u00e9ter comme une revalorisa\u00adtion salariale de 10 % pour tous les AESH ? N\u2019allons pas trop vite en besogne ! En effet, rien n\u2019est encore act\u00e9 en ce qui concerne les modalit\u00e9s de mise en oeuvre de cette mesure et l\u2019impact effectif qu\u2019elle aura sur la r\u00e9mun\u00e9ration de chaque AESH\u2026 Le SNALC redoute, entre autres, que cette augmentation se fasse en contrepartie d\u2019une extension de leurs missions.<\/p><p>La situation est pire encore pour les AED, qui n\u2019ont pas de grille de r\u00e9mun\u00e9rations, malgr\u00e9 l\u2019acc\u00e8s au CDI depuis septembre 2022. R\u00e9sultat : 6 ans de CDD sans la moindre possibilit\u00e9 d\u2019avancement salarial et un \u00e9cart de quelques points d\u2019indice entre les AED en CDD et les AED en CDI. \u00c9cart qui se r\u00e9duit progressivement d\u2019ail\u00adleurs : de 10 points en septembre 2022, il est pass\u00e9 \u00e0 un point en janvier 2023. Il devrait \u00eatre amen\u00e9 \u00e0 dispara\u00eetre avec les prochaines hausses du SMIC.<\/p><p>Or, s\u2019il a toujours d\u00e9fendu le CDI pour les AED et la stabilit\u00e9 qui en d\u00e9coule dans les \u00e9quipes de vie scolaire, le SNALC est fer\u00admement oppos\u00e9 \u00e0 la stabilit\u00e9 de leur r\u00e9mu\u00adn\u00e9ration !<\/p><p>En ce qui concerne les contractuels ensei\u00adgnants, CPE et psychologues de l\u2019\u00c9duca\u00adtion nationale, s\u2019il y a bien longtemps que les niveaux 1 et 2 de la grille de r\u00e9mun\u00e9ra\u00adtion des contractuels de 2e cat\u00e9gorie ont disparu du fait des rel\u00e8vements successifs de l\u2019indice plancher, la grille des contrac\u00adtuels de 1re cat\u00e9gorie est elle-m\u00eame deve\u00adnue obsol\u00e8te.<\/p><p>Un contractuel de 1re cat\u00e9gorie d\u00e9bute en g\u00e9n\u00e9ral \u00e0 l\u2019indice major\u00e9 367, ce qui cor\u00adrespond \u00e0 un traitement brut de 1779,95 \u20ac, pour un temps complet.<\/p><p>Le SMIC mensuel brut est aujourd\u2019hui fix\u00e9 \u00e0 1709,28 \u20ac, ce qui signifie qu\u2019un contrac\u00adtuel enseignant d\u00e9tenant le plus souvent un dipl\u00f4me de niveau 7 (master ou \u00e9quiva\u00adlent) qui d\u00e9bute \u00e0 temps complet ne gagne que 70 \u20ac brut de plus par mois, soit 56 \u20ac net, qu\u2019un salari\u00e9 au SMIC.<\/p><p>L\u2019absence de plus-value salariale fond\u00e9e sur les ann\u00e9es d\u2019\u00e9tudes pour des agents class\u00e9s en cat\u00e9gorie A n\u2019est pas accep\u00adtable.<\/p><p>Ainsi, tant que la grille de r\u00e9mun\u00e9ration de ces personnels ne sera pas amend\u00e9e, la crise du recrutement dans l\u2019\u00c9ducation nationale et le job dating auront encore de beaux jours devant eux\u2026<\/p><p>Parce que la r\u00e9mun\u00e9ration des AESH, AED, contractuels enseignants, CPE et psychologues de l\u2019\u00c9ducation nationale est une question qui ne peut plus attendre, parce qu\u2019il a des propositions de grilles indiciaires1 et parce que sa repr\u00e9sentativit\u00e9 a \u00e9t\u00e9 renforc\u00e9e avec ses r\u00e9sultats aux der\u00adni\u00e8res \u00e9lections professionnelles, le SNALC mobilisera tous les moyens d\u2019action dont il dispose pour que le minist\u00e8re ouvre ur\u00adgemment des n\u00e9gociations afin de revalo\u00adriser significativement et durablement ces agents, sans lesquels l\u2019institution ne fonc\u00adtionnerait pas !<\/p><hr><p><em>(1) Propositions de grilles indiciaires du SNALC pour les contractuels enseignants, CPE et psychologues de l\u2019\u00c9ducation nationale, AESH et AED : <a href=\"https:\/\/snalc.fr\/grilles-contractuels-aed-aesh-propositions\/\">https:\/\/snalc.fr\/grilles-contractuels-aed-aesh-propositions\/<\/a>&nbsp;<\/em><\/p>\t\t\t\t\t\t<\/div>\n\t\t\t\t<\/div>\n\t\t\t\t\t<\/div>\n\t\t<\/div>\n\t\t\t\t\t\t\t<\/div>\n\t\t<\/section>\n\t\t\t\t<section class=\"elementor-section elementor-top-section elementor-element elementor-element-31271d43 elementor-section-boxed elementor-section-height-default elementor-section-height-default\" data-id=\"31271d43\" data-element_type=\"section\">\n\t\t\t\t\t\t<div class=\"elementor-container elementor-column-gap-default\">\n\t\t\t\t\t<div class=\"elementor-column elementor-col-100 elementor-top-column elementor-element elementor-element-53e99cfe\" data-id=\"53e99cfe\" data-element_type=\"column\">\n\t\t\t<div class=\"elementor-widget-wrap elementor-element-populated\">\n\t\t\t\t\t\t\t\t<div class=\"elementor-element elementor-element-3c7d2c4b elementor-widget elementor-widget-spacer\" data-id=\"3c7d2c4b\" data-element_type=\"widget\" data-widget_type=\"spacer.default\">\n\t\t\t\t<div class=\"elementor-widget-container\">\n\t\t\t\t\t<div class=\"elementor-spacer\">\n\t\t\t<div class=\"elementor-spacer-inner\"><\/div>\n\t\t<\/div>\n\t\t\t\t<\/div>\n\t\t\t\t<\/div>\n\t\t\t\t<div class=\"elementor-element elementor-element-d07b8e3 elementor-widget elementor-widget-heading\" data-id=\"d07b8e3\" data-element_type=\"widget\" id=\"enseignantsmic\" data-widget_type=\"heading.default\">\n\t\t\t\t<div class=\"elementor-widget-container\">\n\t\t\t<h4 class=\"elementor-heading-title elementor-size-default\">AESH : LES SORTIES SCOLAIRES NE SONT PAS DES HEURES CONNEXES<\/h4>\t\t<\/div>\n\t\t\t\t<\/div>\n\t\t\t\t<div class=\"elementor-element elementor-element-f679cd3 elementor-widget elementor-widget-image\" data-id=\"f679cd3\" data-element_type=\"widget\" data-widget_type=\"image.default\">\n\t\t\t\t<div class=\"elementor-widget-container\">\n\t\t\t\t\t\t\t\t\t\t\t\t<figure class=\"wp-caption\">\n\t\t\t\t\t\t\t\t\t\t<img loading=\"lazy\" decoding=\"async\" src=\"https:\/\/snalc.fr\/wp-content\/uploads\/periscolaire_istock_andresr-687830672.jpg\" class=\"attachment-large size-large\" alt=\"\" loading=\"lazy\" srcset=\"https:\/\/snalc.fr\/wp-content\/uploads\/periscolaire_istock_andresr-687830672.jpg 761w, https:\/\/snalc.fr\/wp-content\/uploads\/periscolaire_istock_andresr-687830672-300x204.jpg 300w\" sizes=\"auto, (max-width: 761px) 100vw, 761px\" width=\"761\" height=\"517\">\t\t\t\t\t\t\t\t\t\t\t<figcaption class=\"widget-image-caption wp-caption-text\">istock_andresr-687830672<\/figcaption>\n\t\t\t\t\t\t\t\t\t\t<\/figure>\n\t\t\t\t\t\t\t\t\t<\/div>\n\t\t\t\t<\/div>\n\t\t\t\t<div class=\"elementor-element elementor-element-226ce20c elementor-widget elementor-widget-text-editor\" data-id=\"226ce20c\" data-element_type=\"widget\" data-widget_type=\"text-editor.default\">\n\t\t\t\t<div class=\"elementor-widget-container\">\n\t\t\t\t\t\t\t<p><strong><em>La circulaire \u00ab Cadre de gestion des personnels AESH \u00bb a instaur\u00e9 en juin 2019 le principe des heures connexes. Ces fameuses heures, particu\u00adli\u00e8rement importantes pour les AESH, sont mal connues et rarement utilis\u00e9es \u00e0 bon escient.<\/em><\/strong><\/p><p>Ainsi, il n\u2019est pas rare qu\u2019on demande aux AESH de faire des heures d\u2019accompagne\u00adment suppl\u00e9mentaires, notamment dans le cadre de sorties scolaires, sous couvert des heures connexes. On a m\u00eame vu fleu\u00adrir localement cette disposition sur certains contrats !<\/p><p>Or, la <a href=\"https:\/\/www.education.gouv.fr\/bo\/19\/Hebdo23\/MENH1915158C.htm\">circulaire<\/a> \u00ab Cadre de gestion des per\u00adsonnels exer\u00e7ant des missions d\u2019AESH \u00bb pr\u00e9cise (paragraphe 3.4 : Temps et quotit\u00e9 de service) :<\/p><p><em>\u00ab Le temps de service inclut l\u2019ensemble des activit\u00e9s r\u00e9alis\u00e9es par l\u2019AESH au titre du plein exercice de ses missions : <\/em><\/p><p><em>l\u2019accompagnement du ou des \u00e9l\u00e8ves ; <\/em><\/p><p><em>les activit\u00e9s pr\u00e9paratoires connexes pendant ou hors la p\u00e9\u00adriode scolaire ; <\/em><\/p><p><em>les r\u00e9unions et formations suivies pendant et hors temps scolaire. \u00bb<\/em><\/p><p>Le rectorat de Clermont-Ferrand, interrog\u00e9 sur le sujet a r\u00e9pondu que les <em>\u00ab activit\u00e9s connexes ou com\u00adpl\u00e9mentaires sont r\u00e9alis\u00e9es hors accompagnement de l\u2019\u00e9l\u00e8ve. Par cons\u00e9quent, un accompagnement effectu\u00e9 sur le temps scolaire \u00e0 l\u2019occasion d\u2019une sortie p\u00e9dagogique par exemple, n\u2019est pas appr\u00e9ci\u00e9 comme une activit\u00e9 connexe mais bien comme du temps r\u00e9el d\u2019accompagnement.<\/em><\/p><p><em>Il a \u00e9t\u00e9 demand\u00e9 au service acad\u00e9mique de l\u2019\u00e9cole inclusive de se rapprocher des quatre services d\u00e9partementaux de l\u2019\u00e9cole inclusive afin qu\u2019une clarification soit effectu\u00e9e aupr\u00e8s des pilotes et coordonnateurs de Pial. \u00bb<\/em><\/p><p>Cette r\u00e9ponse officielle vient conforter la position du SNALC sur le sujet. Si l\u2019on vous demande de faire des heures sup\u00adpl\u00e9mentaires pour accompagner une sor\u00adtie, sans r\u00e9cup\u00e9ration et sous couvert des heures connexes, faites valoir vos droits. Si besoin, contactez la <a href=\"https:\/\/snalc.fr\/contact\/\">section acad\u00e9mique<\/a> du SNALC.<\/p><p>Pour en savoir davantage sur les heures connexes (calcul, vos obligations, vos droits\u2026), consultez l\u2019article \u00ab <a href=\"https:\/\/snalc.fr\/du-bon-usage-des-heures-connexes\/\">Du bon usage des heures connexes<\/a> \u00bb. Article dans lequel le SNALC d\u00e9crypte pour vous leur cadre d\u2019application.<\/p>\t\t\t\t\t\t<\/div>\n\t\t\t\t<\/div>\n\t\t\t\t\t<\/div>\n\t\t<\/div>\n\t\t\t\t\t\t\t<\/div>\n\t\t<\/section>\n\t\t\t\t<section class=\"elementor-section elementor-top-section elementor-element elementor-element-6a6fade0 elementor-section-boxed elementor-section-height-default elementor-section-height-default\" data-id=\"6a6fade0\" data-element_type=\"section\">\n\t\t\t\t\t\t<div class=\"elementor-container elementor-column-gap-default\">\n\t\t\t\t\t<div class=\"elementor-column elementor-col-100 elementor-top-column elementor-element elementor-element-16d0524\" data-id=\"16d0524\" data-element_type=\"column\">\n\t\t\t<div class=\"elementor-widget-wrap elementor-element-populated\">\n\t\t\t\t\t\t\t\t<div class=\"elementor-element elementor-element-37fc40f9 elementor-widget elementor-widget-spacer\" data-id=\"37fc40f9\" data-element_type=\"widget\" id=\"revendications\" data-widget_type=\"spacer.default\">\n\t\t\t\t<div class=\"elementor-widget-container\">\n\t\t\t\t\t<div class=\"elementor-spacer\">\n\t\t\t<div class=\"elementor-spacer-inner\"><\/div>\n\t\t<\/div>\n\t\t\t\t<\/div>\n\t\t\t\t<\/div>\n\t\t\t\t<div class=\"elementor-element elementor-element-267235da elementor-widget elementor-widget-heading\" data-id=\"267235da\" data-element_type=\"widget\" id=\"revendications\" data-widget_type=\"heading.default\">\n\t\t\t\t<div class=\"elementor-widget-container\">\n\t\t\t<h4 class=\"elementor-heading-title elementor-size-default\">PRIMES REP ET REP+ AUX AED ET AESH : COLD CASE OU DOSSIER BR\u00dbLANT ?<\/h4>\t\t<\/div>\n\t\t\t\t<\/div>\n\t\t\t\t<div class=\"elementor-element elementor-element-e99b564 elementor-widget elementor-widget-image\" data-id=\"e99b564\" data-element_type=\"widget\" data-widget_type=\"image.default\">\n\t\t\t\t<div class=\"elementor-widget-container\">\n\t\t\t\t\t\t\t\t\t\t\t\t<figure class=\"wp-caption\">\n\t\t\t\t\t\t\t\t\t\t<img loading=\"lazy\" decoding=\"async\" src=\"https:\/\/snalc.fr\/wp-content\/uploads\/dossiers_istock_BernardaSv-488244147.jpg\" class=\"attachment-large size-large\" alt=\"\" loading=\"lazy\" srcset=\"https:\/\/snalc.fr\/wp-content\/uploads\/dossiers_istock_BernardaSv-488244147.jpg 705w, https:\/\/snalc.fr\/wp-content\/uploads\/dossiers_istock_BernardaSv-488244147-300x201.jpg 300w\" sizes=\"auto, (max-width: 705px) 100vw, 705px\" width=\"705\" height=\"472\">\t\t\t\t\t\t\t\t\t\t\t<figcaption class=\"widget-image-caption wp-caption-text\">istock_BernardaSv-488244147<\/figcaption>\n\t\t\t\t\t\t\t\t\t\t<\/figure>\n\t\t\t\t\t\t\t\t\t<\/div>\n\t\t\t\t<\/div>\n\t\t\t\t<div class=\"elementor-element elementor-element-e8ca7f8 elementor-widget elementor-widget-text-editor\" data-id=\"e8ca7f8\" data-element_type=\"widget\" data-widget_type=\"text-editor.default\">\n\t\t\t\t<div class=\"elementor-widget-container\">\n\t\t\t\t\t\t\t<p>Comme indiqu\u00e9 pr\u00e9c\u00e9\u00addemment dans notre ar\u00adticle \u00ab <a href=\"https:\/\/snalc.fr\/des-primes-rep-et-rep-au-rabais-pour-les-aed-et-les-aesh\/\">Des primes REP et REP+ au rabais pour les AED et les AESH<\/a> \u00bb, depuis janvier 2023, les AED et les AESH exer\u00e7ant en \u00e9ducation priori\u00adtaire per\u00e7oivent les primes REP et REP+.<\/p><p>Le <a href=\"https:\/\/www.legifrance.gouv.fr\/loda\/id\/JORFTEXT000031113279\/\">d\u00e9cret 2015-1087 du 28 ao\u00fbt 2015<\/a>, a en effet, \u00e9t\u00e9 mo\u00addifi\u00e9 par <a href=\"https:\/\/www.legifrance.gouv.fr\/jorf\/id\/JORFTEXT000046711260\">le d\u00e9cret 2022-1534 du 8 d\u00e9cembre 2022<\/a> , portant r\u00e9gime indemnitaire sp\u00e9cifique en faveur des personnels exer\u00ad\u00e7ant dans les \u00e9coles ou \u00e9ta\u00adblissements relevant des pro\u00adgrammes \u00ab R\u00e9seau d\u2019\u00e9ducation prioritaire renforc\u00e9 \u00bb et \u00ab R\u00e9seau d\u2019\u00e9ducation prioritaire \u00bb.<\/p><p><a href=\"https:\/\/www.legifrance.gouv.fr\/loda\/id\/JORFTEXT000031113410\">L\u2019arr\u00eat\u00e9 du 28 ao\u00fbt 2015<\/a>, mo\u00addifi\u00e9 par l\u2019arr\u00eat\u00e9 du 8 d\u00e9cembre 2022 fixe les taux annuels en application des d\u00e9crets pr\u00e9ci\u00adt\u00e9s.<\/p><p>Or, \u00e0 l\u2019incompr\u00e9hension sur les montants de ces primes inf\u00e9\u00adrieurs de 36,2 % \u00e0 ceux attri\u00adbu\u00e9s aux autres personnels, vient s\u2019ajouter le report de la date de versement sur la paie d\u2019avril (avec effet r\u00e9troactif au 01\/01\/2023 certes).<\/p><p>Malgr\u00e9 ces deux mauvaises nouvelles et si le d\u00e9cret de 2015 ne dispose d\u2019une entr\u00e9e en vigueur qu\u2019\u00e0 partir de janvier 2023, une d\u00e9cision du tribunal administratif (TA) de Paris du 14 d\u00e9cembre dernier laisse penser que la question de la non-r\u00e9troactivit\u00e9 depuis 2015 n\u2019est peut-\u00eatre pas d\u00e9finitive\u00adment tranch\u00e9e.<\/p><p>En effet, suite au recours d\u2019un AESH devant cette juridiction, le TA de Paris a condamn\u00e9 le recteur de Paris \u00e0 verser les sommes dues au coll\u00e8gue depuis qu\u2019il exerce ses fonc\u00adtions d\u2019AESH en \u00e9ducation prioritaire.<\/p><p>On peut raisonnablement pen\u00adser que le rectorat de Paris fera appel de ce jugement devant la cour administrative d\u2019appel (CCA), mais une d\u00e9cision de CCA, voire du conseil d\u2019\u00c9tat, pourrait \u00e0 l\u2019avenir faire jurispru\u00addence quant \u00e0 la r\u00e9troactivit\u00e9 du versement de ces primes d\u00e8s 2015. Le dossier est donc en\u00adcore bien loin d\u2019\u00eatre class\u00e9\u2026<\/p>\t\t\t\t\t\t<\/div>\n\t\t\t\t<\/div>\n\t\t\t\t<div class=\"elementor-element elementor-element-de190bd elementor-widget elementor-widget-image\" data-id=\"de190bd\" data-element_type=\"widget\" data-widget_type=\"image.default\">\n\t\t\t\t<div class=\"elementor-widget-container\">\n\t\t\t\t\t\t\t\t\t\t\t\t\t\t\t<img loading=\"lazy\" decoding=\"async\" src=\"https:\/\/snalc.fr\/wp-content\/uploads\/QU1473_AED_AESH_primes.jpg\" class=\"attachment-large size-large\" alt=\"\" loading=\"lazy\" srcset=\"https:\/\/snalc.fr\/wp-content\/uploads\/QU1473_AED_AESH_primes.jpg 932w, https:\/\/snalc.fr\/wp-content\/uploads\/QU1473_AED_AESH_primes-300x207.jpg 300w, https:\/\/snalc.fr\/wp-content\/uploads\/QU1473_AED_AESH_primes-768x530.jpg 768w\" sizes=\"auto, (max-width: 800px) 100vw, 800px\" width=\"800\" height=\"552\">\t\t\t\t\t\t\t\t\t\t\t\t\t\t\t<\/div>\n\t\t\t\t<\/div>\n\t\t\t\t\t<\/div>\n\t\t<\/div>\n\t\t\t\t\t\t\t<\/div>\n\t\t<\/section>\n\t\t\t\t<section class=\"elementor-section elementor-top-section elementor-element elementor-element-9cb2778 elementor-section-boxed elementor-section-height-default elementor-section-height-default\" data-id=\"9cb2778\" data-element_type=\"section\">\n\t\t\t\t\t\t<div class=\"elementor-container elementor-column-gap-default\">\n\t\t\t\t\t<div class=\"elementor-column elementor-col-100 elementor-top-column elementor-element elementor-element-0b63060\" data-id=\"0b63060\" data-element_type=\"column\">\n\t\t\t<div class=\"elementor-widget-wrap elementor-element-populated\">\n\t\t\t\t\t\t\t\t<div class=\"elementor-element elementor-element-d151b9d elementor-widget elementor-widget-spacer\" data-id=\"d151b9d\" data-element_type=\"widget\" id=\"retraites\" data-widget_type=\"spacer.default\">\n\t\t\t\t<div class=\"elementor-widget-container\">\n\t\t\t\t\t<div class=\"elementor-spacer\">\n\t\t\t<div class=\"elementor-spacer-inner\"><\/div>\n\t\t<\/div>\n\t\t\t\t<\/div>\n\t\t\t\t<\/div>\n\t\t\t\t<div class=\"elementor-element elementor-element-3533e7b elementor-widget elementor-widget-heading\" data-id=\"3533e7b\" data-element_type=\"widget\" id=\"retraites\" data-widget_type=\"heading.default\">\n\t\t\t\t<div class=\"elementor-widget-container\">\n\t\t\t<h4 class=\"elementor-heading-title elementor-size-default\">AED ET AESH : UN CDI, UN STATUT, MAIS QUAND\u2026 ?<\/h4>\t\t<\/div>\n\t\t\t\t<\/div>\n\t\t\t\t<div class=\"elementor-element elementor-element-99eb27c elementor-widget elementor-widget-image\" data-id=\"99eb27c\" data-element_type=\"widget\" data-widget_type=\"image.default\">\n\t\t\t\t<div class=\"elementor-widget-container\">\n\t\t\t\t\t\t\t\t\t\t\t\t<figure class=\"wp-caption\">\n\t\t\t\t\t\t\t\t\t\t<img loading=\"lazy\" decoding=\"async\" src=\"https:\/\/snalc.fr\/wp-content\/uploads\/stylo_istock_RyanKing999-654938986.jpg\" class=\"attachment-large size-large\" alt=\"\" loading=\"lazy\" srcset=\"https:\/\/snalc.fr\/wp-content\/uploads\/stylo_istock_RyanKing999-654938986.jpg 658w, https:\/\/snalc.fr\/wp-content\/uploads\/stylo_istock_RyanKing999-654938986-300x207.jpg 300w\" sizes=\"auto, (max-width: 658px) 100vw, 658px\" width=\"658\" height=\"454\">\t\t\t\t\t\t\t\t\t\t\t<figcaption class=\"widget-image-caption wp-caption-text\">istock_RyanKing999-654938986<\/figcaption>\n\t\t\t\t\t\t\t\t\t\t<\/figure>\n\t\t\t\t\t\t\t\t\t<\/div>\n\t\t\t\t<\/div>\n\t\t\t\t<div class=\"elementor-element elementor-element-c3aef1f elementor-widget elementor-widget-text-editor\" data-id=\"c3aef1f\" data-element_type=\"widget\" data-widget_type=\"text-editor.default\">\n\t\t\t\t<div class=\"elementor-widget-container\">\n\t\t\t\t\t\t\t<p><strong>Conform\u00e9ment \u00e0 l\u2019<a href=\"https:\/\/www.legifrance.gouv.fr\/jorf\/article_jo\/JORFARTI000045287670\">article 10 de la loi 2022-299 du 10 mars 2022<\/a><\/strong><strong>&nbsp;<\/strong><strong>et au <a href=\"https:\/\/www.legifrance.gouv.fr\/jorf\/id\/JORFTEXT000046169175\">d\u00e9cret 2022-1140 du 9 ao\u00fbt 2022<\/a><\/strong><strong>, le CDI est accessible aux AED apr\u00e8s 6 ans de CDD depuis le 1<\/strong><strong>er <\/strong><strong>septembre 2022. <\/strong><\/p><p>Dans la pratique cependant, le SNALC accompagne de nombreux AED ne r\u00e9ussissant pas \u00e0 obtenir un CDI, alors qu\u2019ils remplissent bien toutes les conditions n\u00e9cessaires pour \u00eatre CDIs\u00e9s.<\/p><p>Que l\u2019origine du refus parte d\u2019un avis \u00ab d\u00e9favorable \u00bb d\u2019un chef d\u2019\u00e9tablissement oppos\u00e9 au CDI pour les AED (quand bien m\u00eame il n\u2019a pas comp\u00e9tence pour s\u2019op\u00adposer \u00e0 une loi et \u00e0 un d\u00e9cret) ou que le rectorat rejette, en toute opacit\u00e9, le renou\u00advellement en CDI, c\u2019est intol\u00e9rable !<\/p><p>Le SNALC encourage donc ces AED \u00e0 d\u00e9poser des recours (administratifs et contentieux) et il r\u00e9it\u00e8re aupr\u00e8s du minis\u00adt\u00e8re, sa demande d\u2019une circulaire d\u2019ap\u00adplication du d\u00e9cret du 9 ao\u00fbt, afin que l\u2019obtention d\u2019un CDI ne rel\u00e8ve plus d\u2019une loterie ou d\u2019un arbitraire administratif inacceptable pour les AED, mais bien de r\u00e8gles clairement et nationalement \u00e9dic\u00adt\u00e9es.<\/p><p>En ce qui concerne les AESH, si l\u2019acc\u00e8s au CDI est possible apr\u00e8s 6 ans de CDD depuis 2014, l\u2019article 1 de la <a href=\"https:\/\/www.legifrance.gouv.fr\/jorf\/id\/JORFTEXT000046751169\">loi 2022- 1574 du 16 d\u00e9cembre 2022<\/a>&nbsp;permet \u00e0 l\u2019\u00c9tat de conclure un CDI avec une per\u00adsonne ayant exerc\u00e9 pendant 3 \u00e0 6 ans en qualit\u00e9 d\u2019AESH en vue de poursuivre ses missions.<\/p><p>Toutefois, tant que le d\u00e9cret d\u2019application n\u2019est pas publi\u00e9, le CDI apr\u00e8s un seul CDD de 3 ans n\u2019est pas effectif.<\/p><p>Le SNALC a demand\u00e9 au minist\u00e8re que la consultation des syndicats repr\u00e9sentatifs, dont il fait partie, soit lanc\u00e9e dans les plus brefs d\u00e9lais.<\/p><p>Le SNALC sera particuli\u00e8rement vigilant \u00e0 la mise en oeuvre de cette nouvelle dispo\u00adsition l\u00e9gislative, et se battra pour que tous les AESH soient renouvel\u00e9s en CDI d\u00e8s 3 ann\u00e9es d\u2019exercice.<\/p><p>Toutefois, si le SNALC soutient toute am\u00e9lioration des conditions d\u2019emploi des AESH, sa revendication finale, comme pour les AED, est un statut de la Fonction publique d\u2019\u00c9tat, de cat\u00e9gorie B.<\/p><p>\u00c0 ce titre, le SNALC est signataire d\u2019une p\u00e9tition pour un vrai statut, une hausse des salaires et l\u2019abandon des PIAL.<\/p><p>Nous invitons donc tous ceux qui sou\u00adtiennent notre combat pour les AESH \u00e0 la signer : <u>https:\/\/snalc.fr\/aesh-pour-un-vrai-statut-une-hausse-des-salaires-et-laban\u00addon-des-pial\/<\/u>.<\/p>\t\t\t\t\t\t<\/div>\n\t\t\t\t<\/div>\n\t\t\t\t\t<\/div>\n\t\t<\/div>\n\t\t\t\t\t\t\t<\/div>\n\t\t<\/section>\n\t\t\t\t<section class=\"elementor-section elementor-top-section elementor-element elementor-element-d34e9ed elementor-section-boxed elementor-section-height-default elementor-section-height-default\" data-id=\"d34e9ed\" data-element_type=\"section\">\n\t\t\t\t\t\t<div class=\"elementor-container elementor-column-gap-default\">\n\t\t\t\t\t<div class=\"elementor-column elementor-col-100 elementor-top-column elementor-element elementor-element-705c7b2\" data-id=\"705c7b2\" data-element_type=\"column\">\n\t\t\t<div class=\"elementor-widget-wrap elementor-element-populated\">\n\t\t\t\t\t\t\t\t<div class=\"elementor-element elementor-element-8550d84 elementor-widget elementor-widget-spacer\" data-id=\"8550d84\" data-element_type=\"widget\" data-widget_type=\"spacer.default\">\n\t\t\t\t<div class=\"elementor-widget-container\">\n\t\t\t\t\t<div class=\"elementor-spacer\">\n\t\t\t<div class=\"elementor-spacer-inner\"><\/div>\n\t\t<\/div>\n\t\t\t\t<\/div>\n\t\t\t\t<\/div>\n\t\t\t\t<div class=\"elementor-element elementor-element-0ec0b7f elementor-widget elementor-widget-heading\" data-id=\"0ec0b7f\" data-element_type=\"widget\" data-widget_type=\"heading.default\">\n\t\t\t\t<div class=\"elementor-widget-container\">\n\t\t\t<span id=\"elementor-toc__heading-anchor-5\" class=\"elementor-menu-anchor \"><\/span><h4 class=\"elementor-heading-title elementor-size-default\">UN RAPPORT DE PLUS, MAIS PAS GRAND-CHOSE POUR LES AESH !<\/h4>\t\t<\/div>\n\t\t\t\t<\/div>\n\t\t\t\t<div class=\"elementor-element elementor-element-d33ce2b elementor-widget elementor-widget-image\" data-id=\"d33ce2b\" data-element_type=\"widget\" data-widget_type=\"image.default\">\n\t\t\t\t<div class=\"elementor-widget-container\">\n\t\t\t\t\t\t\t\t\t\t\t\t<figure class=\"wp-caption\">\n\t\t\t\t\t\t\t\t\t\t<img loading=\"lazy\" decoding=\"async\" src=\"https:\/\/snalc.fr\/wp-content\/uploads\/dossier_iStock_Ivan-balvan.jpg\" class=\"attachment-large size-large\" alt=\"\" loading=\"lazy\" srcset=\"https:\/\/snalc.fr\/wp-content\/uploads\/dossier_iStock_Ivan-balvan.jpg 817w, https:\/\/snalc.fr\/wp-content\/uploads\/dossier_iStock_Ivan-balvan-300x205.jpg 300w, https:\/\/snalc.fr\/wp-content\/uploads\/dossier_iStock_Ivan-balvan-768x524.jpg 768w\" sizes=\"auto, (max-width: 800px) 100vw, 800px\" width=\"800\" height=\"545\">\t\t\t\t\t\t\t\t\t\t\t<figcaption class=\"widget-image-caption wp-caption-text\">iStock_Ivan-balvan<\/figcaption>\n\t\t\t\t\t\t\t\t\t\t<\/figure>\n\t\t\t\t\t\t\t\t\t<\/div>\n\t\t\t\t<\/div>\n\t\t\t\t<div class=\"elementor-element elementor-element-6390840 elementor-widget elementor-widget-text-editor\" data-id=\"6390840\" data-element_type=\"widget\" data-widget_type=\"text-editor.default\">\n\t\t\t\t<div class=\"elementor-widget-container\">\n\t\t\t\t\t\t\t<p>Les inspections g\u00e9n\u00e9\u00adrales des finances et de l\u2019\u00e9ducation ont \u00e9t\u00e9 mis\u00adsionn\u00e9es pour \u00e9tudier, entre autres, les pratiques de pres\u00adcription des MDPH, r\u00e9aliser une projection des besoins en accompagnement et dres\u00adser un panorama des AESH. Une attention particuli\u00e8re devait \u00e9galement \u00eatre port\u00e9e \u00e0 la continuit\u00e9 de l\u2019accompa\u00adgnement des \u00e9l\u00e8ves en situa\u00adtion de handicap (ESH) tout au long de leur journ\u00e9e. Enfin, le minist\u00e8re souhaitait plusieurs scenarii d\u2019\u00e9volution en termes de gestion, de financement et d\u2019accompagnement des ESH.<\/p><p>Les propositions du <a href=\"https:\/\/www.education.gouv.fr\/la-scolarisation-des-enfants-en-situation-de-handicap-343648\">rapport 2022&nbsp;<\/a>sur la scolarisation des ESH auront forc\u00e9ment des im\u00adplications pour les AESH.<\/p><p>Pour le SNALC, certaines iraient dans le bon sens, comme des formations conjointes enseignants-AESH accrues. La bascule progres\u00adsive des contrats au bout de 3 ans, vers un contrat DSDEN ou rectorat est int\u00e9ressante \u00e9galement : \u00e0 l\u2019heure actuelle, la majorit\u00e9 des AESH en CDD est sous contrat EPLE pour 6 ans, ce qui cr\u00e9e une in\u00e9galit\u00e9 face \u00e0 l\u2019action sociale avec les AESH en CDI.<\/p><p>Mentionnons aussi l\u2019atten\u00adtion port\u00e9e \u00e0 une uniformi\u00adsation des pratiques concer\u00adnant l\u2019accompagnement sur le temps p\u00e9riscolaire. Aller vers une proc\u00e9dure de mise \u00e0 disposition des AESH, de l\u2019\u00c9tat vers les collectivit\u00e9s locales, serait souhaitable (employeur unique, quotit\u00e9 augment\u00e9e, pause respect\u00e9e).<\/p><p>Enfin, la d\u00e9finition, avec la MDPH, d\u2019un calendrier annuel de mise en oeuvre des notifica\u00adtions \u00e9viterait des modifications d\u2019accompagnement intempes\u00adtives en cours d\u2019ann\u00e9e.<\/p><p>En revanche, le SNALC s\u2019\u00e9l\u00e8ve contre la proposition de ne plus pr\u00e9ciser le caract\u00e8re mutualis\u00e9 ou individualis\u00e9, ni la quotit\u00e9 d\u2019accompagnement humain. Afin de \u00ab r\u00e9\u00e9quilibrer compen\u00adsation et accessibilit\u00e9, au profit de la seconde \u00bb \u2013 et au vu de consid\u00e9rations financi\u00e8res \u2013 la comp\u00e9tence de d\u00e9finition de la nature de l\u2019accompagnement pourrait \u00eatre transf\u00e9r\u00e9e \u00e0 l\u2019\u00c9du\u00adcation nationale. Or, il s\u2019agit de pr\u00e9conisations m\u00e9dicales. Elles doivent le rester. Ces informa\u00adtions sont pr\u00e9cieuses pour que les AESH interviennent au mieux aupr\u00e8s des \u00e9l\u00e8ves.<\/p><p>Si ce rapport est int\u00e9ressant sur certains points, il reste la\u00adcunaire sur d\u2019autres et, s\u2019il fait le constat de la pr\u00e9carit\u00e9 des AESH, il ne propose que trop peu de pistes pour am\u00e9liorer leur situation. &nbsp;<\/p>\t\t\t\t\t\t<\/div>\n\t\t\t\t<\/div>\n\t\t\t\t\t<\/div>\n\t\t<\/div>\n\t\t\t\t\t\t\t<\/div>\n\t\t<\/section>\n\t\t\t\t<section class=\"elementor-section elementor-top-section elementor-element elementor-element-1019eab elementor-section-boxed elementor-section-height-default elementor-section-height-default\" data-id=\"1019eab\" data-element_type=\"section\">\n\t\t\t\t\t\t<div class=\"elementor-container elementor-column-gap-default\">\n\t\t\t\t\t<div class=\"elementor-column elementor-col-100 elementor-top-column elementor-element elementor-element-b8557f5\" data-id=\"b8557f5\" data-element_type=\"column\">\n\t\t\t<div class=\"elementor-widget-wrap elementor-element-populated\">\n\t\t\t\t\t\t\t\t<div class=\"elementor-element elementor-element-4e728fc elementor-widget elementor-widget-spacer\" data-id=\"4e728fc\" data-element_type=\"widget\" data-widget_type=\"spacer.default\">\n\t\t\t\t<div class=\"elementor-widget-container\">\n\t\t\t\t\t<div class=\"elementor-spacer\">\n\t\t\t<div class=\"elementor-spacer-inner\"><\/div>\n\t\t<\/div>\n\t\t\t\t<\/div>\n\t\t\t\t<\/div>\n\t\t\t\t<div class=\"elementor-element elementor-element-24cc6da elementor-widget elementor-widget-heading\" data-id=\"24cc6da\" data-element_type=\"widget\" data-widget_type=\"heading.default\">\n\t\t\t\t<div class=\"elementor-widget-container\">\n\t\t\t<span id=\"elementor-toc__heading-anchor-6\" class=\"elementor-menu-anchor \"><\/span><h4 class=\"elementor-heading-title elementor-size-default\">CONTRACTUELS ENSEIGNANTS : UN RECRUTEMENT TRIC\u00c9PHALE<\/h4>\t\t<\/div>\n\t\t\t\t<\/div>\n\t\t\t\t<div class=\"elementor-element elementor-element-31f17de elementor-widget elementor-widget-image\" data-id=\"31f17de\" data-element_type=\"widget\" data-widget_type=\"image.default\">\n\t\t\t\t<div class=\"elementor-widget-container\">\n\t\t\t\t\t\t\t\t\t\t\t\t<figure class=\"wp-caption\">\n\t\t\t\t\t\t\t\t\t\t<img loading=\"lazy\" decoding=\"async\" src=\"https:\/\/snalc.fr\/wp-content\/uploads\/jury_istock_gpointstudio-1152769811.jpg\" class=\"attachment-large size-large\" alt=\"\" loading=\"lazy\" srcset=\"https:\/\/snalc.fr\/wp-content\/uploads\/jury_istock_gpointstudio-1152769811.jpg 720w, https:\/\/snalc.fr\/wp-content\/uploads\/jury_istock_gpointstudio-1152769811-300x208.jpg 300w\" sizes=\"auto, (max-width: 720px) 100vw, 720px\" width=\"720\" height=\"498\">\t\t\t\t\t\t\t\t\t\t\t<figcaption class=\"widget-image-caption wp-caption-text\">istock_gpointstudio-1152769811<\/figcaption>\n\t\t\t\t\t\t\t\t\t\t<\/figure>\n\t\t\t\t\t\t\t\t\t<\/div>\n\t\t\t\t<\/div>\n\t\t\t\t<div class=\"elementor-element elementor-element-3315cd9 elementor-widget elementor-widget-text-editor\" data-id=\"3315cd9\" data-element_type=\"widget\" data-widget_type=\"text-editor.default\">\n\t\t\t\t<div class=\"elementor-widget-container\">\n\t\t\t\t\t\t\t<p>Depuis la rentr\u00e9e derni\u00e8re, avec la crise du recrutement, l\u2019emploi massif de contractuels enseignants a fait la Une de l\u2019actualit\u00e9 pendant une longue p\u00e9riode. Le recours au \u00ab job dating \u00bb et le manque de comp\u00e9tences suppos\u00e9 de nos coll\u00e8\u00adgues ont \u00e9t\u00e9 mis en avant. Mais s\u2019est-on d\u00e9j\u00e0 pos\u00e9 la question de savoir comment les rectorats recrutent habituellement ces personnels ?<\/p><p>Si les enseignants contractuels repr\u00e9\u00adsentent seulement 9 % des enseignants du second degr\u00e9, ils repr\u00e9sentent le quart des professeurs nouvellement recrut\u00e9s dans la derni\u00e8re d\u00e9cennie. Et si les modalit\u00e9s de recrutement sont fix\u00e9es nationalement, la pratique du recrutement est acad\u00e9mique.<\/p><p><a href=\"https:\/\/books.openedition.org\/cereq\/1431?lang=fr\">Deux sociologues ont enqu\u00eat\u00e9<\/a>, \u00e0 ce sujet, au service des contractuels de l\u2019acad\u00e9mie de Lyon, acad\u00e9mie en forte croissance o\u00f9 le poids des contractuels a doubl\u00e9 en 10 ans et o\u00f9 le bureau des contractuels est nettement \u00e0 part. Bien que calqu\u00e9 sur la hi\u00e9rarchie statutaire de l\u2019emploi enseignant, il intervient apr\u00e8s la gestion des titulaires.<\/p><p>Selon cette \u00e9tude, le recrutement des contractuels enseignants repose essen\u00adtiellement sur trois acteurs : gestionnaires, inspecteurs p\u00e9dagogiques et chefs d\u2019\u00e9ta\u00adblissement.<\/p><p>Si on peut supposer que l\u2019avis de l\u2019inspec\u00adteur est primordial dans le recrutement de tel ou tel agent, cela n\u2019est vrai que pour les mati\u00e8res peu ou pas d\u00e9ficitaires (lettres modernes, histoire-g\u00e9o\u2026). Il en va tout au\u00adtrement dans les mati\u00e8res tr\u00e8s d\u00e9ficitaires o\u00f9 les inspecteurs perdent le monopole de l\u2019\u00e9valuation des candidatures au pro\u00adfit des gestionnaires, qui dans le meilleur des cas tiennent compte de l\u2019exp\u00e9rience professionnelle des candidats, mais sont amen\u00e9s parfois \u00e0 recruter \u00ab le gars qui a vu de la lumi\u00e8re \u00bb qui se pr\u00e9sente.<\/p><p>Quant au chef d\u2019\u00e9tablissement, il intervient en amont et en aval du recrutement. En amont, il signale le besoin d\u2019enseignement (remplacement, vacance de poste). Si le besoin n\u2019est pas pourvu par le rectorat, il fait appel \u00e0 ses r\u00e9seaux, afin de trouver le rempla\u00e7ant, voire d\u00e9pose aupr\u00e8s de P\u00f4le emploi une fiche de poste. En aval, il contacte et re\u00e7oit souvent le rempla\u00e7ant d\u00e9sign\u00e9 avant la signature du contrat, lorsqu\u2019il a lui-m\u00eame trouv\u00e9 le candidat. Par ailleurs, son avis est primordial, pour les postes \u00ab profil\u00e9s \u00bb. En conclusion, les contractuels font les frais d\u2019une absence de proc\u00e9dure de recrutement clairement d\u00e9finie et harmonis\u00e9e au niveau national. <\/p>\t\t\t\t\t\t<\/div>\n\t\t\t\t<\/div>\n\t\t\t\t\t<\/div>\n\t\t<\/div>\n\t\t\t\t\t\t\t<\/div>\n\t\t<\/section>\n\t\t\t\t<section class=\"elementor-section elementor-top-section elementor-element elementor-element-4fea5dd elementor-section-boxed elementor-section-height-default elementor-section-height-default\" data-id=\"4fea5dd\" data-element_type=\"section\">\n\t\t\t\t\t\t<div class=\"elementor-container elementor-column-gap-default\">\n\t\t\t\t\t<div class=\"elementor-column elementor-col-100 elementor-top-column elementor-element elementor-element-a57a179\" data-id=\"a57a179\" data-element_type=\"column\">\n\t\t\t<div class=\"elementor-widget-wrap elementor-element-populated\">\n\t\t\t\t\t\t\t\t<div class=\"elementor-element elementor-element-7439133 elementor-widget elementor-widget-spacer\" data-id=\"7439133\" data-element_type=\"widget\" data-widget_type=\"spacer.default\">\n\t\t\t\t<div class=\"elementor-widget-container\">\n\t\t\t\t\t<div class=\"elementor-spacer\">\n\t\t\t<div class=\"elementor-spacer-inner\"><\/div>\n\t\t<\/div>\n\t\t\t\t<\/div>\n\t\t\t\t<\/div>\n\t\t\t\t<div class=\"elementor-element elementor-element-5b36491 elementor-widget elementor-widget-heading\" data-id=\"5b36491\" data-element_type=\"widget\" data-widget_type=\"heading.default\">\n\t\t\t\t<div class=\"elementor-widget-container\">\n\t\t\t<span id=\"elementor-toc__heading-anchor-7\" class=\"elementor-menu-anchor \"><\/span><h4 class=\"elementor-heading-title elementor-size-default\">\u00c9LECTIONS PROFESSIONNELLES : LE SNALC DOIT TRANSFORMER L\u2019ESSAI<\/h4>\t\t<\/div>\n\t\t\t\t<\/div>\n\t\t\t\t<div class=\"elementor-element elementor-element-fbe5d69 elementor-widget elementor-widget-image\" data-id=\"fbe5d69\" data-element_type=\"widget\" data-widget_type=\"image.default\">\n\t\t\t\t<div class=\"elementor-widget-container\">\n\t\t\t\t\t\t\t\t\t\t\t\t<figure class=\"wp-caption\">\n\t\t\t\t\t\t\t\t\t\t<img loading=\"lazy\" decoding=\"async\" src=\"https:\/\/snalc.fr\/wp-content\/uploads\/rugby_istock_Pict-Rider_1175282275.jpg\" class=\"attachment-large size-large\" alt=\"\" loading=\"lazy\" srcset=\"https:\/\/snalc.fr\/wp-content\/uploads\/rugby_istock_Pict-Rider_1175282275.jpg 899w, https:\/\/snalc.fr\/wp-content\/uploads\/rugby_istock_Pict-Rider_1175282275-300x172.jpg 300w, https:\/\/snalc.fr\/wp-content\/uploads\/rugby_istock_Pict-Rider_1175282275-768x441.jpg 768w\" sizes=\"auto, (max-width: 800px) 100vw, 800px\" width=\"800\" height=\"459\">\t\t\t\t\t\t\t\t\t\t\t<figcaption class=\"widget-image-caption wp-caption-text\">istock_Pict-Rider_1175282275<\/figcaption>\n\t\t\t\t\t\t\t\t\t\t<\/figure>\n\t\t\t\t\t\t\t\t\t<\/div>\n\t\t\t\t<\/div>\n\t\t\t\t<div class=\"elementor-element elementor-element-3e02930 elementor-widget elementor-widget-text-editor\" data-id=\"3e02930\" data-element_type=\"widget\" data-widget_type=\"text-editor.default\">\n\t\t\t\t<div class=\"elementor-widget-container\">\n\t\t\t\t\t\t\t<p>Nous remercions chaleureusement tous les contractuels AESH, AED, enseignants, administratifs\u2026 qui, malgr\u00e9 les probl\u00e8mes techniques, ont vot\u00e9 et fait voter SNALC lors des \u00e9lections pro\u00adfessionnelles de d\u00e9cembre 2022.<\/p><p>En lui accordant massivement votre confiance, vous avez permis au SNALC de progresser en pourcentage ainsi qu\u2019en nombre de voix, et d\u2019\u00eatre plus fort que jamais.<\/p><p>Le SNALC renforce sa repr\u00e9sentativit\u00e9 dans les instances, dont le Comit\u00e9 minist\u00e9\u00adriel, charg\u00e9es de d\u00e9fendre les int\u00e9r\u00eats col\u00adlectifs de tous les personnels, mais \u00e9gale\u00adment dans les Commissions Consultatives Paritaires (CCP), en charge de la d\u00e9fense des int\u00e9r\u00eats individuels des personnels contractuels (1).<\/p><p>Ainsi, pendant 4 ans, au-del\u00e0 de vous apporter une aide individuelle pour le res\u00adpect de vos droits, dans toutes les discus\u00adsions et n\u00e9gociations, le SNALC luttera pour obtenir de nouvelles avanc\u00e9es pour les contractuels, en commen\u00e7ant par un rattrapage salarial pour tous, la fin de la pr\u00e9carit\u00e9, d\u2019une gestion administrative mal\u00adtraitante, des PIAL et d\u2019une \u00e9cole inclusive au rabais.<\/p><p>Les repr\u00e9sentants SNALC dans les CCP et diff\u00e9rents groupes de travail vous d\u00e9fen\u00addront en portant vos revendications et en r\u00e9pondant \u00e0 vos attentes avec d\u00e9termina\u00adtion et conviction.<\/p><p>Lorsque le SNALC, syndicat ind\u00e9pendant, professionnel et proche du terrain dit qu\u2019il d\u00e9fend tous les contractuels, il le fait !<\/p><p>Par ailleurs, le SNALC continuera \u00e0 se battre pour que l\u2019administration n\u2019agisse plus dans l\u2019opacit\u00e9, et que les services des rectorats, DSDEN\u2026 acceptent de recevoir les repr\u00e9sentants SNALC autant de fois que n\u00e9cessaires. Ainsi, \u00e0 Cr\u00e9teil par exemple, le SNALC est contraint de lutter pour rencontrer la nouvelle cheffe de la DPE en charge des contractuels ensei\u00adgnants.<\/p><p>Enfin, les CCP doivent cesser de ne si\u00e9\u00adger qu\u2019\u00e0 l\u2019occasion de proc\u00e9dures disci\u00adplinaires. Les d\u00e9cisions de non-renouvel\u00adlement, de CDIsation, de licenciement, de non-revalorisation et d\u2019affectation, entre autres, doivent \u00eatre prises en toute trans\u00adparence.<\/p><p>En plus de l\u2019honneur qui lui est fait, le SNALC mesure la responsabilit\u00e9 qui lui incombe \u00e0 transformer votre soutien en am\u00e9liorations significatives de vos condi\u00adtions d\u2019emploi et de travail sous ce nou\u00adveau mandat.<\/p><p>&nbsp;<\/p><p><em>(1) Arr\u00eat\u00e9 du 27 juin 2011 : <a href=\"https:\/\/www.legifrance.gouv.fr\/loda\/id\/JORFTEXT000024463617\">https:\/\/www.legifrance.gouv.fr\/loda\/id\/JORFTEXT000024463617<\/a>\n","protected":false},"excerpt":{"rendered":"<p>\u00a9 istock_RomoloTavani-477569935 Dossier du mois de la revue du SNALC Quinzaine universitaire n\u00b01473 du 27 janvier 2023. Dossier coordonn\u00e9 par Danielle ARNAUD, secr\u00e9taire nationale charg\u00e9e des personnels contractuels ; avec [&hellip;]<\/p>\n","protected":false},"author":1,"featured_media":0,"comment_status":"closed","ping_status":"closed","sticky":false,"template":"","format":"standard","meta":{"_lmt_disableupdate":"","_lmt_disable":"","site-sidebar-layout":"default","site-content-layout":"","ast-site-content-layout":"default","site-content-style":"default","site-sidebar-style":"default","ast-global-header-display":"","ast-banner-title-visibility":"","ast-main-header-display":"","ast-hfb-above-header-display":"","ast-hfb-below-header-display":"","ast-hfb-mobile-header-display":"","site-post-title":"","ast-breadcrumbs-content":"","ast-featured-img":"","footer-sml-layout":"","ast-disable-related-posts":"","theme-transparent-header-meta":"","adv-header-id-meta":"","stick-header-meta":"","header-above-stick-meta":"","header-main-stick-meta":"","header-below-stick-meta":"","astra-migrate-meta-layouts":"default","ast-page-background-enabled":"default","ast-page-background-meta":{"desktop":{"background-color":"var(--ast-global-color-4)","background-image":"","background-repeat":"repeat","background-position":"center center","background-size":"auto","background-attachment":"scroll","background-type":"","background-media":"","overlay-type":"","overlay-color":"","overlay-opacity":"","overlay-gradient":""},"tablet":{"background-color":"","background-image":"","background-repeat":"repeat","background-position":"center center","background-size":"auto","background-attachment":"scroll","background-type":"","background-media":"","overlay-type":"","overlay-color":"","overlay-opacity":"","overlay-gradient":""},"mobile":{"background-color":"","background-image":"","background-repeat":"repeat","background-position":"center center","background-size":"auto","background-attachment":"scroll","background-type":"","background-media":"","overlay-type":"","overlay-color":"","overlay-opacity":"","overlay-gradient":""}},"ast-content-background-meta":{"desktop":{"background-color":"var(--ast-global-color-5)","background-image":"","background-repeat":"repeat","background-position":"center center","background-size":"auto","background-attachment":"scroll","background-type":"","background-media":"","overlay-type":"","overlay-color":"","overlay-opacity":"","overlay-gradient":""},"tablet":{"background-color":"var(--ast-global-color-5)","background-image":"","background-repeat":"repeat","background-position":"center center","background-size":"auto","background-attachment":"scroll","background-type":"","background-media":"","overlay-type":"","overlay-color":"","overlay-opacity":"","overlay-gradient":""},"mobile":{"background-color":"var(--ast-global-color-5)","background-image":"","background-repeat":"repeat","background-position":"center center","background-size":"auto","background-attachment":"scroll","background-type":"","background-media":"","overlay-type":"","overlay-color":"","overlay-opacity":"","overlay-gradient":""}},"footnotes":""},"categories":[31,14,13,15],"tags":[],"class_list":["post-936","post","type-post","status-publish","format-standard","hentry","category-actualites-2022-2023","category-aed-cpe-vie-scolaire","category-aesh","category-contractuels"],"modified_by":"slecourtier","_links":{"self":[{"href":"https:\/\/snalc.org\/snalc2023\/index.php?rest_route=\/wp\/v2\/posts\/936","targetHints":{"allow":["GET"]}}],"collection":[{"href":"https:\/\/snalc.org\/snalc2023\/index.php?rest_route=\/wp\/v2\/posts"}],"about":[{"href":"https:\/\/snalc.org\/snalc2023\/index.php?rest_route=\/wp\/v2\/types\/post"}],"author":[{"embeddable":true,"href":"https:\/\/snalc.org\/snalc2023\/index.php?rest_route=\/wp\/v2\/users\/1"}],"replies":[{"embeddable":true,"href":"https:\/\/snalc.org\/snalc2023\/index.php?rest_route=%2Fwp%2Fv2%2Fcomments&post=936"}],"version-history":[{"count":1,"href":"https:\/\/snalc.org\/snalc2023\/index.php?rest_route=\/wp\/v2\/posts\/936\/revisions"}],"predecessor-version":[{"id":937,"href":"https:\/\/snalc.org\/snalc2023\/index.php?rest_route=\/wp\/v2\/posts\/936\/revisions\/937"}],"wp:attachment":[{"href":"https:\/\/snalc.org\/snalc2023\/index.php?rest_route=%2Fwp%2Fv2%2Fmedia&parent=936"}],"wp:term":[{"taxonomy":"category","embeddable":true,"href":"https:\/\/snalc.org\/snalc2023\/index.php?rest_route=%2Fwp%2Fv2%2Fcategories&post=936"},{"taxonomy":"post_tag","embeddable":true,"href":"https:\/\/snalc.org\/snalc2023\/index.php?rest_route=%2Fwp%2Fv2%2Ftags&post=936"}],"curies":[{"name":"wp","href":"https:\/\/api.w.org\/{rel}","templated":true}]}}