{"id":955,"date":"2023-01-30T15:01:06","date_gmt":"2023-01-30T14:01:06","guid":{"rendered":"https:\/\/snalc.org\/snalc2023\/?p=955"},"modified":"2023-01-30T15:01:08","modified_gmt":"2023-01-30T14:01:08","slug":"liberation-salaires-des-enseignants-le-compte-ny-est-toujours-pas-selon-les-syndicats","status":"publish","type":"post","link":"https:\/\/snalc.org\/snalc2023\/?p=955","title":{"rendered":"Lib\u00e9ration \u2013 Salaires des enseignants : le compte n\u2019y est toujours pas, selon les syndicats !"},"content":{"rendered":"\n<img loading=\"lazy\" decoding=\"async\" src=\"https:\/\/snalc.fr\/wp-content\/uploads\/bandeau_liberation.jpg\" class=\"attachment-full size-full\" alt=\"\" loading=\"lazy\" srcset=\"https:\/\/snalc.fr\/wp-content\/uploads\/bandeau_liberation.jpg 879w, https:\/\/snalc.fr\/wp-content\/uploads\/bandeau_liberation-300x81.jpg 300w, https:\/\/snalc.fr\/wp-content\/uploads\/bandeau_liberation-768x207.jpg 768w\" sizes=\"auto, (max-width: 879px) 100vw, 879px\" width=\"879\" height=\"237\">\t\t\t\t\t\t\t\t\t\t\t<figcaption class=\"widget-image-caption wp-caption-text\"><\/figcaption>\n\t\t\t\t\t\t\t\t\t\t<\/figure>\n\t\t\t\t\t\t\t\t\t<\/div>\n\t\t\t\t<\/div>\n\t\t\t\t<div class=\"elementor-element elementor-element-2987e2d0 elementor-widget elementor-widget-theme-post-content\" data-id=\"2987e2d0\" data-element_type=\"widget\" data-widget_type=\"theme-post-content.default\">\n\t\t\t\t<div class=\"elementor-widget-container\">\n\t\t\t\t\t<div data-elementor-type=\"wp-post\" data-elementor-id=\"23942\" class=\"elementor elementor-23942\">\n\t\t\t\t\t\t\t\t\t<section class=\"elementor-section elementor-top-section elementor-element elementor-element-ca4b51d elementor-section-boxed elementor-section-height-default elementor-section-height-default\" data-id=\"ca4b51d\" data-element_type=\"section\">\n\t\t\t\t\t\t<div class=\"elementor-container elementor-column-gap-default\">\n\t\t\t\t\t<div class=\"elementor-column elementor-col-100 elementor-top-column elementor-element elementor-element-d3aca86\" data-id=\"d3aca86\" data-element_type=\"column\">\n\t\t\t<div class=\"elementor-widget-wrap elementor-element-populated\">\n\t\t\t\t\t\t\t\t<div class=\"elementor-element elementor-element-f660c34 elementor-widget elementor-widget-spacer\" data-id=\"f660c34\" data-element_type=\"widget\" data-widget_type=\"spacer.default\">\n\t\t\t\t<div class=\"elementor-widget-container\">\n\t\t\t\t\t<div class=\"elementor-spacer\">\n\t\t\t<div class=\"elementor-spacer-inner\"><\/div>\n\t\t<\/div>\n\t\t\t\t<\/div>\n\t\t\t\t<\/div>\n\t\t\t\t<div class=\"elementor-element elementor-element-d4c9c68 elementor-widget elementor-widget-testimonial\" data-id=\"d4c9c68\" data-element_type=\"widget\" data-widget_type=\"testimonial.default\">\n\t\t\t\t<div class=\"elementor-widget-container\">\n\t\t\t\t\t<div class=\"elementor-testimonial-wrapper\">\n\t\t\t\t\t\t\t<div class=\"elementor-testimonial-content\">\u00ab Le gouvernement n\u2019avait pas assez d\u2019argent dans l\u2019enveloppe. Donc pour arriver \u00e0 cette moyenne, il inclut en r\u00e9alit\u00e9 d\u2019autres mesures qui ont d\u00e9j\u00e0 \u00e9t\u00e9 prises comme la prime d\u2019attractivit\u00e9 de Blanquer et la prime informatique de 150 euros&nbsp;\u00bb<\/div>\n\t\t\t\n\t\t\t\t\t\t<div class=\"elementor-testimonial-meta elementor-has-image elementor-testimonial-image-position-aside\">\n\t\t\t\t<div class=\"elementor-testimonial-meta-inner\">\n\t\t\t\t\t\t\t\t\t\t\t<div class=\"elementor-testimonial-image\">\n\t\t\t\t\t\t\t<img loading=\"lazy\" decoding=\"async\" src=\"https:\/\/snalc.fr\/wp-content\/uploads\/JRG4X3.jpg\" class=\"attachment-full size-full\" alt=\"\" loading=\"lazy\" width=\"1159\" height=\"738\">\t\t\t\t\t\t<\/div>\n\t\t\t\t\t\n\t\t\t\t\t\t\t\t\t\t<div class=\"elementor-testimonial-details\">\n\t\t\t\t\t\t\t\t\t\t\t\t\t\t<div class=\"elementor-testimonial-name\">Jean-R\u00e9mi Girard<\/div>\n\t\t\t\t\t\t\t\t\t\t\t\t\t\t\t\t\t\t\t\t\t\t<div class=\"elementor-testimonial-job\">Pr\u00e9sident du SNALC<\/div>\n\t\t\t\t\t\t\t\t\t\t\t\t\t<\/div>\n\t\t\t\t\t\t\t\t\t<\/div>\n\t\t\t<\/div>\n\t\t\t\t\t<\/div>\n\t\t\t\t<\/div>\n\t\t\t\t<\/div>\n\t\t\t\t<div class=\"elementor-element elementor-element-abd8a7c elementor-widget elementor-widget-spacer\" data-id=\"abd8a7c\" data-element_type=\"widget\" data-widget_type=\"spacer.default\">\n\t\t\t\t<div class=\"elementor-widget-container\">\n\t\t\t\t\t<div class=\"elementor-spacer\">\n\t\t\t<div class=\"elementor-spacer-inner\"><\/div>\n\t\t<\/div>\n\t\t\t\t<\/div>\n\t\t\t\t<\/div>\n\t\t\t\t<div class=\"elementor-element elementor-element-0e1f81a elementor-widget elementor-widget-text-editor\" data-id=\"0e1f81a\" data-element_type=\"widget\" data-widget_type=\"text-editor.default\">\n\t\t\t\t<div class=\"elementor-widget-container\">\n\t\t\t\t\t\t\t<p><b>\u00c0 l\u2019occasion de la discussion autour de la revalorisation des salaires, Lib\u00e9ration interroge le SNALC.<\/b><\/p><p>Jean-R\u00e9mi Girard, pr\u00e9sident du SNALC,&nbsp; r\u00e9pond aux questions dans <a href=\"https:\/\/www.liberation.fr\/societe\/education\/salaires-des-enseignants-le-compte-ny-est-toujours-pas-selon-les-syndicats-20230125_3WIAHUGFLBATLMWS2LVA3S2N7E\/\">Lib\u00e9ration<\/a>&nbsp;le 25 janvier 2022<\/p>\t\t\t\t\t\t<\/div>\n\t\t\t\t<\/div>\n\t\t\t\t<div class=\"elementor-element elementor-element-a602fff elementor-widget elementor-widget-spacer\" data-id=\"a602fff\" data-element_type=\"widget\" data-widget_type=\"spacer.default\">\n\t\t\t\t<div class=\"elementor-widget-container\">\n\t\t\t\t\t<div class=\"elementor-spacer\">\n\t\t\t<div class=\"elementor-spacer-inner\"><\/div>\n\t\t<\/div>\n\t\t\t\t<\/div>\n\t\t\t\t<\/div>\n\t\t\t\t\t<\/div>\n\t\t<\/div>\n\t\t\t\t\t\t\t<\/div>\n\t\t<\/section>\n\t\t\t\t<section class=\"elementor-section elementor-top-section elementor-element elementor-element-b033f05 elementor-section-boxed elementor-section-height-default elementor-section-height-default\" data-id=\"b033f05\" data-element_type=\"section\">\n\t\t\t\t\t\t<div class=\"elementor-container elementor-column-gap-default\">\n\t\t\t\t\t<div class=\"elementor-column elementor-col-100 elementor-top-column elementor-element elementor-element-30c23b5\" data-id=\"30c23b5\" data-element_type=\"column\">\n\t\t\t<div class=\"elementor-widget-wrap elementor-element-populated\">\n\t\t\t\t\t\t\t\t<div class=\"elementor-element elementor-element-d82742b elementor-widget elementor-widget-text-editor\" data-id=\"d82742b\" data-element_type=\"widget\" data-widget_type=\"text-editor.default\">\n\t\t\t\t<div class=\"elementor-widget-container\">\n\t\t\t\t\t\t\t<p>Les 10% d\u2019augmentation en moyenne ne concerneront pas tous les professeurs, comme le confirment les deux sc\u00e9narios pr\u00e9sent\u00e9s mardi aux syndicats par le minist\u00e8re de l\u2019\u00c9ducation nationale.<\/p><p>Pap Ndiaye avait promis un \u00abchoc d\u2019attractivit\u00e9\u00bb pour le m\u00e9tier d\u2019enseignant. Les hypoth\u00e8ses de travail du minist\u00e8re de l\u2019\u00c9ducation nationale, sur la revalorisation \u00abinconditionnelle\u00bb des enseignants, \u00e0 partir de septembre 2023, ont \u00e9t\u00e9 pr\u00e9sent\u00e9es mardi aux syndicats. Et elles se concentrent effectivement sur le premier tiers de carri\u00e8re pour attirer des candidats dans le m\u00e9tier.<\/p><p>L\u2019enveloppe \u00e9tait connue, elle contient 635 millions d\u2019euros pour les quatre derniers mois de 2023, soit 1,9 milliard en ann\u00e9e pleine. Cet argent est cens\u00e9 \u00eatre d\u00e9di\u00e9 \u00e0 une augmentation de l\u2019ordre de 10% des salaires \u00abpour tous les enseignants\u00bb, comme l\u2019avait promis Macron, mais \u00e0 laquelle le gouvernement accole depuis des mots volontairement impr\u00e9cis : \u00abenviron\u00bb, \u00aben moyenne\u00bb. Effectivement, selon le document de travail consult\u00e9 par Lib\u00e9ration, cette augmentation n\u2019est pas la m\u00eame pour tous, elle sera d\u00e9gressive, et les personnels en fin de carri\u00e8re sont m\u00eame mis de c\u00f4t\u00e9 dans l\u2019une des options envisag\u00e9es.<\/p><p>Deux hypoth\u00e8ses de travail sont sur la table. Sc\u00e9nario A : une augmentation de salaires pour les enseignants jusqu\u2019\u00e0 vingt-six ans de carri\u00e8re, soit 70% des titulaires selon le document du minist\u00e8re. Les professeurs en fin de carri\u00e8re ne seront donc pas augment\u00e9s. Sc\u00e9nario B, tous les enseignants, peu importe leur anciennet\u00e9, verront leur salaire augmenter, mais dans une moindre mesure. \u00abDes hauteurs indignes du d\u00e9classement salarial de nos professions pour bon nombre de nos coll\u00e8gues\u00bb, juge dans un communiqu\u00e9 le Snes-FSU, principal syndicat du secondaire.<\/p><p>Dans les deux options envisag\u00e9es, les \u00e9volutions sont les m\u00eames dans les six premi\u00e8res ann\u00e9es de carri\u00e8re. Emmanuel Macron avait promis 2 000 euros net mensuels pour les enseignants en d\u00e9but de carri\u00e8re, mais ce ne sera pas tout \u00e0 fait le cas. Lors de leur premi\u00e8re ann\u00e9e d\u2019enseignement, les professeurs stagiaires seront augment\u00e9s de 164 euros net, soit un salaire de 1 822 euros net par mois. Les n\u00e9otitulaires (un \u00e0 deux ans d\u2019anciennet\u00e9) passeront en revanche bien \u00e0 2 079 euros net par mois, soit une augmentation de 153 euros.<\/p><p>Dans les deux sc\u00e9narios, ce sont les professeurs entre six et onze ans et demi d\u2019anciennet\u00e9 qui seront les plus augment\u00e9s, avec 281 euros (option A) ou 292 euros de plus (option B), soit 2 300 net par mois. Mais ensuite, les hausses seront moindres. Entre dix-huit et vingt-deux ans d\u2019anciennet\u00e9, les profs ne gagneront que 85 \u00e0 114 euros de plus, et ceux ayant vingt-deux ans de carri\u00e8re seulement 36 euros de plus (option A) \u00e0 78 euros de plus dans le deuxi\u00e8me sc\u00e9nario. Les contractuels seront aussi concern\u00e9s par ces augmentations, avec en 133 euros brut (le calcul n\u2019est pas fait en net) par mois pour tous.<\/p><p>\u00abTous ceux qui ont plus de vingt ans d\u2019anciennet\u00e9 sont laiss\u00e9s pour compte alors qu\u2019ils subissent aussi l\u2019inflation, ont perdu en pouvoir d\u2019achat et ne trouvent toujours aucune trace de reconnaissance\u00bb, regrette St\u00e9phane Crochet, du SE-Unsa (syndicat minoritaire). Pour les fins de carri\u00e8re, le minist\u00e8re r\u00e9fl\u00e9chit toujours \u00e0 l\u2019id\u00e9e de faciliter les passages dans les deux grades qui permettent de mieux gagner sa vie apr\u00e8s plusieurs ann\u00e9es d\u2019exp\u00e9rience. Il s\u2019agit de la \u00abhors-classe\u00bb, accessible \u00e0 partir de vingt-cinq ans d\u2019exp\u00e9rience, et de la \u00abclasse exceptionnelle\u00bb (le dernier grade r\u00e9serv\u00e9 \u00e0 seulement 10% des enseignants).<\/p><p>En lisant le document de travail, les syndicats ont vite relev\u00e9 l\u2019entourloupe autour du mode de calcul du minist\u00e8re pour parvenir \u00e0 une augmentation moyenne de 10% pour les enseignants. \u00abLe gouvernement n\u2019avait pas assez d\u2019argent dans l\u2019enveloppe. Donc pour arriver \u00e0 cette moyenne, il inclut en r\u00e9alit\u00e9 d\u2019autres mesures qui ont d\u00e9j\u00e0 \u00e9t\u00e9 prises comme la prime d\u2019attractivit\u00e9 de Blanquer et la prime informatique de 150 euros\u00bb, rel\u00e8ve Jean-R\u00e9mi Girard, pr\u00e9sident du Syndicat national des lyc\u00e9es et des coll\u00e8ges (SNALC). Le d\u00e9gel du point d\u2019indice de tous les fonctionnaires, revaloris\u00e9 de 3,5% en juillet dernier est aussi inclus dans le calcul. \u00abC\u2019est scandaleux. Non seulement nous ne sommes pas tous augment\u00e9s de 10%, mais cette augmentation est en r\u00e9alit\u00e9 liss\u00e9e dans le temps, depuis 2020\u00bb, ajoute Jean-R\u00e9mi Girard.<\/p><p>Les syndicats attendent avec impatience la r\u00e9union, d\u00e9but f\u00e9vrier, sur le deuxi\u00e8me levier de r\u00e9mun\u00e9ration pr\u00e9vu par le gouvernement. Il s\u2019agit de celui li\u00e9 au fameux \u00abpacte\u00bb, qui pr\u00e9voit d\u2019augmenter les profs acceptant de nouvelles missions dans leur agenda d\u00e9j\u00e0 bien charg\u00e9.<\/p>\t\t\t\t\t\t<\/div>\n\t\t\t\t<\/div>\n\t\t\t\t<div class=\"elementor-element elementor-element-1ed6b98 elementor-widget elementor-widget-testimonial\" data-id=\"1ed6b98\" data-element_type=\"widget\" data-widget_type=\"testimonial.default\">\n\t\t\t\t<div class=\"elementor-widget-container\">\n\t\t\t\t\t<div class=\"elementor-testimonial-wrapper\">\n\t\t\t\t\t\t\t<div class=\"elementor-testimonial-content\">\u00ab C\u2019est scandaleux. Non seulement nous ne sommes pas tous augment\u00e9s de 10%, mais cette augmentation est en r\u00e9alit\u00e9 liss\u00e9e dans le temps, depuis 2020 \u00bb<\/div>\n\t\t\t\n\t\t\t\t\t\t<div class=\"elementor-testimonial-meta elementor-has-image elementor-testimonial-image-position-aside\">\n\t\t\t\t<div class=\"elementor-testimonial-meta-inner\">\n\t\t\t\t\t\t\t\t\t\t\t<div class=\"elementor-testimonial-image\">\n\t\t\t\t\t\t\t<img loading=\"lazy\" decoding=\"async\" src=\"https:\/\/snalc.fr\/wp-content\/uploads\/JRG4X3.jpg\" class=\"attachment-full size-full\" alt=\"\" loading=\"lazy\" width=\"1159\" height=\"738\">\t\t\t\t\t\t<\/div>\n\t\t\t\t\t\n\t\t\t\t\t\t\t\t\t\t<div class=\"elementor-testimonial-details\">\n\t\t\t\t\t\t\t\t\t\t\t\t\t\t<div class=\"elementor-testimonial-name\">Jean-R\u00e9mi Girard<\/div>\n\t\t\t\t\t\t\t\t\t\t\t\t\t\t\t\t\t\t\t\t\t\t<div class=\"elementor-testimonial-job\">Pr\u00e9sident du SNALC<\/div>\n","protected":false},"excerpt":{"rendered":"<p>\u00ab Le gouvernement n\u2019avait pas assez d\u2019argent dans l\u2019enveloppe. Donc pour arriver \u00e0 cette moyenne, il inclut en r\u00e9alit\u00e9 d\u2019autres mesures qui ont d\u00e9j\u00e0 \u00e9t\u00e9 prises comme la prime d\u2019attractivit\u00e9 [&hellip;]<\/p>\n","protected":false},"author":1,"featured_media":0,"comment_status":"closed","ping_status":"closed","sticky":false,"template":"","format":"standard","meta":{"_lmt_disableupdate":"","_lmt_disable":"","site-sidebar-layout":"default","site-content-layout":"","ast-site-content-layout":"default","site-content-style":"default","site-sidebar-style":"default","ast-global-header-display":"","ast-banner-title-visibility":"","ast-main-header-display":"","ast-hfb-above-header-display":"","ast-hfb-below-header-display":"","ast-hfb-mobile-header-display":"","site-post-title":"","ast-breadcrumbs-content":"","ast-featured-img":"","footer-sml-layout":"","ast-disable-related-posts":"","theme-transparent-header-meta":"","adv-header-id-meta":"","stick-header-meta":"","header-above-stick-meta":"","header-main-stick-meta":"","header-below-stick-meta":"","astra-migrate-meta-layouts":"default","ast-page-background-enabled":"default","ast-page-background-meta":{"desktop":{"background-color":"var(--ast-global-color-4)","background-image":"","background-repeat":"repeat","background-position":"center center","background-size":"auto","background-attachment":"scroll","background-type":"","background-media":"","overlay-type":"","overlay-color":"","overlay-opacity":"","overlay-gradient":""},"tablet":{"background-color":"","background-image":"","background-repeat":"repeat","background-position":"center center","background-size":"auto","background-attachment":"scroll","background-type":"","background-media":"","overlay-type":"","overlay-color":"","overlay-opacity":"","overlay-gradient":""},"mobile":{"background-color":"","background-image":"","background-repeat":"repeat","background-position":"center center","background-size":"auto","background-attachment":"scroll","background-type":"","background-media":"","overlay-type":"","overlay-color":"","overlay-opacity":"","overlay-gradient":""}},"ast-content-background-meta":{"desktop":{"background-color":"var(--ast-global-color-5)","background-image":"","background-repeat":"repeat","background-position":"center center","background-size":"auto","background-attachment":"scroll","background-type":"","background-media":"","overlay-type":"","overlay-color":"","overlay-opacity":"","overlay-gradient":""},"tablet":{"background-color":"var(--ast-global-color-5)","background-image":"","background-repeat":"repeat","background-position":"center center","background-size":"auto","background-attachment":"scroll","background-type":"","background-media":"","overlay-type":"","overlay-color":"","overlay-opacity":"","overlay-gradient":""},"mobile":{"background-color":"var(--ast-global-color-5)","background-image":"","background-repeat":"repeat","background-position":"center center","background-size":"auto","background-attachment":"scroll","background-type":"","background-media":"","overlay-type":"","overlay-color":"","overlay-opacity":"","overlay-gradient":""}},"footnotes":""},"categories":[31],"tags":[],"class_list":["post-955","post","type-post","status-publish","format-standard","hentry","category-actualites-2022-2023"],"modified_by":"slecourtier","_links":{"self":[{"href":"https:\/\/snalc.org\/snalc2023\/index.php?rest_route=\/wp\/v2\/posts\/955","targetHints":{"allow":["GET"]}}],"collection":[{"href":"https:\/\/snalc.org\/snalc2023\/index.php?rest_route=\/wp\/v2\/posts"}],"about":[{"href":"https:\/\/snalc.org\/snalc2023\/index.php?rest_route=\/wp\/v2\/types\/post"}],"author":[{"embeddable":true,"href":"https:\/\/snalc.org\/snalc2023\/index.php?rest_route=\/wp\/v2\/users\/1"}],"replies":[{"embeddable":true,"href":"https:\/\/snalc.org\/snalc2023\/index.php?rest_route=%2Fwp%2Fv2%2Fcomments&post=955"}],"version-history":[{"count":1,"href":"https:\/\/snalc.org\/snalc2023\/index.php?rest_route=\/wp\/v2\/posts\/955\/revisions"}],"predecessor-version":[{"id":956,"href":"https:\/\/snalc.org\/snalc2023\/index.php?rest_route=\/wp\/v2\/posts\/955\/revisions\/956"}],"wp:attachment":[{"href":"https:\/\/snalc.org\/snalc2023\/index.php?rest_route=%2Fwp%2Fv2%2Fmedia&parent=955"}],"wp:term":[{"taxonomy":"category","embeddable":true,"href":"https:\/\/snalc.org\/snalc2023\/index.php?rest_route=%2Fwp%2Fv2%2Fcategories&post=955"},{"taxonomy":"post_tag","embeddable":true,"href":"https:\/\/snalc.org\/snalc2023\/index.php?rest_route=%2Fwp%2Fv2%2Ftags&post=955"}],"curies":[{"name":"wp","href":"https:\/\/api.w.org\/{rel}","templated":true}]}}