{"id":959,"date":"2023-01-31T20:18:57","date_gmt":"2023-01-31T19:18:57","guid":{"rendered":"https:\/\/snalc.org\/snalc2023\/?p=959"},"modified":"2023-01-31T20:19:00","modified_gmt":"2023-01-31T19:19:00","slug":"le-mepris-de-la-deputee-claire-guichard-envers-les-aesh-plus-jamais-ca","status":"publish","type":"post","link":"https:\/\/snalc.org\/snalc2023\/?p=959","title":{"rendered":"Le m\u00e9pris de la d\u00e9put\u00e9e, Claire GUICHARD, envers les AESH : plus jamais \u00e7a !"},"content":{"rendered":"\n\t\t\t\t<\/span>\n\t\t\t\t\t<\/span>\n\t\t\t\t\t\t\t\t<\/li>\n\t\t\t\t<\/ul>\n\t\t\t\t<\/div>\n\t\t\t\t<\/div>\n\t\t\t\t<div class=\"elementor-element elementor-element-57213923 elementor-widget elementor-widget-theme-post-featured-image elementor-widget-image\" data-id=\"57213923\" data-element_type=\"widget\" data-widget_type=\"theme-post-featured-image.default\">\n\t\t\t\t<div class=\"elementor-widget-container\">\n\t\t\t\t\t\t\t\t\t\t\t\t<figure class=\"wp-caption\">\n\t\t\t\t\t\t\t\t\t\t<img loading=\"lazy\" decoding=\"async\" src=\"https:\/\/snalc.fr\/wp-content\/uploads\/stop_istock_Khosrork-1392624257.jpg\" class=\"attachment-full size-full\" alt=\"\" loading=\"lazy\" srcset=\"https:\/\/snalc.fr\/wp-content\/uploads\/stop_istock_Khosrork-1392624257.jpg 762w, https:\/\/snalc.fr\/wp-content\/uploads\/stop_istock_Khosrork-1392624257-300x204.jpg 300w\" sizes=\"auto, (max-width: 762px) 100vw, 762px\" width=\"762\" height=\"518\">\t\t\t\t\t\t\t\t\t\t\t<figcaption class=\"widget-image-caption wp-caption-text\">\u00a9 istock_Khosrork-1392624257<\/figcaption>\n\t\t\t\t\t\t\t\t\t\t<\/figure>\n\t\t\t\t\t\t\t\t\t<\/div>\n\t\t\t\t<\/div>\n\t\t\t\t<div class=\"elementor-element elementor-element-2987e2d0 elementor-widget elementor-widget-theme-post-content\" data-id=\"2987e2d0\" data-element_type=\"widget\" data-widget_type=\"theme-post-content.default\">\n\t\t\t\t<div class=\"elementor-widget-container\">\n\t\t\t\t\t<div data-elementor-type=\"wp-post\" data-elementor-id=\"23966\" class=\"elementor elementor-23966\">\n\t\t\t\t\t\t\t\t\t<section class=\"elementor-section elementor-top-section elementor-element elementor-element-5f23c17 elementor-section-boxed elementor-section-height-default elementor-section-height-default\" data-id=\"5f23c17\" data-element_type=\"section\">\n\t\t\t\t\t\t<div class=\"elementor-container elementor-column-gap-default\">\n\t\t\t\t\t<div class=\"elementor-column elementor-col-100 elementor-top-column elementor-element elementor-element-dd7e5a2\" data-id=\"dd7e5a2\" data-element_type=\"column\">\n\t\t\t<div class=\"elementor-widget-wrap elementor-element-populated\">\n\t\t\t\t\t\t\t\t<div class=\"elementor-element elementor-element-3ecddbd elementor-widget elementor-widget-text-editor\" data-id=\"3ecddbd\" data-element_type=\"widget\" data-widget_type=\"text-editor.default\">\n\t\t\t\t<div class=\"elementor-widget-container\">\n\t\t\t\t\t\t\t<p><strong>Le SNALC condamne avec la plus grande fermet\u00e9 les <a href=\"https:\/\/www.youtube.com\/watch?v=Ks1Ny-ejB04\">propos tenus<\/a> vendredi 27 janvier \u00e0 l\u2019Assembl\u00e9e nationale par la d\u00e9put\u00e9e, Claire GUICHARD, du groupe Renaissance. Le SNALC s\u2019insurge contre ses propos&nbsp; odieux, m\u00e9prisants, mensongers et r\u00e9voltants&nbsp;!<\/strong><\/p><p>Nous vous livrons ci-dessous le courriel adress\u00e9 par une AESH \u00e0 Madame Claire GUICHARD, et nous invitons toutes et tous les AESH \u00e0 en faire de m\u00eame&nbsp;: <a href=\"mailto:claire.guichard@assemblee-nationale.fr\">claire.guichard@assemblee-nationale.fr<\/a><\/p><p>Vous pouvez \u00e9galement envoyer votre message aux personnes suivantes :<\/p><ul><li>Le <a href=\"https:\/\/www.education.gouv.fr\/contactez-nous-41633\/category\/ecrire-au-ministre\">ministre de l\u2019Education nationale<\/a><\/li><li>La <a href=\"https:\/\/www.gouvernement.fr\/contact\/ecrire-au-premier-ministre\">premi\u00e8re ministre<\/a><\/li><li>Le <a href=\"https:\/\/www.elysee.fr\/ecrire-au-president-de-la-republique\/\">pr\u00e9sident de la R\u00e9publique<\/a><\/li><\/ul><p>&nbsp;<\/p><p>Enfin, n\u2019h\u00e9sitez pas \u00e0 nous en transmettre une copie&nbsp;: <a href=\"mailto:aesh-avs@snalc.fr\">aesh-avs@snalc.fr<\/a><\/p><p>Le SNALC saura faire bon usage de tous vos \u00e9crits dans le combat qu\u2019il m\u00e8ne depuis tant d\u2019ann\u00e9es \u00e0 vos c\u00f4t\u00e9s pour la professionnalisation des AESH&nbsp;: Un statut de fonctionnaire, un vrai salaire et l\u2019abandon des PIAL&nbsp;!<\/p><p>&nbsp;<\/p><hr><p><strong>R\u00e9ponse d\u2019une AESH aux propos immondes de Claire GUICHARD, d\u00e9put\u00e9e&nbsp;:<\/strong><\/p><p style=\"padding-left: 40px;\">&nbsp;<\/p><p style=\"padding-left: 40px;\"><em>\u00ab&nbsp;Bonjour Madame la D\u00e9put\u00e9e,<\/em><\/p><p style=\"padding-left: 40px;\"><em>&nbsp;<\/em><em>Je suis AESH depuis 2007. <\/em><\/p><p style=\"padding-left: 40px;\"><em>J\u2019ai un BAC +3. <\/em><\/p><p style=\"padding-left: 40px;\"><em>Je parle fran\u00e7ais et je suis n\u00e9e en France (en r\u00e9f\u00e9rence aux propos tenus par le ministre de l\u2019\u00c9ducation Nationale <sup>(1)<\/sup>).<\/em><\/p><p style=\"padding-left: 40px;\"><em>Depuis plusieurs ann\u00e9es, j\u2019accompagne des \u00e9l\u00e8ves en lyc\u00e9e pro et donc je travaille le mercredi.<\/em><\/p><p style=\"padding-left: 40px;\"><em>Je gagne un peu moins que le SMIC.<\/em><\/p><p style=\"padding-left: 40px;\"><em>La grille indiciaire actuelle permet aux AESH pendant les 9 premi\u00e8res ann\u00e9es d\u2019obtenir environ 8\u20ac d\u2019augmentation. Connaissez-vous beaucoup de salari\u00e9s b\u00e9n\u00e9ficiant d\u2019une telle visibilit\u00e9 et progression salariale&nbsp;?<\/em><\/p><p style=\"padding-left: 40px;\"><em>Avec le PIAL, il est difficile de s\u2019engager dans un autre travail car notre emploi du temps peut changer \u00e0 tout moment.<\/em><\/p><p style=\"padding-left: 40px;\"><em>&nbsp;<\/em><em>Je suis des formations sur le temps des vacances scolaires.<\/em><\/p><p style=\"padding-left: 40px;\"><em>Les AESH sont pay\u00e9es sur 41 semaines.<\/em><\/p><p style=\"padding-left: 40px;\"><em>Ils sont affect\u00e9s sur plusieurs \u00e9tablissements et peuvent suivre plusieurs \u00e9l\u00e8ves \u00e2g\u00e9s de 3 \u00e0 20 ans avec tout type de handicap et sur des niveaux allant de la maternelle au BAC. Adaptations, polyvalence et professionnalisme sont les ma\u00eetres mots de notre m\u00e9tier.<\/em><\/p><p style=\"padding-left: 40px;\"><em>&nbsp;<\/em><em>Au vu de telles conditions de travail, quelle andouille je suis&nbsp;!!! &nbsp;Pour ne pas dire un autre mot. Je reste correcte pour ne pas rajouter l\u2019\u00e9tiquette \u00ab&nbsp;grossi\u00e8re&nbsp;\u00bb \u00e0 toutes celles que vous et le ministre vous nous &nbsp;affublez.<\/em><\/p><p style=\"padding-left: 40px;\"><em>Alors me direz-vous c\u2019est votre choix. Assumez. Alors j\u2019assume&nbsp;!<\/em><\/p><p style=\"padding-left: 40px;\"><em>&nbsp;<\/em><em>Oui c\u2019est mon choix d\u2019exercer un m\u00e9tier que j\u2019aime profond\u00e9ment.<\/em><\/p><p style=\"padding-left: 40px;\"><em>Oui c\u2019est mon choix de me sentir utile aupr\u00e8s des enfants qui en ont le plus besoin.<\/em><\/p><p style=\"padding-left: 40px;\"><em>Oui c\u2019est mon choix de travailler en milieu scolaire. Non pas pour les vacances comme vous l\u2019insinuez en g\u00e9n\u00e9ralisant cette pens\u00e9e \u00e0 toutes les AESH mais parce que j\u2019estime que l\u2019\u00e9cole est sacr\u00e9e. Elle est un passeport pour l\u2019avenir. S\u2019y sentir bien, y \u00eatre int\u00e9gr\u00e9, y \u00eatre reconnu, y \u00eatre consid\u00e9r\u00e9, y \u00eatre valoris\u00e9, tout cela est primordial pour tous ces enfants qui souffrent de leur handicap et je suis fi\u00e8re de contribuer \u00e0 leur r\u00e9ussite. <\/em><\/p><p style=\"padding-left: 40px;\"><em>Oui c\u2019est mon choix car je participe \u00e0 une meilleure acceptation du handicap dans la soci\u00e9t\u00e9 et cela commence par l\u2019\u00e9cole.<\/em><\/p><p style=\"padding-left: 40px;\"><em>&nbsp;<\/em><em>D\u2019autres AESH font des choix diff\u00e9rents, celui de ne pas renouveler leur contrat, celui de d\u00e9missionner et ce malgr\u00e9 les VACANCES SCOLAIRES ET LES MERCREDIS&nbsp;!!! <\/em><\/p><p style=\"padding-left: 40px;\"><em>La cons\u00e9quence de ces conditions de travail \u00ab&nbsp;paradisiaques&nbsp;\u00bb est le manque cruel d\u2019AESH privant ainsi des centaines d\u2019\u00e9l\u00e8ves d\u2019accompagnement. Des actions en justice sont men\u00e9es r\u00e9guli\u00e8rement par les parents pour que l\u2019\u00c9ducation Nationale fasse son travail. <\/em><\/p><p style=\"padding-left: 40px;\"><em>D\u00e9cid\u00e9ment ces AESH quoiqu\u2019elles fassent auront toujours tort.<\/em><\/p><p style=\"padding-left: 40px;\"><em>&nbsp;<\/em><em>En tant qu\u2019\u00e9lue de la R\u00e9publique, vous devriez reconna\u00eetre l\u2019utilit\u00e9 de notre profession malgr\u00e9 ses conditions d\u2019exercice et ne pas faire de tels raccourcis, et ce par ignorance sur ce sujet. Conna\u00eetre quelques mamans qui font cela pour s\u2019occuper ne permet pas de g\u00e9n\u00e9raliser une situation. Pour rappel, nous sommes environ 130&nbsp;000 AESH et accompagnons plus de 400&nbsp;000 \u00e9l\u00e8ves.<\/em><\/p><p style=\"padding-left: 40px;\"><em>En tant qu\u2019\u00e9lue de la R\u00e9publique, vous devriez \u00eatre choqu\u00e9e d\u2019un tel traitement \u00e0 notre \u00e9gard.<\/em><\/p><p style=\"padding-left: 40px;\"><em>En tant qu\u2019\u00e9lue de la R\u00e9publique, vous devriez vous demander comment am\u00e9liorer l\u2019\u00e9cole qui se d\u00e9grade \u00e0 une vitesse grand V. Je suis inqui\u00e8te pour l\u2019avenir car les jeunes sont l\u2019avenir d\u2019un pays. <\/em><\/p><p style=\"padding-left: 40px;\"><em>&nbsp;<\/em><em>Lorsque le Pr\u00e9sident dit&nbsp;\u00ab&nbsp;On croise dans les gares les gens qui ont tout et ceux qui ne sont rien&nbsp;\u00bb cela n\u2019est pas \u00e9tonnant que ses supporters dont vous faites partie font part d\u2019un tel m\u00e9pris vis-\u00e0-vis des gens modestes financi\u00e8rement.<\/em><\/p><p style=\"padding-left: 40px;\"><em>Certes, je ne suis certainement pas aussi riche que vous mais je suis riche de nombreux regards d\u2019enfants que j\u2019ai crois\u00e9s, que j\u2019ai aid\u00e9s et avec qui j\u2019ai gard\u00e9 des contacts et que je vois devenir autonomes. Je suis fi\u00e8re d\u2019y avoir particip\u00e9.<\/em><\/p><p style=\"padding-left: 40px;\"><em>&nbsp;<\/em><em>Vos excuses, personne n\u2019y croit. Les AESH sont choqu\u00e9s et les parents de ces enfants le sont certainement.<\/em><\/p><p style=\"padding-left: 40px;\"><em>&nbsp;<\/em><em>Vous avez choisi d\u2019\u00eatre m\u00e9prisante \u00e0 notre \u00e9gard alors assumez votre choix&nbsp;!!<\/em><\/p><p style=\"padding-left: 40px; text-align: left;\"><em>&nbsp;<\/em><em>Annie, AESH<\/em>&nbsp;\u00bb<\/p><p style=\"padding-left: 40px;\">&nbsp;<\/p><hr><ol><li>NDLR&nbsp;: <a href=\"https:\/\/snalc.fr\/titularisation-des-aesh-le-ministre-derape\/\">https:\/\/snalc.fr\/titularisation-des-aesh-le-ministre-derape<\/a>\n","protected":false},"excerpt":{"rendered":"<p>\u00a9 istock_Khosrork-1392624257 Le SNALC condamne avec la plus grande fermet\u00e9 les propos tenus vendredi 27 janvier \u00e0 l\u2019Assembl\u00e9e nationale par la d\u00e9put\u00e9e, Claire GUICHARD, du groupe Renaissance. Le SNALC s\u2019insurge [&hellip;]<\/p>\n","protected":false},"author":1,"featured_media":0,"comment_status":"closed","ping_status":"closed","sticky":false,"template":"","format":"standard","meta":{"_lmt_disableupdate":"","_lmt_disable":"","site-sidebar-layout":"default","site-content-layout":"","ast-site-content-layout":"default","site-content-style":"default","site-sidebar-style":"default","ast-global-header-display":"","ast-banner-title-visibility":"","ast-main-header-display":"","ast-hfb-above-header-display":"","ast-hfb-below-header-display":"","ast-hfb-mobile-header-display":"","site-post-title":"","ast-breadcrumbs-content":"","ast-featured-img":"","footer-sml-layout":"","ast-disable-related-posts":"","theme-transparent-header-meta":"","adv-header-id-meta":"","stick-header-meta":"","header-above-stick-meta":"","header-main-stick-meta":"","header-below-stick-meta":"","astra-migrate-meta-layouts":"default","ast-page-background-enabled":"default","ast-page-background-meta":{"desktop":{"background-color":"var(--ast-global-color-4)","background-image":"","background-repeat":"repeat","background-position":"center center","background-size":"auto","background-attachment":"scroll","background-type":"","background-media":"","overlay-type":"","overlay-color":"","overlay-opacity":"","overlay-gradient":""},"tablet":{"background-color":"","background-image":"","background-repeat":"repeat","background-position":"center center","background-size":"auto","background-attachment":"scroll","background-type":"","background-media":"","overlay-type":"","overlay-color":"","overlay-opacity":"","overlay-gradient":""},"mobile":{"background-color":"","background-image":"","background-repeat":"repeat","background-position":"center center","background-size":"auto","background-attachment":"scroll","background-type":"","background-media":"","overlay-type":"","overlay-color":"","overlay-opacity":"","overlay-gradient":""}},"ast-content-background-meta":{"desktop":{"background-color":"var(--ast-global-color-5)","background-image":"","background-repeat":"repeat","background-position":"center center","background-size":"auto","background-attachment":"scroll","background-type":"","background-media":"","overlay-type":"","overlay-color":"","overlay-opacity":"","overlay-gradient":""},"tablet":{"background-color":"var(--ast-global-color-5)","background-image":"","background-repeat":"repeat","background-position":"center center","background-size":"auto","background-attachment":"scroll","background-type":"","background-media":"","overlay-type":"","overlay-color":"","overlay-opacity":"","overlay-gradient":""},"mobile":{"background-color":"var(--ast-global-color-5)","background-image":"","background-repeat":"repeat","background-position":"center center","background-size":"auto","background-attachment":"scroll","background-type":"","background-media":"","overlay-type":"","overlay-color":"","overlay-opacity":"","overlay-gradient":""}},"footnotes":""},"categories":[31,13],"tags":[],"class_list":["post-959","post","type-post","status-publish","format-standard","hentry","category-actualites-2022-2023","category-aesh"],"modified_by":"slecourtier","_links":{"self":[{"href":"https:\/\/snalc.org\/snalc2023\/index.php?rest_route=\/wp\/v2\/posts\/959","targetHints":{"allow":["GET"]}}],"collection":[{"href":"https:\/\/snalc.org\/snalc2023\/index.php?rest_route=\/wp\/v2\/posts"}],"about":[{"href":"https:\/\/snalc.org\/snalc2023\/index.php?rest_route=\/wp\/v2\/types\/post"}],"author":[{"embeddable":true,"href":"https:\/\/snalc.org\/snalc2023\/index.php?rest_route=\/wp\/v2\/users\/1"}],"replies":[{"embeddable":true,"href":"https:\/\/snalc.org\/snalc2023\/index.php?rest_route=%2Fwp%2Fv2%2Fcomments&post=959"}],"version-history":[{"count":1,"href":"https:\/\/snalc.org\/snalc2023\/index.php?rest_route=\/wp\/v2\/posts\/959\/revisions"}],"predecessor-version":[{"id":960,"href":"https:\/\/snalc.org\/snalc2023\/index.php?rest_route=\/wp\/v2\/posts\/959\/revisions\/960"}],"wp:attachment":[{"href":"https:\/\/snalc.org\/snalc2023\/index.php?rest_route=%2Fwp%2Fv2%2Fmedia&parent=959"}],"wp:term":[{"taxonomy":"category","embeddable":true,"href":"https:\/\/snalc.org\/snalc2023\/index.php?rest_route=%2Fwp%2Fv2%2Fcategories&post=959"},{"taxonomy":"post_tag","embeddable":true,"href":"https:\/\/snalc.org\/snalc2023\/index.php?rest_route=%2Fwp%2Fv2%2Ftags&post=959"}],"curies":[{"name":"wp","href":"https:\/\/api.w.org\/{rel}","templated":true}]}}