{"id":990,"date":"2023-03-06T09:29:00","date_gmt":"2023-03-06T08:29:00","guid":{"rendered":"https:\/\/snalc.org\/snalc2023\/?p=990"},"modified":"2023-03-07T16:08:26","modified_gmt":"2023-03-07T15:08:26","slug":"congres-academique-snalc-aix-marseille-le-11-mai-2023","status":"publish","type":"post","link":"https:\/\/snalc.org\/snalc2023\/?p=990","title":{"rendered":"Congr\u00e9s acad\u00e9mique Snalc Aix Marseille le 11 mai 2023"},"content":{"rendered":"\n<p>Cher(e) coll\u00e8gue,<\/p>\n\n\n\n<p class=\"has-ast-global-color-0-color has-text-color\">Comme chaque ann\u00e9e, le <strong>SNALC<\/strong> organise au printemps son congr\u00e8s acad\u00e9mique. La date, compte tenu des diff\u00e9rentes contraintes, notamment les conseils de classes du second trimestre et le congr\u00e8s national que nous devons obligatoirement pr\u00e9c\u00e9der, a \u00e9t\u00e9 fix\u00e9e au<\/p>\n\n\n\n<p class=\"has-text-align-center\"><strong>Jeudi 11 Mai 2023<\/strong><\/p>\n\n\n\n<p class=\"has-text-align-center\">H\u00f4tel Novotel<\/p>\n\n\n\n<p class=\"has-text-align-center\"><strong>Aix-en-Provence Pont de l&rsquo;Arc Fenouill\u00e8res<\/strong><\/p>\n\n\n\n<p class=\"has-text-align-center\"><strong>AIX-EN-PROVENCE<\/strong><\/p>\n\n\n\n<p>Il rev\u00eat cette ann\u00e9e un caract\u00e8re particulier, il s\u2019agit en effet d\u2019un congr\u00e8s d\u2019\u00e9lections puisque le Bureau acad\u00e9mique doit \u00eatre renouvel\u00e9. Le Bureau nouvellement \u00e9lu participera aux \u00e9lections du Bureau national lors du congr\u00e8s national de la fin du mois de mai prochain.<\/p>\n\n\n\n<p>Vous trouverez ci-dessous tous les d\u00e9tails concernant les \u00e9lections.<\/p>\n\n\n\n<p>Nous avons obtenu un franc succ\u00e8s aux \u00e9lections professionnelles de d\u00e9cembre dernier, avec vous, gr\u00e2ce \u00e0 nous tous. Alors pour que vive et prosp\u00e8re d\u00e9mocratiquement notre syndicat, nous comptons sur votre pr\u00e9sence.<\/p>\n\n\n\n<p>Dany COURTE<\/p>\n\n\n\n<p>Pr\u00e9sidente Acad\u00e9mique du SNALC Aix Marseille,<\/p>\n\n\n\n<p class=\"has-vivid-red-color has-text-color\"><strong>Inscription Obligatoire:<\/strong><\/p>\n\n\n\n<div class=\"wp-block-contact-form-7-contact-form-selector\">\n<div class=\"wpcf7 no-js\" id=\"wpcf7-f985-o1\" lang=\"fr-FR\" dir=\"ltr\" data-wpcf7-id=\"985\">\n<div class=\"screen-reader-response\"><p role=\"status\" aria-live=\"polite\" aria-atomic=\"true\"><\/p> <ul><\/ul><\/div>\n<form action=\"\/snalc2023\/index.php?rest_route=%2Fwp%2Fv2%2Fposts%2F990#wpcf7-f985-o1\" method=\"post\" class=\"wpcf7-form init\" aria-label=\"Formulaire de contact\" novalidate=\"novalidate\" data-status=\"init\">\n<fieldset class=\"hidden-fields-container\"><input type=\"hidden\" name=\"_wpcf7\" value=\"985\" \/><input type=\"hidden\" name=\"_wpcf7_version\" value=\"6.1.5\" \/><input type=\"hidden\" name=\"_wpcf7_locale\" value=\"fr_FR\" \/><input type=\"hidden\" name=\"_wpcf7_unit_tag\" value=\"wpcf7-f985-o1\" \/><input type=\"hidden\" name=\"_wpcf7_container_post\" value=\"0\" \/><input type=\"hidden\" name=\"_wpcf7_posted_data_hash\" value=\"\" \/>\n<\/fieldset>\n<p>Identit\u00e9:\n<\/p>\n<p><span class=\"wpcf7-form-control-wrap\" data-name=\"civilite\"><span class=\"wpcf7-form-control wpcf7-checkbox wpcf7-validates-as-required wpcf7-exclusive-checkbox\"><span class=\"wpcf7-list-item first\"><label><input type=\"checkbox\" name=\"civilite\" value=\"Madame\" \/><span class=\"wpcf7-list-item-label\">Madame<\/span><\/label><\/span><span class=\"wpcf7-list-item last\"><label><input type=\"checkbox\" name=\"civilite\" value=\"Monsieur\" \/><span class=\"wpcf7-list-item-label\">Monsieur<\/span><\/label><\/span><\/span><\/span>\n<\/p>\n<p><label> Votre nom<br \/>\n<span class=\"wpcf7-form-control-wrap\" data-name=\"your-name\"><input size=\"40\" maxlength=\"400\" class=\"wpcf7-form-control wpcf7-text wpcf7-validates-as-required\" autocomplete=\"name\" aria-required=\"true\" aria-invalid=\"false\" value=\"\" type=\"text\" name=\"your-name\" \/><\/span> <\/label>\n<\/p>\n<p><label> Votre prenom<br \/>\n<span class=\"wpcf7-form-control-wrap\" data-name=\"your-prenom\"><input size=\"40\" maxlength=\"400\" class=\"wpcf7-form-control wpcf7-text wpcf7-validates-as-required\" autocomplete=\"prenom\" aria-required=\"true\" aria-invalid=\"false\" value=\"\" type=\"text\" name=\"your-prenom\" \/><\/span> <\/label>\n<\/p>\n<p><label> Votre e-mail<br \/>\n<span class=\"wpcf7-form-control-wrap\" data-name=\"your-email\"><input size=\"40\" maxlength=\"400\" class=\"wpcf7-form-control wpcf7-email wpcf7-validates-as-required wpcf7-text wpcf7-validates-as-email\" autocomplete=\"email\" aria-required=\"true\" aria-invalid=\"false\" value=\"\" type=\"email\" name=\"your-email\" \/><\/span> <\/label>\n<\/p>\n<p><label> Votre telephone<br \/>\n<span class=\"wpcf7-form-control-wrap\" data-name=\"telephone\"><input size=\"40\" maxlength=\"400\" class=\"wpcf7-form-control wpcf7-tel wpcf7-validates-as-required wpcf7-text wpcf7-validates-as-tel\" aria-required=\"true\" aria-invalid=\"false\" value=\"\" type=\"tel\" name=\"telephone\" \/><\/span> <\/label>\n<\/p>\n<p>Adh\u00e9rent SNALC:<br \/>\n<span class=\"wpcf7-form-control-wrap\" data-name=\"adhrentSNALC\"><span class=\"wpcf7-form-control wpcf7-checkbox wpcf7-validates-as-required wpcf7-exclusive-checkbox\"><span class=\"wpcf7-list-item first\"><label><input type=\"checkbox\" name=\"adhrentSNALC\" value=\"oui\" \/><span class=\"wpcf7-list-item-label\">oui<\/span><\/label><\/span><span class=\"wpcf7-list-item last\"><label><input type=\"checkbox\" name=\"adhrentSNALC\" value=\"non\" \/><span class=\"wpcf7-list-item-label\">non<\/span><\/label><\/span><\/span><\/span>\n<\/p>\n<p>Situation professionnelle:\n<\/p>\n<p>Votre statut:<br \/>\n<span class=\"wpcf7-form-control-wrap\" data-name=\"statut\"><select class=\"wpcf7-form-control wpcf7-select wpcf7-validates-as-required\" aria-required=\"true\" aria-invalid=\"false\" name=\"statut\"><option value=\"PE\">PE<\/option><option value=\"Certifi\u00e9\">Certifi\u00e9<\/option><option value=\"Agr\u00e9g\u00e9\">Agr\u00e9g\u00e9<\/option><option value=\"PLP\">PLP<\/option><option value=\"PEPS\">PEPS<\/option><option value=\"PsyEn\">PsyEn<\/option><option value=\"CPE\">CPE<\/option><option value=\"AESH\">AESH<\/option><option value=\"AED\">AED<\/option><option value=\"PERDIR\">PERDIR<\/option><option value=\"ATSS\">ATSS<\/option><\/select><\/span>\n<\/p>\n<p>Poste actuel:<br \/>\n<span class=\"wpcf7-form-control-wrap\" data-name=\"poste\"><select class=\"wpcf7-form-control wpcf7-select wpcf7-validates-as-required\" aria-required=\"true\" aria-invalid=\"false\" name=\"poste\"><option value=\"Fixe\">Fixe<\/option><option value=\"TZR\">TZR<\/option><option value=\"ATP\">ATP<\/option><option value=\"Disponibilit\u00e9\">Disponibilit\u00e9<\/option><\/select><\/span>\n<\/p>\n<p>Prendra le repas:<br \/>\n<span class=\"wpcf7-form-control-wrap\" data-name=\"repas\"><span class=\"wpcf7-form-control wpcf7-checkbox wpcf7-validates-as-required wpcf7-exclusive-checkbox\"><span class=\"wpcf7-list-item first\"><label><input type=\"checkbox\" name=\"repas\" value=\"oui\" \/><span class=\"wpcf7-list-item-label\">oui<\/span><\/label><\/span><span class=\"wpcf7-list-item last\"><label><input type=\"checkbox\" name=\"repas\" value=\"non\" \/><span class=\"wpcf7-list-item-label\">non<\/span><\/label><\/span><\/span><\/span>\n<\/p>\n<p>Besoin d'une convocation\u202f?<br \/>\n<span class=\"wpcf7-form-control-wrap\" data-name=\"convoq\"><span class=\"wpcf7-form-control wpcf7-checkbox wpcf7-validates-as-required wpcf7-exclusive-checkbox\"><span class=\"wpcf7-list-item first\"><label><input type=\"checkbox\" name=\"convoq\" value=\"oui\" \/><span class=\"wpcf7-list-item-label\">oui<\/span><\/label><\/span><span class=\"wpcf7-list-item last\"><label><input type=\"checkbox\" name=\"convoq\" value=\"non\" \/><span class=\"wpcf7-list-item-label\">non<\/span><\/label><\/span><\/span><\/span>\n<\/p>\n<p>Besoin d'une attestation de pr\u00e9sence ?<br \/>\n<span class=\"wpcf7-form-control-wrap\" data-name=\"presence\"><span class=\"wpcf7-form-control wpcf7-checkbox wpcf7-validates-as-required wpcf7-exclusive-checkbox\"><span class=\"wpcf7-list-item first\"><label><input type=\"checkbox\" name=\"presence\" value=\"oui\" \/><span class=\"wpcf7-list-item-label\">oui<\/span><\/label><\/span><span class=\"wpcf7-list-item last\"><label><input type=\"checkbox\" name=\"presence\" value=\"non\" \/><span class=\"wpcf7-list-item-label\">non<\/span><\/label><\/span><\/span><\/span>\n<\/p>\n<p><input class=\"wpcf7-form-control wpcf7-submit has-spinner\" type=\"submit\" value=\"Envoyer\" \/>\n<\/p><p style=\"display: none !important;\" class=\"akismet-fields-container\" data-prefix=\"_wpcf7_ak_\"><label>&#916;<textarea name=\"_wpcf7_ak_hp_textarea\" cols=\"45\" rows=\"8\" maxlength=\"100\"><\/textarea><\/label><input type=\"hidden\" id=\"ak_js_1\" name=\"_wpcf7_ak_js\" value=\"216\"\/><script>\ndocument.getElementById( \"ak_js_1\" ).setAttribute( \"value\", ( new Date() ).getTime() );\n<\/script>\n<\/p><input type='hidden' class='wpcf7-pum' value='{\"closepopup\":false,\"closedelay\":0,\"openpopup\":false,\"openpopup_id\":0}' \/><div class=\"wpcf7-response-output\" aria-hidden=\"true\"><\/div>\n<\/form>\n<\/div>\n<\/div>\n\n\n\n<figure class=\"wp-block-table\"><table><tbody><tr><td><strong>PROGRAMME<\/strong><\/td><\/tr><\/tbody><\/table><\/figure>\n\n\n\n<figure class=\"wp-block-table\"><table><tbody><tr><td><strong>8h\u00a030\u00a0:\u00a0\u00a0\u00a0<\/strong>Accueil des congressistes<br><strong>9h 00\u00a0:<\/strong>   Ouverture du congr\u00e8s par Dany COURTE, Pr\u00e9sidente acad\u00e9mique<br><strong>9h 20\u00a0:\u00a0\u00a0 <\/strong>Bilan financier par Laurent MARCONCINI, Tr\u00e9sorier acad\u00e9mique<br><strong>9h 30\u00a0:\u00a0\u00a0 <\/strong>Election du Bureau\u00a0(liste des postes \u00e0 pourvoir ci-dessous)<br><strong>10h\u00a0\u00a0\u00a0\u00a0:\u00a0\u00a0\u00a0<\/strong>Intervention du Pr\u00e9sident national, Jean-R\u00e9mi GIRARD<br><strong>12h\u00a0\u00a0\u00a0\u00a0:\u00a0\u00a0\u00a0<\/strong>D\u00e9jeuner (s&rsquo;inscrire via le formulaire)<br><strong>14h\u00a0\u00a0\u00a0\u00a0:<\/strong>   Actualit\u00e9 syndicale avec les interventions de\u00a0Jean-R\u00e9mi GIRARD, Marie-H\u00e9l\u00e8ne PIQUEMAL,\u00a0Vice-Pr\u00e9sidente nationale,\u00a0Danielle ARNAUD, Secr\u00e9taire nationale charg\u00e9e des contractuels et AESH, Jean-Pierre GAVRILOVICH,\u00a0membre du Bureau national. Participation\u00a0des \u00e9lus acad\u00e9miques.<br><strong>17h\u00a0\u00a0\u00a0\u00a0:\u00a0\u00a0 <\/strong>Cl\u00f4ture du congr\u00e8s par le\/la Pr\u00e9sident(e) acad\u00e9mique nouvellement \u00e9lu(e)<\/td><\/tr><\/tbody><\/table><\/figure>\n\n\n\n<figure class=\"wp-block-table\"><table><tbody><tr><td><strong>ELECTION du BUREAU ACADEMIQUE<\/strong><\/td><\/tr><\/tbody><\/table><\/figure>\n\n\n\n<figure class=\"wp-block-table\"><table><tbody><tr><td>Le Bureau acad\u00e9mique du SNALC est \u00e9lu pour 4 ans.<br>Chaque adh\u00e9rent \u00e0 jour de cotisation est \u00e9lecteur et \u00e9ligible. <br>Les candidatures sont individuelles et doivent \u00eatre adress\u00e9es par courrier \u00e9lectronique \u00e0 <a href=\"mailto:dany.courte@snalc.org\" data-type=\"mailto\" data-id=\"mailto:dany.courte@snalc.org\">dany.courte@snalc.org<\/a> ou par voie postale avec accus\u00e9 de r\u00e9ception&nbsp;\u00e0 la pr\u00e9sidente acad\u00e9mique en exercice, Dany COURTE \u00ab&nbsp;Les Princes d\u2019Orange&nbsp;\u00bb B\u00e2t. B&nbsp;&nbsp; 25 Avenue Lamartine&nbsp;&nbsp; 06600 ANTIBES, pour <strong>le jeudi 4 mai 2023 dernier delai.<\/strong><br><br>Postes \u00e0 pourvoir au bureau acad\u00e9mique:<br>&#8211; Un pr\u00e9sident acad\u00e9mique<br>&#8211; Un secr\u00e9taire acad\u00e9mique <br>&#8211; Un tr\u00e9sorier acad\u00e9mique<br>Le bureau acad\u00e9mique, en plus&nbsp;des \u00e9lus certifi\u00e9s, PLP, agr\u00e9g\u00e9s&nbsp;et professeurs des \u00e9coles peut s\u2019adjoindre d\u2019autres membres:<br>&#8211; D\u00e9l\u00e9gu\u00e9 aupr\u00e8s du rectorat.<br>&#8211; Un conseiller technique \u00e0 l\u2019E.P.S.<br>&#8211;&nbsp;Un conseiller technique aux enseignements professionnels et technologiques.<br>&#8211; Un conseiller technique aux AED et aux A.E.S.H.<br>&#8211; Un conseiller technique du 1er degr\u00e9.<\/td><\/tr><\/tbody><\/table><\/figure>\n","protected":false},"excerpt":{"rendered":"<p>Cher(e) coll\u00e8gue, Comme chaque ann\u00e9e, le SNALC organise au printemps son congr\u00e8s acad\u00e9mique. La date, compte tenu des diff\u00e9rentes contraintes, notamment les conseils de classes du second trimestre et le [&hellip;]<\/p>\n","protected":false},"author":1,"featured_media":0,"comment_status":"closed","ping_status":"closed","sticky":false,"template":"","format":"standard","meta":{"_lmt_disableupdate":"no","_lmt_disable":"","site-sidebar-layout":"default","site-content-layout":"","ast-site-content-layout":"default","site-content-style":"default","site-sidebar-style":"default","ast-global-header-display":"","ast-banner-title-visibility":"","ast-main-header-display":"","ast-hfb-above-header-display":"","ast-hfb-below-header-display":"","ast-hfb-mobile-header-display":"","site-post-title":"","ast-breadcrumbs-content":"","ast-featured-img":"","footer-sml-layout":"","ast-disable-related-posts":"","theme-transparent-header-meta":"","adv-header-id-meta":"","stick-header-meta":"","header-above-stick-meta":"","header-main-stick-meta":"","header-below-stick-meta":"","astra-migrate-meta-layouts":"default","ast-page-background-enabled":"default","ast-page-background-meta":{"desktop":{"background-color":"var(--ast-global-color-4)","background-image":"","background-repeat":"repeat","background-position":"center center","background-size":"auto","background-attachment":"scroll","background-type":"","background-media":"","overlay-type":"","overlay-color":"","overlay-opacity":"","overlay-gradient":""},"tablet":{"background-color":"","background-image":"","background-repeat":"repeat","background-position":"center center","background-size":"auto","background-attachment":"scroll","background-type":"","background-media":"","overlay-type":"","overlay-color":"","overlay-opacity":"","overlay-gradient":""},"mobile":{"background-color":"","background-image":"","background-repeat":"repeat","background-position":"center center","background-size":"auto","background-attachment":"scroll","background-type":"","background-media":"","overlay-type":"","overlay-color":"","overlay-opacity":"","overlay-gradient":""}},"ast-content-background-meta":{"desktop":{"background-color":"var(--ast-global-color-5)","background-image":"","background-repeat":"repeat","background-position":"center center","background-size":"auto","background-attachment":"scroll","background-type":"","background-media":"","overlay-type":"","overlay-color":"","overlay-opacity":"","overlay-gradient":""},"tablet":{"background-color":"var(--ast-global-color-5)","background-image":"","background-repeat":"repeat","background-position":"center center","background-size":"auto","background-attachment":"scroll","background-type":"","background-media":"","overlay-type":"","overlay-color":"","overlay-opacity":"","overlay-gradient":""},"mobile":{"background-color":"var(--ast-global-color-5)","background-image":"","background-repeat":"repeat","background-position":"center center","background-size":"auto","background-attachment":"scroll","background-type":"","background-media":"","overlay-type":"","overlay-color":"","overlay-opacity":"","overlay-gradient":""}},"footnotes":""},"categories":[31,17],"tags":[],"class_list":["post-990","post","type-post","status-publish","format-standard","hentry","category-actualites-2022-2023","category-s3-aix-marseille"],"modified_by":"slecourtier","_links":{"self":[{"href":"https:\/\/snalc.org\/snalc2023\/index.php?rest_route=\/wp\/v2\/posts\/990","targetHints":{"allow":["GET"]}}],"collection":[{"href":"https:\/\/snalc.org\/snalc2023\/index.php?rest_route=\/wp\/v2\/posts"}],"about":[{"href":"https:\/\/snalc.org\/snalc2023\/index.php?rest_route=\/wp\/v2\/types\/post"}],"author":[{"embeddable":true,"href":"https:\/\/snalc.org\/snalc2023\/index.php?rest_route=\/wp\/v2\/users\/1"}],"replies":[{"embeddable":true,"href":"https:\/\/snalc.org\/snalc2023\/index.php?rest_route=%2Fwp%2Fv2%2Fcomments&post=990"}],"version-history":[{"count":8,"href":"https:\/\/snalc.org\/snalc2023\/index.php?rest_route=\/wp\/v2\/posts\/990\/revisions"}],"predecessor-version":[{"id":1197,"href":"https:\/\/snalc.org\/snalc2023\/index.php?rest_route=\/wp\/v2\/posts\/990\/revisions\/1197"}],"wp:attachment":[{"href":"https:\/\/snalc.org\/snalc2023\/index.php?rest_route=%2Fwp%2Fv2%2Fmedia&parent=990"}],"wp:term":[{"taxonomy":"category","embeddable":true,"href":"https:\/\/snalc.org\/snalc2023\/index.php?rest_route=%2Fwp%2Fv2%2Fcategories&post=990"},{"taxonomy":"post_tag","embeddable":true,"href":"https:\/\/snalc.org\/snalc2023\/index.php?rest_route=%2Fwp%2Fv2%2Ftags&post=990"}],"curies":[{"name":"wp","href":"https:\/\/api.w.org\/{rel}","templated":true}]}}